{"id":1698,"date":"2016-11-29T11:11:58","date_gmt":"2016-11-29T15:11:58","guid":{"rendered":"http:\/\/www.emater.ro.gov.br\/ematerro\/?p=1698"},"modified":"2016-12-01T08:21:01","modified_gmt":"2016-12-01T12:21:01","slug":"espigao-realiza-seminario-rural-para-produtores-de-leite","status":"publish","type":"post","link":"http:\/\/www.emater.ro.gov.br\/ematerro\/2016\/11\/29\/espigao-realiza-seminario-rural-para-produtores-de-leite\/","title":{"rendered":"Espig\u00e3o realiza semin\u00e1rio rural para produtores de leite"},"content":{"rendered":"<p>Nos dias 25 a 27 de novembro os produtores de leite de Espig\u00e3o do Oeste puderam participar de um grande evento, onde foram apresentadas tecnologias e\u00a0 oportunidades para a pecu\u00e1ria leiteira, foi o III Semin\u00e1rio Rural do munic\u00edpio que teve a participa\u00e7\u00e3o de palestrantes locais e de Minas Gerais, al\u00e9m de \u00f3rg\u00e3os de peso na organiza\u00e7\u00e3o e realiza\u00e7\u00e3o, \u00a0como Embrapa, Sebrae, Emater, Ifro, Banco da Amaz\u00f4nia e Associa\u00e7\u00e3o dos criadores de Girolando e diversos outros parceiros.<\/p>\n<p><img decoding=\"async\" loading=\"lazy\" class=\"aligncenter wp-image-1695 size-full\" src=\"http:\/\/www.emater.ro.gov.br\/ematerro\/wp-content\/uploads\/2016\/11\/Palestra.jpg\" alt=\"Palestra\" width=\"1040\" height=\"585\" srcset=\"http:\/\/www.emater.ro.gov.br\/ematerro\/wp-content\/uploads\/2016\/11\/Palestra.jpg 1040w, http:\/\/www.emater.ro.gov.br\/ematerro\/wp-content\/uploads\/2016\/11\/Palestra-300x169.jpg 300w, http:\/\/www.emater.ro.gov.br\/ematerro\/wp-content\/uploads\/2016\/11\/Palestra-768x432.jpg 768w, http:\/\/www.emater.ro.gov.br\/ematerro\/wp-content\/uploads\/2016\/11\/Palestra-1024x576.jpg 1024w\" sizes=\"(max-width: 1040px) 100vw, 1040px\" \/><br \/>\nEntre os temas relevantes abordados durante o Semin\u00e1rio, destacamos: manejo de pastagem, irriga\u00e7\u00e3o, desafios da pecu\u00e1ria de leite \u00e0 pasto, sanidade do rebanho, reprodu\u00e7\u00e3o,\u00a0 aplica\u00e7\u00e3o de cr\u00e9dito rural e qualidade de leite, as palestras foram realizadas de forma\u00a0 participativa, facilitando a intera\u00e7\u00e3o audit\u00f3rio palestrante, metodologia que permitiu aos produtores a elucida\u00e7\u00e3o de suas duvidas, perguntando diretamente aos palestrantes. \u00a0 \u00a0 \u00a0 \u00a0 \u00a0 \u00a0 \u00a0 \u00a0<img decoding=\"async\" loading=\"lazy\" class=\"alignright wp-image-1701\" src=\"http:\/\/www.emater.ro.gov.br\/ematerro\/wp-content\/uploads\/2016\/11\/unnamed-3-300x169.jpg\" alt=\"unnamed (3)\" width=\"300\" height=\"169\" srcset=\"http:\/\/www.emater.ro.gov.br\/ematerro\/wp-content\/uploads\/2016\/11\/unnamed-3-300x169.jpg 300w, http:\/\/www.emater.ro.gov.br\/ematerro\/wp-content\/uploads\/2016\/11\/unnamed-3-768x432.jpg 768w, http:\/\/www.emater.ro.gov.br\/ematerro\/wp-content\/uploads\/2016\/11\/unnamed-3.jpg 914w\" sizes=\"(max-width: 300px) 100vw, 300px\" \/><\/p>\n<p>Um dos palestrantes convidados, vindo de Minas Gerais, apresentou no semin\u00e1rio o aplicativo para celular (smartfones). Dispon\u00edvel gratuitamente nas lojas virtuais, este aplicativo ajuda o produtor a controlar os animais e os \u00edndices zoot\u00e9cnicos de seu rebanho, diz a zootecnista e gerente da Emater-RO em Espig\u00e3o do Oeste Cristiane Mudin.<\/p>\n<p>Paralelamente ao semin\u00e1rio foi realizada uma oficina sobre o tema Diversifica\u00e7\u00e3o da Propriedade Agroecol\u00f3gica e Controle de Pragas e Doen\u00e7as, com a utiliza\u00e7\u00e3o de produtos alternativos, ministrada pelo<br \/>\nT\u00e9cnico da Emater-RO Jaime Miranda.<\/p>\n<p>Tamb\u00e9m ocorreu paralelamente, a Oficina sobre a Diversifica\u00e7\u00e3o da Propriedade Agroecol\u00f3gica e Controle de Pragas e Doen\u00e7as, com a utiliza\u00e7\u00e3o de produtos alternativos, ministrada pelo T\u00e9cnico da EMATER Jaime Miranda.<\/p>\n<p>No encerramento do Semin\u00e1rio a dire\u00e7\u00e3o da comiss\u00e3o organizadora e as autoridades municipais manifestaram \u00a0satisfa\u00e7\u00e3o declarando o atingimento das metas e informando o interesse de realizar a pr\u00f3xima edi\u00e7\u00e3o do Semin\u00e1rio em 2017 durante a EXPOESTE.<\/p>\n<p><em>Enoque de Oliveira<\/em><br \/>\n<em>Fotos: Esloc\u00a0Espig\u00e3o D&#8217;Oeste<\/em><br \/>\n<em>EMATER-RO<\/em><\/p>\n","protected":false},"excerpt":{"rendered":"<p>Nos dias 25 a 27 de novembro os produtores de leite de Espig\u00e3o do Oeste puderam participar de um grande evento, onde foram apresentadas tecnologias e\u00a0 oportunidades para a pecu\u00e1ria [&hellip;]<\/p>\n","protected":false},"author":8,"featured_media":0,"comment_status":"closed","ping_status":"closed","sticky":false,"template":"","format":"standard","meta":[],"categories":[9,12],"tags":[],"_links":{"self":[{"href":"http:\/\/www.emater.ro.gov.br\/ematerro\/wp-json\/wp\/v2\/posts\/1698"}],"collection":[{"href":"http:\/\/www.emater.ro.gov.br\/ematerro\/wp-json\/wp\/v2\/posts"}],"about":[{"href":"http:\/\/www.emater.ro.gov.br\/ematerro\/wp-json\/wp\/v2\/types\/post"}],"author":[{"embeddable":true,"href":"http:\/\/www.emater.ro.gov.br\/ematerro\/wp-json\/wp\/v2\/users\/8"}],"replies":[{"embeddable":true,"href":"http:\/\/www.emater.ro.gov.br\/ematerro\/wp-json\/wp\/v2\/comments?post=1698"}],"version-history":[{"count":3,"href":"http:\/\/www.emater.ro.gov.br\/ematerro\/wp-json\/wp\/v2\/posts\/1698\/revisions"}],"predecessor-version":[{"id":1718,"href":"http:\/\/www.emater.ro.gov.br\/ematerro\/wp-json\/wp\/v2\/posts\/1698\/revisions\/1718"}],"wp:attachment":[{"href":"http:\/\/www.emater.ro.gov.br\/ematerro\/wp-json\/wp\/v2\/media?parent=1698"}],"wp:term":[{"taxonomy":"category","embeddable":true,"href":"http:\/\/www.emater.ro.gov.br\/ematerro\/wp-json\/wp\/v2\/categories?post=1698"},{"taxonomy":"post_tag","embeddable":true,"href":"http:\/\/www.emater.ro.gov.br\/ematerro\/wp-json\/wp\/v2\/tags?post=1698"}],"curies":[{"name":"wp","href":"https:\/\/api.w.org\/{rel}","templated":true}]}}