{"id":16967,"date":"2025-04-15T10:53:32","date_gmt":"2025-04-15T14:53:32","guid":{"rendered":"http:\/\/www.emater.ro.gov.br\/ematerro\/?p=16967"},"modified":"2025-05-05T10:04:37","modified_gmt":"2025-05-05T14:04:37","slug":"emater-ro-realiza-plantio-de-arvores-nativas-as-margens-da-br-em-itapua-do-oeste","status":"publish","type":"post","link":"http:\/\/www.emater.ro.gov.br\/ematerro\/2025\/04\/15\/emater-ro-realiza-plantio-de-arvores-nativas-as-margens-da-br-em-itapua-do-oeste\/","title":{"rendered":"Emater-RO Realiza Plantio de \u00c1rvores Nativas \u00e0s Margens da BR em Itapu\u00e3 do Oeste"},"content":{"rendered":"\n<p><\/p>\n\n\n\n<p>\u00a0Os empregados da Emater-RO lotados no escrit\u00f3rio local de Itapu\u00e3 do Oeste, se mobilizam para fazer um trabalho volunt\u00e1rio, juntamente com organiza\u00e7\u00f5es comunit\u00e1rias do munic\u00edpio, e realizam a\u00e7\u00f5es que v\u00e3o al\u00e9m de suas fun\u00e7\u00f5es institucionais, disse Diomazino Souza Lima, gerente local da Emater-RO.  Eles ofereceram parte do seu tempo e conhecimento em prol do bem estar da comunidade e qualidade ambiental da \u00e1rea urbana, atrav\u00e9s do plantio de esp\u00e9cies arb\u00f3reas, frut\u00edferas e decorativas, nativas da Amaz\u00f4nia  nos canteiros das principais vias da cidade, especialmente nos grandes espa\u00e7os existente nos canteiros e rotat\u00f3rias da rodovia BR 364 que atravessa o munic\u00edpio. <\/p>\n\n\n\n<figure class=\"wp-block-gallery has-nested-images columns-default is-cropped wp-block-gallery-1 is-layout-flex\">\n<figure class=\"wp-block-image size-large\"><img decoding=\"async\" loading=\"lazy\" width=\"1000\" height=\"675\" data-id=\"16970\"  src=\"http:\/\/www.emater.ro.gov.br\/ematerro\/wp-content\/uploads\/2025\/04\/20250415-whatsapp-image-2025-04-14-at-12-58-33-pm2.jpg\" alt=\"\" class=\"wp-image-16970\" srcset=\"http:\/\/www.emater.ro.gov.br\/ematerro\/wp-content\/uploads\/2025\/04\/20250415-whatsapp-image-2025-04-14-at-12-58-33-pm2.jpg 1000w, http:\/\/www.emater.ro.gov.br\/ematerro\/wp-content\/uploads\/2025\/04\/20250415-whatsapp-image-2025-04-14-at-12-58-33-pm2-300x203.jpg 300w, http:\/\/www.emater.ro.gov.br\/ematerro\/wp-content\/uploads\/2025\/04\/20250415-whatsapp-image-2025-04-14-at-12-58-33-pm2-768x518.jpg 768w\" sizes=\"(max-width: 1000px) 100vw, 1000px\" \/><\/figure>\n\n\n\n<figure class=\"wp-block-image size-large\"><img decoding=\"async\" loading=\"lazy\" width=\"1000\" height=\"675\" data-id=\"16969\"  src=\"http:\/\/www.emater.ro.gov.br\/ematerro\/wp-content\/uploads\/2025\/04\/20250415-whatsapp-image-2025-04-14-at-12-58-33-pm.jpg\" alt=\"\" class=\"wp-image-16969\" srcset=\"http:\/\/www.emater.ro.gov.br\/ematerro\/wp-content\/uploads\/2025\/04\/20250415-whatsapp-image-2025-04-14-at-12-58-33-pm.jpg 1000w, http:\/\/www.emater.ro.gov.br\/ematerro\/wp-content\/uploads\/2025\/04\/20250415-whatsapp-image-2025-04-14-at-12-58-33-pm-300x203.jpg 300w, http:\/\/www.emater.ro.gov.br\/ematerro\/wp-content\/uploads\/2025\/04\/20250415-whatsapp-image-2025-04-14-at-12-58-33-pm-768x518.jpg 768w\" sizes=\"(max-width: 1000px) 100vw, 1000px\" \/><\/figure>\n\n\n\n<figure class=\"wp-block-image size-large\"><img decoding=\"async\" loading=\"lazy\" width=\"1000\" height=\"675\" data-id=\"16971\"  src=\"http:\/\/www.emater.ro.gov.br\/ematerro\/wp-content\/uploads\/2025\/04\/20250415-whatsapp-image-2025-04-14-at-12-58-34-pm.jpg\" alt=\"\" class=\"wp-image-16971\" srcset=\"http:\/\/www.emater.ro.gov.br\/ematerro\/wp-content\/uploads\/2025\/04\/20250415-whatsapp-image-2025-04-14-at-12-58-34-pm.jpg 1000w, http:\/\/www.emater.ro.gov.br\/ematerro\/wp-content\/uploads\/2025\/04\/20250415-whatsapp-image-2025-04-14-at-12-58-34-pm-300x203.jpg 300w, http:\/\/www.emater.ro.gov.br\/ematerro\/wp-content\/uploads\/2025\/04\/20250415-whatsapp-image-2025-04-14-at-12-58-34-pm-768x518.jpg 768w\" sizes=\"(max-width: 1000px) 100vw, 1000px\" \/><\/figure>\n\n\n\n<figure class=\"wp-block-image size-large\"><img decoding=\"async\" loading=\"lazy\" width=\"1000\" height=\"675\" data-id=\"16968\"  src=\"http:\/\/www.emater.ro.gov.br\/ematerro\/wp-content\/uploads\/2025\/04\/20250415-whatsapp-image-2025-04-14-at-12-58-35-pm1.jpg\" alt=\"\" class=\"wp-image-16968\" srcset=\"http:\/\/www.emater.ro.gov.br\/ematerro\/wp-content\/uploads\/2025\/04\/20250415-whatsapp-image-2025-04-14-at-12-58-35-pm1.jpg 1000w, http:\/\/www.emater.ro.gov.br\/ematerro\/wp-content\/uploads\/2025\/04\/20250415-whatsapp-image-2025-04-14-at-12-58-35-pm1-300x203.jpg 300w, http:\/\/www.emater.ro.gov.br\/ematerro\/wp-content\/uploads\/2025\/04\/20250415-whatsapp-image-2025-04-14-at-12-58-35-pm1-768x518.jpg 768w\" sizes=\"(max-width: 1000px) 100vw, 1000px\" \/><\/figure>\n\n\n\n<figure class=\"wp-block-image size-large\"><img decoding=\"async\" loading=\"lazy\" width=\"576\" height=\"1024\" data-id=\"16972\"  src=\"http:\/\/www.emater.ro.gov.br\/ematerro\/wp-content\/uploads\/2025\/04\/20250415-whatsapp-image-2025-04-14-at-12-58-35-pm-576x1024.jpg\" alt=\"\" class=\"wp-image-16972\" srcset=\"http:\/\/www.emater.ro.gov.br\/ematerro\/wp-content\/uploads\/2025\/04\/20250415-whatsapp-image-2025-04-14-at-12-58-35-pm-576x1024.jpg 576w, http:\/\/www.emater.ro.gov.br\/ematerro\/wp-content\/uploads\/2025\/04\/20250415-whatsapp-image-2025-04-14-at-12-58-35-pm-169x300.jpg 169w, http:\/\/www.emater.ro.gov.br\/ematerro\/wp-content\/uploads\/2025\/04\/20250415-whatsapp-image-2025-04-14-at-12-58-35-pm-768x1365.jpg 768w, http:\/\/www.emater.ro.gov.br\/ematerro\/wp-content\/uploads\/2025\/04\/20250415-whatsapp-image-2025-04-14-at-12-58-35-pm-864x1536.jpg 864w, http:\/\/www.emater.ro.gov.br\/ematerro\/wp-content\/uploads\/2025\/04\/20250415-whatsapp-image-2025-04-14-at-12-58-35-pm.jpg 900w\" sizes=\"(max-width: 576px) 100vw, 576px\" \/><\/figure>\n\n\n\n<figure class=\"wp-block-image size-large\"><img decoding=\"async\" loading=\"lazy\" width=\"1024\" height=\"576\" data-id=\"16973\"  src=\"http:\/\/www.emater.ro.gov.br\/ematerro\/wp-content\/uploads\/2025\/04\/20250415-whatsapp-image-2025-04-14-at-12-58-36-pm3-1024x576.jpg\" alt=\"\" class=\"wp-image-16973\" srcset=\"http:\/\/www.emater.ro.gov.br\/ematerro\/wp-content\/uploads\/2025\/04\/20250415-whatsapp-image-2025-04-14-at-12-58-36-pm3-1024x576.jpg 1024w, http:\/\/www.emater.ro.gov.br\/ematerro\/wp-content\/uploads\/2025\/04\/20250415-whatsapp-image-2025-04-14-at-12-58-36-pm3-300x169.jpg 300w, http:\/\/www.emater.ro.gov.br\/ematerro\/wp-content\/uploads\/2025\/04\/20250415-whatsapp-image-2025-04-14-at-12-58-36-pm3-768x432.jpg 768w, http:\/\/www.emater.ro.gov.br\/ematerro\/wp-content\/uploads\/2025\/04\/20250415-whatsapp-image-2025-04-14-at-12-58-36-pm3-1536x864.jpg 1536w, http:\/\/www.emater.ro.gov.br\/ematerro\/wp-content\/uploads\/2025\/04\/20250415-whatsapp-image-2025-04-14-at-12-58-36-pm3.jpg 1600w\" sizes=\"(max-width: 1024px) 100vw, 1024px\" \/><\/figure>\n\n\n\n<figure class=\"wp-block-image size-large\"><img decoding=\"async\" loading=\"lazy\" width=\"1024\" height=\"768\" data-id=\"16974\"  src=\"http:\/\/www.emater.ro.gov.br\/ematerro\/wp-content\/uploads\/2025\/04\/20250415-whatsapp-image-2025-04-14-at-12-58-36-pm-1024x768.jpg\" alt=\"\" class=\"wp-image-16974\" srcset=\"http:\/\/www.emater.ro.gov.br\/ematerro\/wp-content\/uploads\/2025\/04\/20250415-whatsapp-image-2025-04-14-at-12-58-36-pm-1024x768.jpg 1024w, http:\/\/www.emater.ro.gov.br\/ematerro\/wp-content\/uploads\/2025\/04\/20250415-whatsapp-image-2025-04-14-at-12-58-36-pm-300x225.jpg 300w, http:\/\/www.emater.ro.gov.br\/ematerro\/wp-content\/uploads\/2025\/04\/20250415-whatsapp-image-2025-04-14-at-12-58-36-pm-768x576.jpg 768w, http:\/\/www.emater.ro.gov.br\/ematerro\/wp-content\/uploads\/2025\/04\/20250415-whatsapp-image-2025-04-14-at-12-58-36-pm-1536x1152.jpg 1536w, http:\/\/www.emater.ro.gov.br\/ematerro\/wp-content\/uploads\/2025\/04\/20250415-whatsapp-image-2025-04-14-at-12-58-36-pm-640x480.jpg 640w, http:\/\/www.emater.ro.gov.br\/ematerro\/wp-content\/uploads\/2025\/04\/20250415-whatsapp-image-2025-04-14-at-12-58-36-pm.jpg 1600w\" sizes=\"(max-width: 1024px) 100vw, 1024px\" \/><\/figure>\n\n\n\n<figure class=\"wp-block-image size-large\"><img decoding=\"async\" loading=\"lazy\" width=\"1000\" height=\"675\" data-id=\"16975\"  src=\"http:\/\/www.emater.ro.gov.br\/ematerro\/wp-content\/uploads\/2025\/04\/20250415-whatsapp-image-2025-04-14-at-12-58.jpg\" alt=\"\" class=\"wp-image-16975\" srcset=\"http:\/\/www.emater.ro.gov.br\/ematerro\/wp-content\/uploads\/2025\/04\/20250415-whatsapp-image-2025-04-14-at-12-58.jpg 1000w, http:\/\/www.emater.ro.gov.br\/ematerro\/wp-content\/uploads\/2025\/04\/20250415-whatsapp-image-2025-04-14-at-12-58-300x203.jpg 300w, http:\/\/www.emater.ro.gov.br\/ematerro\/wp-content\/uploads\/2025\/04\/20250415-whatsapp-image-2025-04-14-at-12-58-768x518.jpg 768w\" sizes=\"(max-width: 1000px) 100vw, 1000px\" \/><\/figure>\n<\/figure>\n","protected":false},"excerpt":{"rendered":"<p>\u00a0Os empregados da Emater-RO lotados no escrit\u00f3rio local de Itapu\u00e3 do Oeste, se mobilizam para fazer um trabalho volunt\u00e1rio, juntamente com organiza\u00e7\u00f5es comunit\u00e1rias do munic\u00edpio, e realizam a\u00e7\u00f5es que v\u00e3o [&hellip;]<\/p>\n","protected":false},"author":8,"featured_media":16971,"comment_status":"closed","ping_status":"closed","sticky":false,"template":"","format":"standard","meta":[],"categories":[10,11],"tags":[30,45,233],"_links":{"self":[{"href":"http:\/\/www.emater.ro.gov.br\/ematerro\/wp-json\/wp\/v2\/posts\/16967"}],"collection":[{"href":"http:\/\/www.emater.ro.gov.br\/ematerro\/wp-json\/wp\/v2\/posts"}],"about":[{"href":"http:\/\/www.emater.ro.gov.br\/ematerro\/wp-json\/wp\/v2\/types\/post"}],"author":[{"embeddable":true,"href":"http:\/\/www.emater.ro.gov.br\/ematerro\/wp-json\/wp\/v2\/users\/8"}],"replies":[{"embeddable":true,"href":"http:\/\/www.emater.ro.gov.br\/ematerro\/wp-json\/wp\/v2\/comments?post=16967"}],"version-history":[{"count":4,"href":"http:\/\/www.emater.ro.gov.br\/ematerro\/wp-json\/wp\/v2\/posts\/16967\/revisions"}],"predecessor-version":[{"id":17001,"href":"http:\/\/www.emater.ro.gov.br\/ematerro\/wp-json\/wp\/v2\/posts\/16967\/revisions\/17001"}],"wp:featuredmedia":[{"embeddable":true,"href":"http:\/\/www.emater.ro.gov.br\/ematerro\/wp-json\/wp\/v2\/media\/16971"}],"wp:attachment":[{"href":"http:\/\/www.emater.ro.gov.br\/ematerro\/wp-json\/wp\/v2\/media?parent=16967"}],"wp:term":[{"taxonomy":"category","embeddable":true,"href":"http:\/\/www.emater.ro.gov.br\/ematerro\/wp-json\/wp\/v2\/categories?post=16967"},{"taxonomy":"post_tag","embeddable":true,"href":"http:\/\/www.emater.ro.gov.br\/ematerro\/wp-json\/wp\/v2\/tags?post=16967"}],"curies":[{"name":"wp","href":"https:\/\/api.w.org\/{rel}","templated":true}]}}