{"id":16926,"date":"2025-04-02T07:37:27","date_gmt":"2025-04-02T11:37:27","guid":{"rendered":"http:\/\/www.emater.ro.gov.br\/ematerro\/?p=16926"},"modified":"2025-05-05T10:08:01","modified_gmt":"2025-05-05T14:08:01","slug":"governo-de-rondonia-reune-liderancas-rurais-e-comunitarias-e-lanca-paa-2025-com-versao-inedita-para-indigenas","status":"publish","type":"post","link":"http:\/\/www.emater.ro.gov.br\/ematerro\/2025\/04\/02\/governo-de-rondonia-reune-liderancas-rurais-e-comunitarias-e-lanca-paa-2025-com-versao-inedita-para-indigenas\/","title":{"rendered":"Governo de Rond\u00f4nia re\u00fane lideran\u00e7as rurais e comunit\u00e1rias para lan\u00e7ar PAA 2025 com vers\u00e3o in\u00e9dita para indigenas"},"content":{"rendered":"\n<figure class=\"wp-block-image size-full\"><img decoding=\"async\" loading=\"lazy\" width=\"1000\" height=\"666\" src=\"http:\/\/www.emater.ro.gov.br\/ematerro\/wp-content\/uploads\/2025\/04\/20250402-mesa-solene-paa2025-robson-paiva.jpg\" alt=\"\" class=\"wp-image-16933\" srcset=\"http:\/\/www.emater.ro.gov.br\/ematerro\/wp-content\/uploads\/2025\/04\/20250402-mesa-solene-paa2025-robson-paiva.jpg 1000w, http:\/\/www.emater.ro.gov.br\/ematerro\/wp-content\/uploads\/2025\/04\/20250402-mesa-solene-paa2025-robson-paiva-300x200.jpg 300w, http:\/\/www.emater.ro.gov.br\/ematerro\/wp-content\/uploads\/2025\/04\/20250402-mesa-solene-paa2025-robson-paiva-768x511.jpg 768w, http:\/\/www.emater.ro.gov.br\/ematerro\/wp-content\/uploads\/2025\/04\/20250402-mesa-solene-paa2025-robson-paiva-480x320.jpg 480w\" sizes=\"(max-width: 1000px) 100vw, 1000px\" \/><figcaption class=\"wp-element-caption\"><strong><em><sup>O PAA \u00e9 uma pol\u00edtica seguran\u00e7a de seguran\u00e7a alimentar e estabilidade econ\u00f4mica na agricultura familiar<\/sup><\/em><\/strong><\/figcaption><\/figure>\n\n\n\n<p>Na manh\u00e3 desta segunda feira 31 do 03, o governo de Rond\u00f4nia atrav\u00e9s da secretaria de agricultura e Entidade Aut\u00e1rquica de Assist\u00eancia T\u00e9cnica e Extens\u00e3o Rural de Rond\u00f4nia (Emater-RO) reuniu um grande grupo de agricultores familiares, lideran\u00e7as ind\u00edgenas e entidades beneficiarias do Programa de Aquisi\u00e7\u00e3o de Alimentos (PAA), na sede social da Associa\u00e7\u00e3o dos empregados da Emater-RO, para o lan\u00e7amento das atividades do PAA vers\u00e3o 2025. Este ano o programa traz uma novidade, uma vers\u00e3o exclusiva para as comunidades ind\u00edgenas, que at\u00e9 ent\u00e3o n\u00e3o estavam contempladas e outra para pessoas atingidas por fen\u00f4menos clim\u00e1ticos, secas ou enchentes.<\/p>\n\n\n\n<p>\u201cO programa PAA \u00e9 a pol\u00edtica publica que consegue atender a agricultura familiar, abrangendo as duas pontas dessa atividade econ\u00f4mica, com a assist\u00eancia t\u00e9cnica e determina\u00e7\u00e3o o governo atende, tanto a quem produz quanto aqueles que mais precisam, pessoas carentes, em vulnerabilidade alimentar, atendidos pelas entidades s\u00f3cio assist\u00eancias\u201d, disse o presidente da Emater-RO Luciano Brand\u00e3o.<\/p>\n\n\n<div class=\"wp-block-image\">\n<figure class=\"alignleft size-full is-resized\"><img decoding=\"async\" loading=\"lazy\" src=\"http:\/\/www.emater.ro.gov.br\/ematerro\/wp-content\/uploads\/2025\/04\/20250402-presidente-da-cooperativa-surui-celso-suraui-e-esposa-pamela.jpg\" alt=\"\" class=\"wp-image-16928\" width=\"402\" height=\"271\" srcset=\"http:\/\/www.emater.ro.gov.br\/ematerro\/wp-content\/uploads\/2025\/04\/20250402-presidente-da-cooperativa-surui-celso-suraui-e-esposa-pamela.jpg 1000w, http:\/\/www.emater.ro.gov.br\/ematerro\/wp-content\/uploads\/2025\/04\/20250402-presidente-da-cooperativa-surui-celso-suraui-e-esposa-pamela-300x203.jpg 300w, http:\/\/www.emater.ro.gov.br\/ematerro\/wp-content\/uploads\/2025\/04\/20250402-presidente-da-cooperativa-surui-celso-suraui-e-esposa-pamela-768x518.jpg 768w\" sizes=\"(max-width: 402px) 100vw, 402px\" \/><\/figure><\/div>\n\n\n<p>Com a inclus\u00e3o dos ind\u00edgenas no PAA, abre-se um leque de oportunidades para essa popula\u00e7\u00e3o que a cada dia amplia sua produ\u00e7\u00e3o, gra\u00e7as aos atendimentos da ater ind\u00edgena que leva a assist\u00eancia t\u00e9cnica para melhorar seus processos produtivos e tem reivindicado assist\u00eancia t\u00e9cnica para melhorar seus processos produtivos, inclusive j\u00e1 se organizaram em uma cooperativa que denominaram de Gara Itxa Suru\u00ed, cujo objetivo \u00e9: \u201cproduzir alimentos para o consumo e vender, e agora fornecer para o PAA que vai distribuir esse alimento tamb\u00e9m para as aldeias e fam\u00edlias que tem dificuldade ainda de produzir\u201d &nbsp;disse Celso Suru\u00ed presidente da cooperativa.<\/p>\n\n\n\n<p>O secret\u00e1rio de Agricultura Luis Paulo \u00e9 um entusiasta do PAA e afirmou aos participantes da reuni\u00e3o que al\u00e9m dos recursos que s\u00e3o aportados pelo governo federal, \u201co governo do Estado est\u00e1 pondo mais tr\u00eas milh\u00f5es e cem mil reais no programa, e a Emater-RO \u00e9 fundamental para fazer chegar os recursos dessa politica publica para o setor rural, a quem mais necessita, e agora tamb\u00e9m essa vers\u00e3o in\u00e9dita, o PAA ind\u00edgena, disse o secret\u00e1rio.<\/p>\n\n\n\n<p>Segundo informou o coordenador do programa na Emater-RO, at\u00e9 o momento o programa disp\u00f5e de cinco milh\u00f5es de Reais, mas que no decorrer do ano poder\u00e3o ser aportados mais recursos, inclusive para atender a popula\u00e7\u00e3o atingida pelas cheias do rios do Estado, que este ano est\u00e1 provocando preju\u00edzos a muitos agricultores ribeirinhos. O PAA \u00e9 uma pol\u00edtica publica\u00a0 que se consolidou como um importante instrumento de seguran\u00e7a alimentar, e como j\u00e1 disse o governador Marcos Rocha, \u201c\u00e9 tamb\u00e9m, uma medida que visa fortalecer a estabilidade financeira das fam\u00edlias rurais que produzem no Estado\u201d, disse.<br><\/p>\n\n\n\n<p class=\"has-text-align-right\"><strong><em><sup>Texto: Enoque de Oliveira<br>Fotos: Robson Paiva<br>EMATER-RO<\/sup><\/em><\/strong><\/p>\n","protected":false},"excerpt":{"rendered":"<p>Na manh\u00e3 desta segunda feira 31 do 03, o governo de Rond\u00f4nia atrav\u00e9s da secretaria de agricultura e Entidade Aut\u00e1rquica de Assist\u00eancia T\u00e9cnica e Extens\u00e3o Rural de Rond\u00f4nia (Emater-RO) reuniu [&hellip;]<\/p>\n","protected":false},"author":8,"featured_media":16929,"comment_status":"closed","ping_status":"closed","sticky":false,"template":"","format":"standard","meta":[],"categories":[10,9,12],"tags":[75],"_links":{"self":[{"href":"http:\/\/www.emater.ro.gov.br\/ematerro\/wp-json\/wp\/v2\/posts\/16926"}],"collection":[{"href":"http:\/\/www.emater.ro.gov.br\/ematerro\/wp-json\/wp\/v2\/posts"}],"about":[{"href":"http:\/\/www.emater.ro.gov.br\/ematerro\/wp-json\/wp\/v2\/types\/post"}],"author":[{"embeddable":true,"href":"http:\/\/www.emater.ro.gov.br\/ematerro\/wp-json\/wp\/v2\/users\/8"}],"replies":[{"embeddable":true,"href":"http:\/\/www.emater.ro.gov.br\/ematerro\/wp-json\/wp\/v2\/comments?post=16926"}],"version-history":[{"count":7,"href":"http:\/\/www.emater.ro.gov.br\/ematerro\/wp-json\/wp\/v2\/posts\/16926\/revisions"}],"predecessor-version":[{"id":17023,"href":"http:\/\/www.emater.ro.gov.br\/ematerro\/wp-json\/wp\/v2\/posts\/16926\/revisions\/17023"}],"wp:featuredmedia":[{"embeddable":true,"href":"http:\/\/www.emater.ro.gov.br\/ematerro\/wp-json\/wp\/v2\/media\/16929"}],"wp:attachment":[{"href":"http:\/\/www.emater.ro.gov.br\/ematerro\/wp-json\/wp\/v2\/media?parent=16926"}],"wp:term":[{"taxonomy":"category","embeddable":true,"href":"http:\/\/www.emater.ro.gov.br\/ematerro\/wp-json\/wp\/v2\/categories?post=16926"},{"taxonomy":"post_tag","embeddable":true,"href":"http:\/\/www.emater.ro.gov.br\/ematerro\/wp-json\/wp\/v2\/tags?post=16926"}],"curies":[{"name":"wp","href":"https:\/\/api.w.org\/{rel}","templated":true}]}}