{"id":16824,"date":"2025-03-21T11:30:00","date_gmt":"2025-03-21T15:30:00","guid":{"rendered":"http:\/\/www.emater.ro.gov.br\/ematerro\/?p=16824"},"modified":"2025-03-21T12:19:08","modified_gmt":"2025-03-21T16:19:08","slug":"programa-degusta-rondonia-80-impulsiona-a-cafeicultura-indigena-e-a-producao-de-cafes-especiais","status":"publish","type":"post","link":"http:\/\/www.emater.ro.gov.br\/ematerro\/2025\/03\/21\/programa-degusta-rondonia-80-impulsiona-a-cafeicultura-indigena-e-a-producao-de-cafes-especiais\/","title":{"rendered":"Degusta Rond\u00f4nia 80+ transforma a cafeicultura ind\u00edgena e impulsiona a produ\u00e7\u00e3o de caf\u00e9s especiais"},"content":{"rendered":"\n<figure class=\"wp-block-image size-large\"><img decoding=\"async\" loading=\"lazy\" width=\"1024\" height=\"691\" src=\"http:\/\/www.emater.ro.gov.br\/ematerro\/wp-content\/uploads\/2025\/03\/20250320-03mar2025-18e19-mutirao-ater-indigena-terras-rio-branco_robson-paiva-8-1-1024x691.jpg\" alt=\"\" class=\"wp-image-16829\" srcset=\"http:\/\/www.emater.ro.gov.br\/ematerro\/wp-content\/uploads\/2025\/03\/20250320-03mar2025-18e19-mutirao-ater-indigena-terras-rio-branco_robson-paiva-8-1-1024x691.jpg 1024w, http:\/\/www.emater.ro.gov.br\/ematerro\/wp-content\/uploads\/2025\/03\/20250320-03mar2025-18e19-mutirao-ater-indigena-terras-rio-branco_robson-paiva-8-1-300x203.jpg 300w, http:\/\/www.emater.ro.gov.br\/ematerro\/wp-content\/uploads\/2025\/03\/20250320-03mar2025-18e19-mutirao-ater-indigena-terras-rio-branco_robson-paiva-8-1-768x518.jpg 768w, http:\/\/www.emater.ro.gov.br\/ematerro\/wp-content\/uploads\/2025\/03\/20250320-03mar2025-18e19-mutirao-ater-indigena-terras-rio-branco_robson-paiva-8-1-1536x1037.jpg 1536w, http:\/\/www.emater.ro.gov.br\/ematerro\/wp-content\/uploads\/2025\/03\/20250320-03mar2025-18e19-mutirao-ater-indigena-terras-rio-branco_robson-paiva-8-1-2048x1382.jpg 2048w\" sizes=\"(max-width: 1024px) 100vw, 1024px\" \/><figcaption class=\"wp-element-caption\"><strong><em><sup>O programa Degusta Rond\u00f4nia 80+ \u00e9 um incentivo do governo estadual ao desenvolvimento da cafeicultura<\/sup><\/em><\/strong><\/figcaption><\/figure>\n\n\n\n<p>O primeiro mutir\u00e3o para presta\u00e7\u00e3o de servi\u00e7os de assist\u00eancia t\u00e9cnica e extens\u00e3o rural (Ater) realizado nas Terras Rio Branco, em Alta Floresta do Oeste, gerou grandes perspectivas para os cafeicultores das comunidades ind\u00edgenas Serrinha, S\u00e3o Luiz e Jatob\u00e1. Durante os dias 18 e 19 deste m\u00eas, extensionistas da Entidade Aut\u00e1rquica de Assist\u00eancia T\u00e9cnica e Extens\u00e3o Rural (Emater-RO) promoveram no local a\u00e7\u00f5es integradas \u00e0s pol\u00edticas p\u00fablicas para o desenvolvimento da agricultura familiar. Entre as atividades, destacam-se as oficinas pr\u00e1ticas do Programa Degusta Rond\u00f4nia 80+ para aprimoramento de caf\u00e9s especiais.<\/p>\n\n\n\n<p>O estado de Rond\u00f4nia vem se consolidando como um dos maiores polos produtores de caf\u00e9s especiais do Brasil e muito desse sucesso \u00e9 resultado do apoio cont\u00ednuo do governo estadual e das a\u00e7\u00f5es executadas pela Emater-RO junto aos cafeicultores tradicionais e das comunidades ind\u00edgenas. Dentre as principais iniciativas, o programa Degusta Rond\u00f4nia 80+ se sobressai, promovendo capacita\u00e7\u00e3o e aprimoramento das t\u00e9cnicas de cultivo e preparo de caf\u00e9s finos para os produtores locais.<\/p>\n\n\n<div class=\"wp-block-image\">\n<figure class=\"alignright size-large is-resized\"><img decoding=\"async\" loading=\"lazy\" src=\"http:\/\/www.emater.ro.gov.br\/ematerro\/wp-content\/uploads\/2025\/03\/20250320-03mar2025-18e19-mutirao-ater-indigena-terras-rio-branco_robson-paiva-12-691x1024.jpg\" alt=\"\" class=\"wp-image-16831\" width=\"310\" height=\"459\" srcset=\"http:\/\/www.emater.ro.gov.br\/ematerro\/wp-content\/uploads\/2025\/03\/20250320-03mar2025-18e19-mutirao-ater-indigena-terras-rio-branco_robson-paiva-12-691x1024.jpg 691w, http:\/\/www.emater.ro.gov.br\/ematerro\/wp-content\/uploads\/2025\/03\/20250320-03mar2025-18e19-mutirao-ater-indigena-terras-rio-branco_robson-paiva-12-203x300.jpg 203w, http:\/\/www.emater.ro.gov.br\/ematerro\/wp-content\/uploads\/2025\/03\/20250320-03mar2025-18e19-mutirao-ater-indigena-terras-rio-branco_robson-paiva-12-768x1138.jpg 768w, http:\/\/www.emater.ro.gov.br\/ematerro\/wp-content\/uploads\/2025\/03\/20250320-03mar2025-18e19-mutirao-ater-indigena-terras-rio-branco_robson-paiva-12-1037x1536.jpg 1037w, http:\/\/www.emater.ro.gov.br\/ematerro\/wp-content\/uploads\/2025\/03\/20250320-03mar2025-18e19-mutirao-ater-indigena-terras-rio-branco_robson-paiva-12-1382x2048.jpg 1382w, http:\/\/www.emater.ro.gov.br\/ematerro\/wp-content\/uploads\/2025\/03\/20250320-03mar2025-18e19-mutirao-ater-indigena-terras-rio-branco_robson-paiva-12-scaled.jpg 1728w\" sizes=\"(max-width: 310px) 100vw, 310px\" \/><figcaption class=\"wp-element-caption\"><strong><em><sup>Valoriza\u00e7\u00e3o e aprimoramento do caf\u00e9 visando aumentar a competitividade dos produtos<\/sup><\/em><\/strong><\/figcaption><\/figure><\/div>\n\n\n<p>Um exemplo recente que trouxe impacto positivo dessa a\u00e7\u00e3o foi o 1\u00ba mutir\u00e3o de Ater, realizado na Terra Ind\u00edgena Rio Branco, onde a Emater-RO levou o conhecimento especializado sobre a torra dos gr\u00e3os e as boas pr\u00e1ticas na produ\u00e7\u00e3o de caf\u00e9s especiais. Esse evento foi um marco para as comunidades ind\u00edgenas da regi\u00e3o, trazendo novas perspectivas e oportunidades.<\/p>\n\n\n\n<p>Marcelo Lopes, engenheiro agr\u00f4nomo da Emater-RO respons\u00e1vel por conduzir as oficinas que ofereceu capacita\u00e7\u00e3o intensiva sobre torrefa\u00e7\u00e3o e degusta\u00e7\u00e3o de caf\u00e9s, destacou que muitos dos participantes j\u00e1 alcan\u00e7aram o n\u00edvel de excel\u00eancia. \u201cA cada dia, os produtores locais se aprimoram e se destacam como refer\u00eancia no cultivo sustent\u00e1vel de caf\u00e9, inclusive nacionalmente\u201d.<\/p>\n\n\n\n<p><strong>PARTICIPA\u00c7\u00c3O ATIVA DAS MULHERES<\/strong><br>Durante o mutir\u00e3o, as comunidades ind\u00edgenas de Serrinha, S\u00e3o Luiz e Jatob\u00e1 receberam uma forma\u00e7\u00e3o aprofundada sobre os processos de produ\u00e7\u00e3o, desde a torra artesanal at\u00e9 os detalhes da produ\u00e7\u00e3o de caf\u00e9s especiais e as diferen\u00e7as entre os m\u00e9todos naturais e fermentados. A capacita\u00e7\u00e3o, al\u00e9m de melhorar a qualidade do caf\u00e9 produzido, incentivou um olhar mais atento para a valoriza\u00e7\u00e3o de um produto que tem grande potencial comercial.<\/p>\n\n\n\n<p>Outro ponto importante a ser destacado foi o engajamento das mulheres, que n\u00e3o s\u00f3 participaram ativamente, mas tamb\u00e9m desafiaram as pr\u00e1ticas estabelecidas, contribuindo para a inova\u00e7\u00e3o no setor. \u201cO engajamento de jovens e mulheres tem sido uma for\u00e7a motriz para o crescimento do programa, ampliando suas perspectivas e contribuindo para a inova\u00e7\u00e3o no setor\u201d, enfatiza Luciano Brand\u00e3o, diretor-presidente da Emater-RO. Essa participa\u00e7\u00e3o reflete a relev\u00e2ncia das pol\u00edticas p\u00fablicas no fortalecimento da cafeicultura ind\u00edgena.<\/p>\n\n\n<div class=\"wp-block-image\">\n<figure class=\"alignleft size-large is-resized\"><img decoding=\"async\" loading=\"lazy\" src=\"http:\/\/www.emater.ro.gov.br\/ematerro\/wp-content\/uploads\/2025\/03\/20250320-03mar2025-20-degusta-rondonia-80_alta-floresta_robson-paiva-1-1024x691.jpg\" alt=\"\" class=\"wp-image-16830\" width=\"460\" height=\"310\" srcset=\"http:\/\/www.emater.ro.gov.br\/ematerro\/wp-content\/uploads\/2025\/03\/20250320-03mar2025-20-degusta-rondonia-80_alta-floresta_robson-paiva-1-1024x691.jpg 1024w, http:\/\/www.emater.ro.gov.br\/ematerro\/wp-content\/uploads\/2025\/03\/20250320-03mar2025-20-degusta-rondonia-80_alta-floresta_robson-paiva-1-300x203.jpg 300w, http:\/\/www.emater.ro.gov.br\/ematerro\/wp-content\/uploads\/2025\/03\/20250320-03mar2025-20-degusta-rondonia-80_alta-floresta_robson-paiva-1-768x518.jpg 768w, http:\/\/www.emater.ro.gov.br\/ematerro\/wp-content\/uploads\/2025\/03\/20250320-03mar2025-20-degusta-rondonia-80_alta-floresta_robson-paiva-1-1536x1037.jpg 1536w, http:\/\/www.emater.ro.gov.br\/ematerro\/wp-content\/uploads\/2025\/03\/20250320-03mar2025-20-degusta-rondonia-80_alta-floresta_robson-paiva-1-2048x1382.jpg 2048w\" sizes=\"(max-width: 460px) 100vw, 460px\" \/><figcaption class=\"wp-element-caption\"><strong><em><sup>Na comunidade Jatob\u00e1, as mulheres despertaram o interesse pelo caf\u00e9 e tiveram participa\u00e7\u00e3o ativa<\/sup><\/em><\/strong><\/figcaption><\/figure><\/div>\n\n\n<p><strong>VALOR AGREGADO<\/strong><br>O Degusta Rond\u00f4nia 80+ n\u00e3o se limita apenas ao ensino das t\u00e9cnicas de produ\u00e7\u00e3o. Al\u00e9m das oficinas, o programa Degusta Rond\u00f4nia 80+ ajudou a transformar a vis\u00e3o dos produtores sobre as boas pr\u00e1ticas de agroind\u00fastria, com foco na valoriza\u00e7\u00e3o do caf\u00e9 artesanal, ampliando sua competitividade em concursos estaduais e nacionais e no mercado. \u201cA busca por maior valor agregado \u00e9 uma tend\u00eancia crescente, especialmente em comunidades como a de Jatob\u00e1, onde j\u00e1 se pensa na transforma\u00e7\u00e3o do caf\u00e9 em novos produtos, como caf\u00e9s gourmet e derivados, abrindo portas para novos mercados\u201d, explica Lopes.<\/p>\n\n\n\n<p>Para o governador Marcos Rocha, o incentivo do governo \u00e9 essencial para que os cafeicultores continuem a investir em um caf\u00e9 de qualidade. Para isso, tem investido em programas como o \u201cPlante Mais\u201d, com distribui\u00e7\u00e3o de mudas de qualidade que, com manejo correto oferecido por meio da Emater-RO, garantem a produ\u00e7\u00e3o e produtividade nas suas lavouras. \u201cEm um estado com grande voca\u00e7\u00e3o para a produ\u00e7\u00e3o agr\u00edcola, Rond\u00f4nia est\u00e1 se consolidando como um polo de excel\u00eancia no cultivo de caf\u00e9s e a a\u00e7\u00e3o da Emater-RO tem sido fundamental para garantir que o estado continue a crescer na cafeicultura e possa beneficiar as comunidades locais, gerando novas oportunidades e melhorando a qualidade de vida dos produtores.<\/p>\n\n\n\n<p>O sucesso do mutir\u00e3o de Ater \u00e9 um exemplo claro do potencial de transforma\u00e7\u00e3o das comunidades ind\u00edgenas. Ele demonstra como a assist\u00eancia t\u00e9cnica qualificada pode gerar um impacto significativo. E com o incentivo cont\u00ednuo do governo e o aprimoramento das pr\u00e1ticas por meio de programas como \u201cPlante Mais\u201d e \u201cDegusta Rond\u00f4nia 80+\u201d, as comunidades ind\u00edgenas de Rond\u00f4nia est\u00e3o cada vez mais preparadas para n\u00e3o apenas elevar a qualidade de seus caf\u00e9s, mas tamb\u00e9m conquistar novos mercados e impulsionar a economia local.&#8221;<\/p>\n\n\n\n<p class=\"has-text-align-right\"><strong><em><sup>Texto: Wania Ressutti<br>Jornalista \u2013 MTE-1744\/RO<br>Fotos: Robson Paiva<br>Rep\u00f3rter fotogr\u00e1fico \u2013 MTE-1337\/RO<br>EMATER-RO<\/sup><\/em><\/strong><\/p>\n","protected":false},"excerpt":{"rendered":"<p>Mutir\u00e3o nas Terras Rio Branco, em Alta Floresta do Oeste, capacitou cafeicultores ind\u00edgenas das comunidades Serrinha, S\u00e3o Luiz e Jatob\u00e1.  A participa\u00e7\u00e3o ativa das mulheres e jovens das aldeias trouxe inova\u00e7\u00e3o ao setor, ampliando perspectivas comerciais e fortalecendo a economia local com caf\u00e9s de alta qualidade.<\/p>\n","protected":false},"author":9,"featured_media":16844,"comment_status":"closed","ping_status":"closed","sticky":false,"template":"","format":"standard","meta":[],"categories":[10,9,12],"tags":[135,48,65,133,45],"_links":{"self":[{"href":"http:\/\/www.emater.ro.gov.br\/ematerro\/wp-json\/wp\/v2\/posts\/16824"}],"collection":[{"href":"http:\/\/www.emater.ro.gov.br\/ematerro\/wp-json\/wp\/v2\/posts"}],"about":[{"href":"http:\/\/www.emater.ro.gov.br\/ematerro\/wp-json\/wp\/v2\/types\/post"}],"author":[{"embeddable":true,"href":"http:\/\/www.emater.ro.gov.br\/ematerro\/wp-json\/wp\/v2\/users\/9"}],"replies":[{"embeddable":true,"href":"http:\/\/www.emater.ro.gov.br\/ematerro\/wp-json\/wp\/v2\/comments?post=16824"}],"version-history":[{"count":11,"href":"http:\/\/www.emater.ro.gov.br\/ematerro\/wp-json\/wp\/v2\/posts\/16824\/revisions"}],"predecessor-version":[{"id":16842,"href":"http:\/\/www.emater.ro.gov.br\/ematerro\/wp-json\/wp\/v2\/posts\/16824\/revisions\/16842"}],"wp:featuredmedia":[{"embeddable":true,"href":"http:\/\/www.emater.ro.gov.br\/ematerro\/wp-json\/wp\/v2\/media\/16844"}],"wp:attachment":[{"href":"http:\/\/www.emater.ro.gov.br\/ematerro\/wp-json\/wp\/v2\/media?parent=16824"}],"wp:term":[{"taxonomy":"category","embeddable":true,"href":"http:\/\/www.emater.ro.gov.br\/ematerro\/wp-json\/wp\/v2\/categories?post=16824"},{"taxonomy":"post_tag","embeddable":true,"href":"http:\/\/www.emater.ro.gov.br\/ematerro\/wp-json\/wp\/v2\/tags?post=16824"}],"curies":[{"name":"wp","href":"https:\/\/api.w.org\/{rel}","templated":true}]}}