{"id":16799,"date":"2025-03-20T10:50:00","date_gmt":"2025-03-20T14:50:00","guid":{"rendered":"http:\/\/www.emater.ro.gov.br\/ematerro\/?p=16799"},"modified":"2025-03-21T07:49:10","modified_gmt":"2025-03-21T11:49:10","slug":"mutirao-da-emater-ro-fortalece-a-agricultura-familiar-com-ater-indigena-em-rondonia","status":"publish","type":"post","link":"http:\/\/www.emater.ro.gov.br\/ematerro\/2025\/03\/20\/mutirao-da-emater-ro-fortalece-a-agricultura-familiar-com-ater-indigena-em-rondonia\/","title":{"rendered":"Ater Ind\u00edgena: Emater-RO apoia povos ind\u00edgenas no fortalecimento da agricultura familiar em Rond\u00f4nia"},"content":{"rendered":"<div class=\"wp-block-image\">\n<figure class=\"aligncenter size-large\"><img decoding=\"async\" loading=\"lazy\" width=\"1024\" height=\"691\" src=\"http:\/\/www.emater.ro.gov.br\/ematerro\/wp-content\/uploads\/2025\/03\/20250320-03mar2025-18e19-caf-ater-indigena-terras-rio-branco_robson-paiva-4-1024x691.jpg\" alt=\"\" class=\"wp-image-16827\" srcset=\"http:\/\/www.emater.ro.gov.br\/ematerro\/wp-content\/uploads\/2025\/03\/20250320-03mar2025-18e19-caf-ater-indigena-terras-rio-branco_robson-paiva-4-1024x691.jpg 1024w, http:\/\/www.emater.ro.gov.br\/ematerro\/wp-content\/uploads\/2025\/03\/20250320-03mar2025-18e19-caf-ater-indigena-terras-rio-branco_robson-paiva-4-300x202.jpg 300w, http:\/\/www.emater.ro.gov.br\/ematerro\/wp-content\/uploads\/2025\/03\/20250320-03mar2025-18e19-caf-ater-indigena-terras-rio-branco_robson-paiva-4-768x518.jpg 768w, http:\/\/www.emater.ro.gov.br\/ematerro\/wp-content\/uploads\/2025\/03\/20250320-03mar2025-18e19-caf-ater-indigena-terras-rio-branco_robson-paiva-4.jpg 1340w\" sizes=\"(max-width: 1024px) 100vw, 1024px\" \/><figcaption class=\"wp-element-caption\"><strong><em><sup>O Certificado de Aptid\u00e3o Familiar (CAF) \u00e9 um documento essencial para acesso aos programas governamentais de incentivo \u00e0 agricultura<\/sup><\/em><\/strong><\/figcaption><\/figure><\/div>\n\n\n<p>Nos dias 18 e 19 de mar\u00e7o, a Aldeia Ind\u00edgena Terra Rio Branco, localizada em Alta Floresta do Oeste, recebeu a equipe da Entidade Aut\u00e1rquica de Assist\u00eancia T\u00e9cnica e Extens\u00e3o Rural de Rond\u00f4nia (Emater-RO) para o 1\u00ba mutir\u00e3o de atendimento local. Realizado no \u00e2mbito do projeto de Assist\u00eancia T\u00e9cnica e Extens\u00e3o Rural Ind\u00edgena (Ater Ind\u00edgena), a a\u00e7\u00e3o teve por objetivo fortalecer a agricultura familiar ind\u00edgena e oferecer suporte t\u00e9cnico para aprimoramento das pr\u00e1ticas agr\u00edcolas das comunidades S\u00e3o Lu\u00eds e Serrinha.<\/p>\n\n\n\n<p>O projeto Ater Ind\u00edgena integra a execu\u00e7\u00e3o de assist\u00eancia t\u00e9cnica especializada, oferecida gratuitamente pelo governo estadual, aos produtores da agricultura familiar. A atividade vem sendo realizada em parceria entre a Emater-RO, a Secretara de Estado da Agricultura (Seagri) e a Funda\u00e7\u00e3o Nacional dos Povos Ind\u00edgenas (Funai), que promovem a\u00e7\u00f5es direcionadas \u00e0s especificidades de cada comunidade ind\u00edgena. \u201cCom essa abordagem personalizada \u00e9 poss\u00edvel reconhecer as caracter\u00edsticas \u00fanicas de cada etnia e da regi\u00e3o atendida\u201d, explica o diretor-presidente da Emater-RO, Luciano Brand\u00e3o.<\/p>\n\n\n<div class=\"wp-block-image\">\n<figure class=\"alignright size-large is-resized\"><img decoding=\"async\" loading=\"lazy\" src=\"http:\/\/www.emater.ro.gov.br\/ematerro\/wp-content\/uploads\/2025\/03\/20250320-03mar2025-18e19-mutirao-ater-indigena-terras-rio-branco_robson-paiva-5-691x1024.jpg\" alt=\"A Aldeia Ind\u00edgena Terra Rio Branco recebeu o 1\u00ba mutir\u00e3o de Ater Ind\u00edgena, promovido pela Emater-RO, para fortalecer a agricultura familiar ind\u00edgena. O evento ofereceu assist\u00eancia t\u00e9cnica e capacita\u00e7\u00e3o para melhorar as pr\u00e1ticas agr\u00edcolas das comunidades S\u00e3o Lu\u00eds e Serrinha.\" class=\"wp-image-16816\" width=\"367\" height=\"544\" srcset=\"http:\/\/www.emater.ro.gov.br\/ematerro\/wp-content\/uploads\/2025\/03\/20250320-03mar2025-18e19-mutirao-ater-indigena-terras-rio-branco_robson-paiva-5-691x1024.jpg 691w, http:\/\/www.emater.ro.gov.br\/ematerro\/wp-content\/uploads\/2025\/03\/20250320-03mar2025-18e19-mutirao-ater-indigena-terras-rio-branco_robson-paiva-5-202x300.jpg 202w, http:\/\/www.emater.ro.gov.br\/ematerro\/wp-content\/uploads\/2025\/03\/20250320-03mar2025-18e19-mutirao-ater-indigena-terras-rio-branco_robson-paiva-5-768x1138.jpg 768w, http:\/\/www.emater.ro.gov.br\/ematerro\/wp-content\/uploads\/2025\/03\/20250320-03mar2025-18e19-mutirao-ater-indigena-terras-rio-branco_robson-paiva-5-1037x1536.jpg 1037w, http:\/\/www.emater.ro.gov.br\/ematerro\/wp-content\/uploads\/2025\/03\/20250320-03mar2025-18e19-mutirao-ater-indigena-terras-rio-branco_robson-paiva-5-1382x2048.jpg 1382w, http:\/\/www.emater.ro.gov.br\/ematerro\/wp-content\/uploads\/2025\/03\/20250320-03mar2025-18e19-mutirao-ater-indigena-terras-rio-branco_robson-paiva-5-scaled.jpg 1728w\" sizes=\"(max-width: 367px) 100vw, 367px\" \/><figcaption class=\"wp-element-caption\"><em><strong><sup>Durante o evento foram entregues 43 Certificados de Aptid\u00e3o Familiar (CAF)<\/sup><\/strong><\/em><\/figcaption><\/figure><\/div>\n\n\n<p><strong>ASSIST\u00caNCIA T\u00c9CNICA DIRECIONADA<\/strong><br>O 1\u00ba Mutir\u00e3o de Ater ind\u00edgena destaca a necessidade de um olhar mais atento \u00e0s demandas dos povos ind\u00edgenas, visando levar um atendimento especializado ao mesmo tempo em que absorve o conhecimento que estes trazem de suas ra\u00edzes. Por isso, um dos principais focos do mutir\u00e3o foi levar as pol\u00edticas p\u00fablicas voltadas para o desenvolvimento rural produtivo, para que essas fam\u00edlias possam ter condi\u00e7\u00f5es de ampliar e diversificar suas lavouras.<\/p>\n\n\n\n<p>A primeira a\u00e7\u00e3o se concentrou na Comunidade S\u00e3o Lu\u00eds, onde os t\u00e9cnicos da Emater-RO emitiram o Certificado de Aptid\u00e3o Familiar (CAF), documento essencial para acesso aos programas governamentais de incentivo \u00e0 agricultura. Os agricultores tamb\u00e9m participaram da oficina de torra de caf\u00e9 do programa Degusta Rond\u00f4nia 80+, um dos carro-chefe do desenvolvimento da cafeicultura rondonienses, e que vem transformando a realidade de Rond\u00f4nia em um dos maiores produtores de caf\u00e9 robusta do pa\u00eds.<\/p>\n\n\n\n<p><strong>CAPACITA\u00c7\u00c3O E TROCA DE CONHECIMENTO<\/strong><br>A comunidade ind\u00edgena recebeu da Emater-RO capacita\u00e7\u00e3o e orienta\u00e7\u00e3o t\u00e9cnica para aprimoramento de suas lavouras. Tamb\u00e9m foi oportunizado aos participantes a troca de conhecimentos sobre boas pr\u00e1ticas, visando aumentar a qualidade e a produtividade das colheitas. \u201cOs povos ind\u00edgenas est\u00e3o se destacando cada vez mais na produ\u00e7\u00e3o de forma sustent\u00e1vel expressivo, e nosso papel \u00e9 garantir que as pol\u00edticas p\u00fablicas de governo cheguem at\u00e9 eles, al\u00e9m de aprender com eles\u201d, ressalta Brand\u00e3o.<\/p>\n\n\n\n<p>Um dos destaques da a\u00e7\u00e3o foi a participa\u00e7\u00e3o da fam\u00edlia Aru\u00e1, conhecida por suas conquistas em concursos de caf\u00e9s especiais. A hist\u00f3ria dessa fam\u00edlia, que vive nas Terra Ind\u00edgenas Rio Branco, evidencia a import\u00e2ncia da extens\u00e3o rural para a valoriza\u00e7\u00e3o da produ\u00e7\u00e3o local, unindo conhecimento tradicional e t\u00e9cnica especializada.<\/p>\n\n\n\n<p>Al\u00e9m da comunidade S\u00e3o Luiz, os extensionistas tamb\u00e9m se dedicaram \u00e0 Comunidade Serrinha. Nessa comunidade as a\u00e7\u00f5es foram focadas no cadastramento das fam\u00edlias no Programa de Aquisi\u00e7\u00e3o de Alimentos para os povos ind\u00edgenas (PAA-Ind\u00edgena), garantindo acesso a mercados institucionais para a comercializa\u00e7\u00e3o de seus produtos. Al\u00e9m disso, os produtores participaram de uma oficina sobre preparo de caf\u00e9 de qualidade, que contribuiu para agregar valor ao produto final.<\/p>\n\n\n<div class=\"wp-block-image\">\n<figure class=\"alignleft size-large is-resized\"><img decoding=\"async\" loading=\"lazy\" src=\"http:\/\/www.emater.ro.gov.br\/ematerro\/wp-content\/uploads\/2025\/03\/20250320-03mar2025-18e19-mutirao-ater-indigena-terras-rio-branco_robson-paiva-4-1024x691.jpg\" alt=\"\" class=\"wp-image-16817\" width=\"506\" height=\"340\" srcset=\"http:\/\/www.emater.ro.gov.br\/ematerro\/wp-content\/uploads\/2025\/03\/20250320-03mar2025-18e19-mutirao-ater-indigena-terras-rio-branco_robson-paiva-4-1024x691.jpg 1024w, http:\/\/www.emater.ro.gov.br\/ematerro\/wp-content\/uploads\/2025\/03\/20250320-03mar2025-18e19-mutirao-ater-indigena-terras-rio-branco_robson-paiva-4-300x203.jpg 300w, http:\/\/www.emater.ro.gov.br\/ematerro\/wp-content\/uploads\/2025\/03\/20250320-03mar2025-18e19-mutirao-ater-indigena-terras-rio-branco_robson-paiva-4-768x518.jpg 768w\" sizes=\"(max-width: 506px) 100vw, 506px\" \/><figcaption class=\"wp-element-caption\"><strong><em><sup>Valoriza a cultura ind\u00edgena combinando t\u00e9cnicas modernas com saber tradicional<\/sup><\/em><\/strong><\/figcaption><\/figure><\/div>\n\n\n<p>Para o governador Marcos Rocha, a promo\u00e7\u00e3o de pol\u00edticas p\u00fablicas eficazes contribui para impulsionar o desenvolvimento sustent\u00e1vel das comunidades ind\u00edgenas e salienta que \u201co trabalho que a Emater-RO vem fazendo junto a essas comunidades s\u00f3 tem demonstrado a import\u00e2ncia e o potencial dessas popula\u00e7\u00f5es ind\u00edgenas para a agricultura familiar e para Rond\u00f4nia\u201d.<\/p>\n\n\n\n<p><strong>RESULTADOS ALCAN\u00c7ADOS<\/strong><br>O 1\u00ba mutir\u00e3o de Ater ind\u00edgena na regi\u00e3o da Aldeia Ind\u00edgena Terra Rio Branco contou com a participa\u00e7\u00e3o de cinco agr\u00f4nomos e um bi\u00f3logo, todos comprometidos em levar conhecimento, inova\u00e7\u00e3o e desenvolvimento sustent\u00e1vel aos povos ind\u00edgenas de Rond\u00f4nia. Mais do que ensinar, os profissionais da Emater-RO destacam que o mutir\u00e3o proporcionou um aprendizado m\u00fatuo.<\/p>\n\n\n\n<p>A intera\u00e7\u00e3o entre t\u00e9cnicos e agricultores refor\u00e7ou a import\u00e2ncia da agricultura familiar e da valoriza\u00e7\u00e3o da cultura ind\u00edgena, combinando saber tradicional com t\u00e9cnicas modernas, receita fundamental para o fortalecimento da produ\u00e7\u00e3o rural ind\u00edgena e para a promo\u00e7\u00e3o de um desenvolvimento sustent\u00e1vel e inclusivo.<\/p>\n\n\n\n<p>Durante os dois dias de atividades, a a\u00e7\u00e3o da Emater-RO teve impactos positivos com a entrega de 43 Certificados de Aptid\u00e3o Familiar (CAF), documenta\u00e7\u00e3o de 20 CAF&#8217;s organizadas para elabora\u00e7\u00e3o e entrega nos pr\u00f3ximos dias, garantindo a continuidade dos atendimentos de forma programada, e realizou oficinas t\u00e9cnicas, capacitando produtores ind\u00edgenas para fortalecimento da agricultura familiar local.<\/p>\n\n\n\n<p>Essa a\u00e7\u00e3o dever\u00e1 ser estendida a demais comunidades ind\u00edgenas, dando continuidade ao projeto Ater ind\u00edgena e proporcionando a todos a oportunidade de investir em suas produ\u00e7\u00f5es e garantir seu sustento familiar.<\/p>\n\n\n\n<p class=\"has-text-align-right\"><strong><em><sup>Texto: Wania Ressutti<br>Jornalista \u2013 MTE-1744\/RO<br>Fotos: Robson Paiva<br>Rep\u00f3rter fotogr\u00e1fico \u2013 MTE-1337\/RO<br>EMATER-RO<\/sup><\/em><\/strong><\/p>\n","protected":false},"excerpt":{"rendered":"<p>A Aldeia Ind\u00edgena Terra Rio Branco, em Alta Floresta do Oeste, recebeu o 1\u00ba mutir\u00e3o de atendimento do projeto Ater Ind\u00edgena, realizado pela Emater-RO. A iniciativa visa integrar conhecimentos tradicionais e modernos, garantindo o acesso a pol\u00edticas p\u00fablicas e incentivando a produ\u00e7\u00e3o sustent\u00e1vel nas comunidades S\u00e3o Lu\u00eds e Serrinha.<\/p>\n","protected":false},"author":9,"featured_media":16821,"comment_status":"closed","ping_status":"closed","sticky":false,"template":"","format":"standard","meta":[],"categories":[10,9,12],"tags":[135,188,810,133,45],"_links":{"self":[{"href":"http:\/\/www.emater.ro.gov.br\/ematerro\/wp-json\/wp\/v2\/posts\/16799"}],"collection":[{"href":"http:\/\/www.emater.ro.gov.br\/ematerro\/wp-json\/wp\/v2\/posts"}],"about":[{"href":"http:\/\/www.emater.ro.gov.br\/ematerro\/wp-json\/wp\/v2\/types\/post"}],"author":[{"embeddable":true,"href":"http:\/\/www.emater.ro.gov.br\/ematerro\/wp-json\/wp\/v2\/users\/9"}],"replies":[{"embeddable":true,"href":"http:\/\/www.emater.ro.gov.br\/ematerro\/wp-json\/wp\/v2\/comments?post=16799"}],"version-history":[{"count":8,"href":"http:\/\/www.emater.ro.gov.br\/ematerro\/wp-json\/wp\/v2\/posts\/16799\/revisions"}],"predecessor-version":[{"id":16836,"href":"http:\/\/www.emater.ro.gov.br\/ematerro\/wp-json\/wp\/v2\/posts\/16799\/revisions\/16836"}],"wp:featuredmedia":[{"embeddable":true,"href":"http:\/\/www.emater.ro.gov.br\/ematerro\/wp-json\/wp\/v2\/media\/16821"}],"wp:attachment":[{"href":"http:\/\/www.emater.ro.gov.br\/ematerro\/wp-json\/wp\/v2\/media?parent=16799"}],"wp:term":[{"taxonomy":"category","embeddable":true,"href":"http:\/\/www.emater.ro.gov.br\/ematerro\/wp-json\/wp\/v2\/categories?post=16799"},{"taxonomy":"post_tag","embeddable":true,"href":"http:\/\/www.emater.ro.gov.br\/ematerro\/wp-json\/wp\/v2\/tags?post=16799"}],"curies":[{"name":"wp","href":"https:\/\/api.w.org\/{rel}","templated":true}]}}