{"id":16760,"date":"2025-03-18T11:55:43","date_gmt":"2025-03-18T15:55:43","guid":{"rendered":"http:\/\/www.emater.ro.gov.br\/ematerro\/?p=16760"},"modified":"2025-03-20T09:44:47","modified_gmt":"2025-03-20T13:44:47","slug":"jovem-surui-assina-primeiro-contrato-de-pronaf-a-para-indigenas-com-o-banco-basa","status":"publish","type":"post","link":"http:\/\/www.emater.ro.gov.br\/ematerro\/2025\/03\/18\/jovem-surui-assina-primeiro-contrato-de-pronaf-a-para-indigenas-com-o-banco-basa\/","title":{"rendered":"Jovem Suru\u00ed Assina Primeiro Contrato de Pronaf-A para Ind\u00edgenas com o Banco Basa"},"content":{"rendered":"\n<figure class=\"wp-block-image size-large\"><img decoding=\"async\" loading=\"lazy\" width=\"1024\" height=\"691\" src=\"http:\/\/www.emater.ro.gov.br\/ematerro\/wp-content\/uploads\/2025\/03\/20250318-03mar2025-17-ater-indigena_cacoal-3-1024x691.jpg\" alt=\"\" class=\"wp-image-16761\" srcset=\"http:\/\/www.emater.ro.gov.br\/ematerro\/wp-content\/uploads\/2025\/03\/20250318-03mar2025-17-ater-indigena_cacoal-3-1024x691.jpg 1024w, http:\/\/www.emater.ro.gov.br\/ematerro\/wp-content\/uploads\/2025\/03\/20250318-03mar2025-17-ater-indigena_cacoal-3-300x203.jpg 300w, http:\/\/www.emater.ro.gov.br\/ematerro\/wp-content\/uploads\/2025\/03\/20250318-03mar2025-17-ater-indigena_cacoal-3-768x518.jpg 768w, http:\/\/www.emater.ro.gov.br\/ematerro\/wp-content\/uploads\/2025\/03\/20250318-03mar2025-17-ater-indigena_cacoal-3-1536x1037.jpg 1536w, http:\/\/www.emater.ro.gov.br\/ematerro\/wp-content\/uploads\/2025\/03\/20250318-03mar2025-17-ater-indigena_cacoal-3-2048x1383.jpg 2048w\" sizes=\"(max-width: 1024px) 100vw, 1024px\" \/><figcaption class=\"wp-element-caption\"><strong><em><sup>O programa Ater Ind\u00edgena visa fortalecer a autonomia produtiva, respeitando os conhecimentos tradicionais e as pr\u00e1ticas de conserva\u00e7\u00e3o ambiental<\/sup><\/em><\/strong><\/figcaption><\/figure>\n\n\n\n<p>Em um marco hist\u00f3rico, o jovem Oypirah Neemias Suru\u00ed, cafeicultor da etnia Paiter Suru\u00ed, assina o primeiro contrato de Pronaf-A destinado a povos ind\u00edgenas, em parceria com o Banco da Amaz\u00f4nia (Basa). Este acontecimento \u00e9 fruto do programa de Assist\u00eancia T\u00e9cnica e Extens\u00e3o Rural (Ater) ind\u00edgena, lan\u00e7ado em 2024 pela Emater-RO, com o objetivo de oferecer assist\u00eancia t\u00e9cnica especializado e incentivar o desenvolvimento sustent\u00e1vel das comunidades ind\u00edgenas em Rond\u00f4nia, atendendo, inicialmente, os povos Paiter Suru\u00ed de Cacoal e Gavi\u00e3o e Amundau\u00e1 em Ji-Paran\u00e1. O programa Ater Ind\u00edgena visa fortalecer a autonomia produtiva, respeitando os conhecimentos tradicionais e as pr\u00e1ticas de conserva\u00e7\u00e3o ambiental.<\/p>\n\n\n<div class=\"wp-block-image\">\n<figure class=\"alignleft size-large is-resized\"><img decoding=\"async\" loading=\"lazy\" src=\"http:\/\/www.emater.ro.gov.br\/ematerro\/wp-content\/uploads\/2025\/03\/20250318-03mar2025-17-ater-indigena_cacoal-1-691x1024.jpg\" alt=\"\" class=\"wp-image-16762\" width=\"342\" height=\"507\" srcset=\"http:\/\/www.emater.ro.gov.br\/ematerro\/wp-content\/uploads\/2025\/03\/20250318-03mar2025-17-ater-indigena_cacoal-1-691x1024.jpg 691w, http:\/\/www.emater.ro.gov.br\/ematerro\/wp-content\/uploads\/2025\/03\/20250318-03mar2025-17-ater-indigena_cacoal-1-203x300.jpg 203w, http:\/\/www.emater.ro.gov.br\/ematerro\/wp-content\/uploads\/2025\/03\/20250318-03mar2025-17-ater-indigena_cacoal-1-768x1138.jpg 768w, http:\/\/www.emater.ro.gov.br\/ematerro\/wp-content\/uploads\/2025\/03\/20250318-03mar2025-17-ater-indigena_cacoal-1-1037x1536.jpg 1037w, http:\/\/www.emater.ro.gov.br\/ematerro\/wp-content\/uploads\/2025\/03\/20250318-03mar2025-17-ater-indigena_cacoal-1-1382x2048.jpg 1382w, http:\/\/www.emater.ro.gov.br\/ematerro\/wp-content\/uploads\/2025\/03\/20250318-03mar2025-17-ater-indigena_cacoal-1-scaled.jpg 1728w\" sizes=\"(max-width: 342px) 100vw, 342px\" \/><figcaption class=\"wp-element-caption\"><strong><em><sup>Oypirah planeja investir ainda mais em t\u00e9cnicas de produ\u00e7\u00e3o de caf\u00e9 especial<\/sup><\/em><\/strong><\/figcaption><\/figure><\/div>\n\n\n<p>&#8220;O cr\u00e9dito rural \u00e9 mais uma ferramenta, desde que associada a outros tratos culturais, para melhorar a produ\u00e7\u00e3o e produtividade&#8221;, destacou Wesley Gama, t\u00e9cnico da Emater-RO respons\u00e1vel pela elabora\u00e7\u00e3o das propostas em campo, que foram internalizadas com sucesso no Basa. Ele enfatizou a import\u00e2ncia de combinar o acesso ao cr\u00e9dito com boas pr\u00e1ticas agr\u00edcolas, como o manejo adequado do solo, o uso de mudas de qualidade e o controle de pragas e doen\u00e7as, podas e aduba\u00e7\u00e3o.<\/p>\n\n\n\n<p><strong>PIONEIRISMO NO CR\u00c9DITO RURAL IND\u00cdGENA<\/strong><br>Em 2025, a Emater-RO, juntamente com seu corpo t\u00e9cnico, conseguiu aprovar a primeira proposta do Pronaf-A, voltada para os povos ind\u00edgenas, respeitando crit\u00e9rios t\u00e9cnicos rigorosos e uma an\u00e1lise ambiental detalhada. A iniciativa busca responder \u00e0 necessidade identificada em diagn\u00f3sticos pr\u00e9vios nas aldeias ind\u00edgenas, que indicaram uma demanda crescente por cr\u00e9dito rural para aumentar principalmente a produ\u00e7\u00e3o de banana, caf\u00e9 e cacau. Esses diagn\u00f3sticos envolveram a aplica\u00e7\u00e3o de question\u00e1rios socioecon\u00f4micos, entrevistas com lideran\u00e7as comunit\u00e1rias e visitas t\u00e9cnicas \u00e0s aldeias ind\u00edgenas, permitindo identificar as principais necessidades e potencialidades de cada comunidade. A an\u00e1lise ambiental detalhada incluiu a avalia\u00e7\u00e3o dos impactos das atividades produtivas sobre os recursos naturais, como a \u00e1gua, o solo e a biodiversidade, buscando garantir a sustentabilidade ambiental dos projetos.<\/p>\n\n\n\n<p>Marcelo, gerente da ag\u00eancia do Basa, afirma: &#8220;O Banco da Amaz\u00f4nia tem interesse em fomentar atividades sustent\u00e1veis, que tamb\u00e9m incluem os povos ind\u00edgenas aqui de Cacoal-RO.&#8221; Ele ressalta que o Basa possui linhas de cr\u00e9dito espec\u00edficas para projetos sustent\u00e1veis, que visam conciliar o desenvolvimento econ\u00f4mico com a conserva\u00e7\u00e3o ambiental e a valoriza\u00e7\u00e3o da cultura local.<\/p>\n\n\n\n<p><strong>IMPACTO NAS COMUNIDADES IND\u00cdGENAS<\/strong><br>O Pronaf-A, originalmente destinado apenas a assentados da reforma agr\u00e1ria, foi expandido para incluir povos ind\u00edgenas e quilombolas, oferecendo um limite de cr\u00e9dito de at\u00e9 R$ 52.500,00, com rebate de at\u00e9 42%, al\u00e9m de car\u00eancia, parcelamentos e taxa de juros de 0,5%. Este financiamento permitiu a Oypirah instalar um sistema completo de irriga\u00e7\u00e3o, como um sistema de microaspers\u00e3o, para suas planta\u00e7\u00f5es de caf\u00e9, banana e cacau na aldeia Tik\u00e3. A escolha do sistema de irriga\u00e7\u00e3o \u00e9 crucial para otimizar o uso da \u00e1gua e garantir a produtividade das culturas, especialmente em per\u00edodos de seca.<\/p>\n\n\n<div class=\"wp-block-image\">\n<figure class=\"alignright size-large is-resized\"><img decoding=\"async\" loading=\"lazy\" src=\"http:\/\/www.emater.ro.gov.br\/ematerro\/wp-content\/uploads\/2025\/03\/20250318-03mar2025-17-ater-indigena_cacoal-6-1024x691.jpg\" alt=\"\" class=\"wp-image-16763\" width=\"511\" height=\"344\" srcset=\"http:\/\/www.emater.ro.gov.br\/ematerro\/wp-content\/uploads\/2025\/03\/20250318-03mar2025-17-ater-indigena_cacoal-6-1024x691.jpg 1024w, http:\/\/www.emater.ro.gov.br\/ematerro\/wp-content\/uploads\/2025\/03\/20250318-03mar2025-17-ater-indigena_cacoal-6-300x203.jpg 300w, http:\/\/www.emater.ro.gov.br\/ematerro\/wp-content\/uploads\/2025\/03\/20250318-03mar2025-17-ater-indigena_cacoal-6-768x518.jpg 768w, http:\/\/www.emater.ro.gov.br\/ematerro\/wp-content\/uploads\/2025\/03\/20250318-03mar2025-17-ater-indigena_cacoal-6-1536x1037.jpg 1536w, http:\/\/www.emater.ro.gov.br\/ematerro\/wp-content\/uploads\/2025\/03\/20250318-03mar2025-17-ater-indigena_cacoal-6-2048x1383.jpg 2048w\" sizes=\"(max-width: 511px) 100vw, 511px\" \/><figcaption class=\"wp-element-caption\"><strong><sup><em><em><strong>O cr\u00e9dito rural \u00e9 uma ferramenta para melhorar a produ\u00e7\u00e3o e produtivid<\/strong><\/em><\/em>ade<\/sup><\/strong><\/figcaption><\/figure><\/div>\n\n\n<p>Solange Suru\u00ed, m\u00e3e de Oypirah, expressou seu entusiasmo: &#8220;Hoje \u00e9 um dia que sempre esperamos e \u00e9 muito emocionante para toda nossa fam\u00edlia; eu nunca desisto de meus sonhos.&#8221; Ela destaca a import\u00e2ncia do apoio familiar e da perseveran\u00e7a para superar os desafios e alcan\u00e7ar os objetivos.<\/p>\n\n\n\n<p>Oypirah completou: &#8220;Com certeza vou aumentar minha produ\u00e7\u00e3o de caf\u00e9 especial na mesma \u00e1rea de antes.&#8221; Ele planeja investir ainda mais em t\u00e9cnicas de produ\u00e7\u00e3o de caf\u00e9 especial, como a sele\u00e7\u00e3o de gr\u00e3os maduros, a fermenta\u00e7\u00e3o controlada e a secagem, para agregar valor ao seu produto e garantir suas vendas.<\/p>\n\n\n\n<p>A Emater-RO\/Cacoal, pretende expandir a elabora\u00e7\u00e3o de propostas para outras fam\u00edlias da Terra Ind\u00edgena Sete de Setembro, com foco em projetos produtivos e sustent\u00e1veis. A Preserva\u00e7\u00e3o e Sustentabilidade.<\/p>\n\n\n\n<p>Almir Suru\u00ed, um dos l\u00edderes do povo Paiter Suru\u00ed, refor\u00e7ou a import\u00e2ncia do projeto: &#8220;O cr\u00e9dito rural \u00e9 bem-vindo ao nosso povo, amplia os pilares da sustentabilidade. Inclusive \u00e9 previsto no Plano de Gest\u00e3o da Terra Ind\u00edgena (PGTI).&#8221; O PGTI \u00e9 um instrumento de planejamento participativo, que define as diretrizes para o uso sustent\u00e1vel dos recursos naturais e o desenvolvimento socioecon\u00f4mico da Terra Ind\u00edgena, respeitando os direitos e os costumes do povo Paiter Suru\u00ed.<\/p>\n\n\n\n<p class=\"has-text-align-right has-black-color has-text-color\"><sup><em>Fonte: Camila Fabiana<br>Fotos Wesley Gama<\/em><\/sup><\/p>\n","protected":false},"excerpt":{"rendered":"<p>Em um marco hist\u00f3rico, o jovem Oypirah Neemias Suru\u00ed, cafeicultor da etnia Paiter Suru\u00ed, assina o primeiro contrato de Pronaf-A destinado a povos ind\u00edgenas, em parceria com o Banco da [&hellip;]<\/p>\n","protected":false},"author":8,"featured_media":16764,"comment_status":"closed","ping_status":"closed","sticky":false,"template":"","format":"standard","meta":[],"categories":[10,9,12],"tags":[135,188,810,31,45],"_links":{"self":[{"href":"http:\/\/www.emater.ro.gov.br\/ematerro\/wp-json\/wp\/v2\/posts\/16760"}],"collection":[{"href":"http:\/\/www.emater.ro.gov.br\/ematerro\/wp-json\/wp\/v2\/posts"}],"about":[{"href":"http:\/\/www.emater.ro.gov.br\/ematerro\/wp-json\/wp\/v2\/types\/post"}],"author":[{"embeddable":true,"href":"http:\/\/www.emater.ro.gov.br\/ematerro\/wp-json\/wp\/v2\/users\/8"}],"replies":[{"embeddable":true,"href":"http:\/\/www.emater.ro.gov.br\/ematerro\/wp-json\/wp\/v2\/comments?post=16760"}],"version-history":[{"count":8,"href":"http:\/\/www.emater.ro.gov.br\/ematerro\/wp-json\/wp\/v2\/posts\/16760\/revisions"}],"predecessor-version":[{"id":16814,"href":"http:\/\/www.emater.ro.gov.br\/ematerro\/wp-json\/wp\/v2\/posts\/16760\/revisions\/16814"}],"wp:featuredmedia":[{"embeddable":true,"href":"http:\/\/www.emater.ro.gov.br\/ematerro\/wp-json\/wp\/v2\/media\/16764"}],"wp:attachment":[{"href":"http:\/\/www.emater.ro.gov.br\/ematerro\/wp-json\/wp\/v2\/media?parent=16760"}],"wp:term":[{"taxonomy":"category","embeddable":true,"href":"http:\/\/www.emater.ro.gov.br\/ematerro\/wp-json\/wp\/v2\/categories?post=16760"},{"taxonomy":"post_tag","embeddable":true,"href":"http:\/\/www.emater.ro.gov.br\/ematerro\/wp-json\/wp\/v2\/tags?post=16760"}],"curies":[{"name":"wp","href":"https:\/\/api.w.org\/{rel}","templated":true}]}}