{"id":16736,"date":"2025-03-17T09:07:57","date_gmt":"2025-03-17T13:07:57","guid":{"rendered":"http:\/\/www.emater.ro.gov.br\/ematerro\/?p=16736"},"modified":"2025-03-18T07:32:40","modified_gmt":"2025-03-18T11:32:40","slug":"emater-ro-apresenta-tecnologia-para-producao-organica-na-r-r-show","status":"publish","type":"post","link":"http:\/\/www.emater.ro.gov.br\/ematerro\/2025\/03\/17\/emater-ro-apresenta-tecnologia-para-producao-organica-na-r-r-show\/","title":{"rendered":"Emater-RO apresenta tecnologia para produ\u00e7\u00e3o org\u00e2nica na 12\u00aa Rond\u00f4nia Rural Show Internacional"},"content":{"rendered":"\n<p><\/p>\n\n\n\n<figure class=\"wp-block-image size-full\"><img decoding=\"async\" loading=\"lazy\" width=\"1000\" height=\"675\" src=\"http:\/\/www.emater.ro.gov.br\/ematerro\/wp-content\/uploads\/2025\/03\/20250313-jurandir-bio-fertilizante-2025.jpg\" alt=\"\" class=\"wp-image-16737\" srcset=\"http:\/\/www.emater.ro.gov.br\/ematerro\/wp-content\/uploads\/2025\/03\/20250313-jurandir-bio-fertilizante-2025.jpg 1000w, http:\/\/www.emater.ro.gov.br\/ematerro\/wp-content\/uploads\/2025\/03\/20250313-jurandir-bio-fertilizante-2025-300x203.jpg 300w, http:\/\/www.emater.ro.gov.br\/ematerro\/wp-content\/uploads\/2025\/03\/20250313-jurandir-bio-fertilizante-2025-768x518.jpg 768w\" sizes=\"(max-width: 1000px) 100vw, 1000px\" \/><figcaption class=\"wp-element-caption\"><strong><sup><em>Extensionista Jurandir Mesquita dem<\/em>onstra funcionamento do biodigestor<\/sup><\/strong> <\/figcaption><\/figure>\n\n\n\n<p>O crescimento da demanda por alimentos obriga cada vez mais o agricultor buscar novas tecnologias que facilitem a produ\u00e7\u00e3o e com isto aumenta a necessidade de uso de energia na propriedade rural, e na mesma propor\u00e7\u00e3o que aumenta a produ\u00e7\u00e3o agropecu\u00e1ria, tamb\u00e9m cresce a gera\u00e7\u00e3o de res\u00edduos com potencial de poluir o solo, e as fontes de agua, al\u00e9m de lan\u00e7ar gases do efeito estufa na atmosfera. Mas, felizmente com tecnologia muito simples o produtor pode transformar o que seria rejeito da produ\u00e7\u00e3o em fonte de energia e adubo para recupera\u00e7\u00e3o do solo.<\/p>\n\n\n\n<p>Os dejetos dos animais, em qualquer cria\u00e7\u00e3o, mas principalmente na bovinocultura de leite, atividade pecu\u00e1ria mais comum na agricultura familiar rondoniense, pode e deve se transformar em fonte de energia para uso na propriedade rural, e principalmente em fertilizante para adubar as lavouras ou melhorando significativamente a estrutura f\u00edsica do solo e ao mesmo tempo fornecendo os macro e micro nutrientes necess\u00e1rios ao desenvolvimento das plantas.<\/p>\n\n\n\n<p>\u00c9 exatamente isto que o produtor ir\u00e1 conhecer atrav\u00e9s do Biodigestor 2000, que ser\u00e1 apresentado na Rond\u00f4nia Rural Show, trata-se de uma adapta\u00e7\u00e3o do biodigestor Sertanejo, desenvolvido pelo extensionistas da Entidade Aut\u00e1rquica de Assist\u00eancia T\u00e9cnica e Extens\u00e3o Rural (Emater-RO) de Nova Colina, Jurandir Batista Mesquita, que afirma que este biodigestor pode produzir o equivalente a 1,5 botijas de g\u00e1s GLP(13kg), por m\u00eas. E o mais importante transforma os dejetos do curral em biofertilizante, evitando a cria\u00e7\u00e3o de moscas e outros problemas ambientais.<\/p>\n\n\n\n<p>\u00a0O biofertilizante \u00e9 o subproduto resultante da fermenta\u00e7\u00e3o anaer\u00f3bica dos dejetos da cria\u00e7\u00e3o depositados no biodigestor que se transformam em um adubo limpo que contem uma complexa composi\u00e7\u00e3o de nutrientes essenciais \u00e0s plantas, principalmente nitrog\u00eanio e f\u00f3sforo, e tamb\u00e9m tem fun\u00e7\u00e3o como defensivo agr\u00edcola, combatendo infesta\u00e7\u00e3o de pragas e doen\u00e7as.<\/p>\n\n\n\n<p>O produtor que conhecer o biodigestor na Rond\u00f4nia Rural Show e se interessar em adotar a tecnologia poder\u00e3o contar com acompanhamento t\u00e9cnico em todas as fazes da constru\u00e7\u00e3o, inclusive na elabora\u00e7\u00e3o do projeto de cr\u00e9dito, no caso do produtor desejar financiar a constru\u00e7\u00e3o, explica o presidente da Emater-RO, Luciano Brand\u00e3o.<\/p>\n\n\n\n<p>Este ano a Rond\u00f4nia Rural Show, maior evento do agroneg\u00f3cio na Regi\u00e3o Norte, traz o tema do Campo ao Futuro, e para o governo do Estado demonstra o empenho do governo com o desenvolvimento sustent\u00e1vel e a inova\u00e7\u00e3o. \u201cEstamos criando um ambiente prop\u00edcio para que novos neg\u00f3cios surjam e as tecnologias mais avan\u00e7adas se integrem ao cotidiano dos produtores\u201d, disse o governador Marcos Rocha.<\/p>\n\n\n\n<p class=\"has-text-align-right\"><strong><em><sup>Texto: Enoque de Oliveira<br>Foto: Jurandir Mesquita<br>Emater-RO<\/sup><\/em><\/strong><\/p>\n","protected":false},"excerpt":{"rendered":"<p>O crescimento da demanda por alimentos obriga cada vez mais o agricultor buscar novas tecnologias que facilitem a produ\u00e7\u00e3o e com isto aumenta a necessidade de uso de energia na [&hellip;]<\/p>\n","protected":false},"author":8,"featured_media":16737,"comment_status":"closed","ping_status":"closed","sticky":false,"template":"","format":"standard","meta":[],"categories":[10,9,12],"tags":[188,45],"_links":{"self":[{"href":"http:\/\/www.emater.ro.gov.br\/ematerro\/wp-json\/wp\/v2\/posts\/16736"}],"collection":[{"href":"http:\/\/www.emater.ro.gov.br\/ematerro\/wp-json\/wp\/v2\/posts"}],"about":[{"href":"http:\/\/www.emater.ro.gov.br\/ematerro\/wp-json\/wp\/v2\/types\/post"}],"author":[{"embeddable":true,"href":"http:\/\/www.emater.ro.gov.br\/ematerro\/wp-json\/wp\/v2\/users\/8"}],"replies":[{"embeddable":true,"href":"http:\/\/www.emater.ro.gov.br\/ematerro\/wp-json\/wp\/v2\/comments?post=16736"}],"version-history":[{"count":5,"href":"http:\/\/www.emater.ro.gov.br\/ematerro\/wp-json\/wp\/v2\/posts\/16736\/revisions"}],"predecessor-version":[{"id":16759,"href":"http:\/\/www.emater.ro.gov.br\/ematerro\/wp-json\/wp\/v2\/posts\/16736\/revisions\/16759"}],"wp:featuredmedia":[{"embeddable":true,"href":"http:\/\/www.emater.ro.gov.br\/ematerro\/wp-json\/wp\/v2\/media\/16737"}],"wp:attachment":[{"href":"http:\/\/www.emater.ro.gov.br\/ematerro\/wp-json\/wp\/v2\/media?parent=16736"}],"wp:term":[{"taxonomy":"category","embeddable":true,"href":"http:\/\/www.emater.ro.gov.br\/ematerro\/wp-json\/wp\/v2\/categories?post=16736"},{"taxonomy":"post_tag","embeddable":true,"href":"http:\/\/www.emater.ro.gov.br\/ematerro\/wp-json\/wp\/v2\/tags?post=16736"}],"curies":[{"name":"wp","href":"https:\/\/api.w.org\/{rel}","templated":true}]}}