{"id":16678,"date":"2025-02-27T08:35:16","date_gmt":"2025-02-27T12:35:16","guid":{"rendered":"http:\/\/www.emater.ro.gov.br\/ematerro\/?p=16678"},"modified":"2025-12-22T10:50:56","modified_gmt":"2025-12-22T14:50:56","slug":"na-xii-rondonia-rural-show-a-emater-ro-apresenta-tecnologia-e-sustentabilidade-na-agricultura","status":"publish","type":"post","link":"http:\/\/www.emater.ro.gov.br\/ematerro\/2025\/02\/27\/na-xii-rondonia-rural-show-a-emater-ro-apresenta-tecnologia-e-sustentabilidade-na-agricultura\/","title":{"rendered":"Na 12\u00aa Rond\u00f4nia Rural Show, a Emater-RO apresentar\u00e1 tecnologia e sustentabilidade na agricultura"},"content":{"rendered":"<div class=\"wp-block-image\">\n<figure class=\"aligncenter size-full\"><img decoding=\"async\" loading=\"lazy\" width=\"1000\" height=\"675\" src=\"http:\/\/www.emater.ro.gov.br\/ematerro\/wp-content\/uploads\/2025\/02\/20250227-cabecote-com-filtro-para-irrigacao.jpg\" alt=\"\" class=\"wp-image-16679\" srcset=\"http:\/\/www.emater.ro.gov.br\/ematerro\/wp-content\/uploads\/2025\/02\/20250227-cabecote-com-filtro-para-irrigacao.jpg 1000w, http:\/\/www.emater.ro.gov.br\/ematerro\/wp-content\/uploads\/2025\/02\/20250227-cabecote-com-filtro-para-irrigacao-300x203.jpg 300w, http:\/\/www.emater.ro.gov.br\/ematerro\/wp-content\/uploads\/2025\/02\/20250227-cabecote-com-filtro-para-irrigacao-768x518.jpg 768w\" sizes=\"(max-width: 1000px) 100vw, 1000px\" \/><figcaption class=\"wp-element-caption\"><strong><em><sup>A Emater-RO apresentar\u00e1 tecnologia de uso e conserva\u00e7\u00e3o da \u00e1gua atrav\u00e9s de unidades demonstrativas<\/sup><\/em><\/strong><\/figcaption><\/figure><\/div>\n\n\n<p>O agricultor que visitar a 12\u00aa Rond\u00f4nia Rural Show, que ser\u00e1 realizada na \u00faltima semana de maio em Ji-Paran\u00e1, vai encontrar o que h\u00e1 de mais moderno no mundo em mat\u00e9ria de tecnologia da produ\u00e7\u00e3o rural, mas \u00e9 preciso ter aten\u00e7\u00e3o aos detalhes porque nem sempre a tecnologia est\u00e1 vis\u00edvel, como no caso das enormes m\u00e1quinas espalhadas pelo p\u00e1tio da feira. No stand da Entidade Aut\u00e1rquica de Assist\u00eancia T\u00e9cnica e Extens\u00e3o Rural (Emater-RO), tamb\u00e9m chamado de vitrine tecnol\u00f3gica, a inova\u00e7\u00e3o que pode mudar a realidade da propriedade rural e da fam\u00edlia do produtor pode estar encoberta, debaixo das plantas cultivadas para a demonstra\u00e7\u00e3o, \u00e9 o caso dos modernos sistemas de irriga\u00e7\u00e3o localizada, que economizam mais de 70% da \u00e1gua e aumentam a efici\u00eancia produtiva das plantas.<\/p>\n\n\n\n<p><strong>USO E CONSERVA\u00c7\u00c3O<\/strong><br>A Emater-RO apresentar\u00e1 a tecnologia de uso e conserva\u00e7\u00e3o da \u00e1gua atrav\u00e9s de unidades demonstrativas. Entre outras situa\u00e7\u00f5es, mostrar\u00e1 uma lavoura de caf\u00e9 com 603 plantas irrigadas por meio de um sistema de gotejo que economiza mais de 70% da \u00e1gua, quando comparado a outros sistemas de irriga\u00e7\u00e3o. Essa economia, por si s\u00f3, \u00e9 motivo suficiente para incentivar o produtor em tempos de crise clim\u00e1tica com seca extrema, como a que se viu em 2024.<\/p>\n\n\n\n<p>Mas as vantagens da tecnologia v\u00e3o ainda mais longe. Al\u00e9m de o produtor gastar menos com \u00e1gua e energia, ainda pode diminuir m\u00e3o de obra e aumentar a efic\u00e1cia da aduba\u00e7\u00e3o atrav\u00e9s da fertirriga\u00e7\u00e3o, modelo usado para diluir os fertilizantes qu\u00edmicos, macro e micro nutrientes, para aplica\u00e7\u00e3o juntamente \u00e0 \u00e1gua da irriga\u00e7\u00e3o, de modo automatizado. Estudos da Ag\u00eancia Nacional de \u00c1guas (ANA) revelam que a agropecu\u00e1ria \u00e9 a atividade que mais consome \u00e1gua no pa\u00eds, algo em torno de 70% do consumo nacional, o que torna a irriga\u00e7\u00e3o e o uso geral da \u00e1gua um assunto priorit\u00e1rio, quando se trata de produ\u00e7\u00e3o rural.<\/p>\n\n\n\n<p>O governador de Rond\u00f4nia, Marcos Rocha, ressaltou a potencialidade do estado, que possibilitou a implanta\u00e7\u00e3o de v\u00e1rios programas na pol\u00edtica agr\u00edcola, valorizando por exemplo, a produ\u00e7\u00e3o de pescado. \u201cLevamos o Tambaqui de Rond\u00f4nia para Boston nos Estados Unidos, que j\u00e1 est\u00e1 sendo exportado para l\u00e1. &nbsp;Na cultura do caf\u00e9, o governo implantou o programa&nbsp;Plante Mais, que distribui mudas de caf\u00e9, com os clones mais produtivos do estado, e o&nbsp;Concaf\u00e9, projeto que deu visibilidade ao caf\u00e9 de Rond\u00f4nia, e colocou o estado no ranque nacional de exportadores do produto\u201d, evidenciou.<\/p>\n\n\n\n<p><strong>PRODU\u00c7\u00c3O COM SUSTENTABILIDADE<\/strong><\/p>\n\n\n<div class=\"wp-block-image\">\n<figure class=\"alignleft size-full is-resized\"><img decoding=\"async\" loading=\"lazy\" src=\"http:\/\/www.emater.ro.gov.br\/ematerro\/wp-content\/uploads\/2025\/02\/20250227-recuperacao-de-nascentes.jpg\" alt=\"\" class=\"wp-image-16680\" width=\"441\" height=\"298\" srcset=\"http:\/\/www.emater.ro.gov.br\/ematerro\/wp-content\/uploads\/2025\/02\/20250227-recuperacao-de-nascentes.jpg 1000w, http:\/\/www.emater.ro.gov.br\/ematerro\/wp-content\/uploads\/2025\/02\/20250227-recuperacao-de-nascentes-300x203.jpg 300w, http:\/\/www.emater.ro.gov.br\/ematerro\/wp-content\/uploads\/2025\/02\/20250227-recuperacao-de-nascentes-768x518.jpg 768w\" sizes=\"(max-width: 441px) 100vw, 441px\" \/><figcaption class=\"wp-element-caption\"><em><sup><strong>Modelos de conserva\u00e7\u00e3o de nascentes e recupera\u00e7\u00e3o de cursos de \u00e1gua ser\u00e3o apresentadas na Vitrine Tecnol\u00f3gica da Emater-RO<\/strong><\/sup><\/em><\/figcaption><\/figure><\/div>\n\n\n<p>No estande da Emater-RO, durante o evento, ao lado da lavoura de caf\u00e9, com 20 clones da variedade Robustas Amaz\u00f4nicos, est\u00e3o outras demonstra\u00e7\u00f5es de cultivo, incluindo 200 plantas de Cacau, intercalado com mais 200 plantas de banana, e numa parcela vizinha, s\u00e3o apresentadas t\u00e9cnicas de recupera\u00e7\u00e3o de \u00e1reas degradas, utilizando-se a introdu\u00e7\u00e3o de plantas cultivadas originarias da Amaz\u00f4nia para enriquecimento da capoeira, durante a regenera\u00e7\u00e3o espont\u00e2nea da vegeta\u00e7\u00e3o nativa.<\/p>\n\n\n\n<p>De acordo com o t\u00e9cnico respons\u00e1vel pela manuten\u00e7\u00e3o da unidade de demonstra\u00e7\u00e3o, Wagner Osair de Oliveira, na Vitrine Tecnol\u00f3gica da Emater-RO, o visitante tamb\u00e9m vai encontrar modelos de conserva\u00e7\u00e3o de nascentes e recupera\u00e7\u00e3o de cursos de \u00e1gua, com apresenta\u00e7\u00e3o de uma nascente protegida com a utiliza\u00e7\u00e3o de pedras, e ainda outras t\u00e9cnicas como as barraginhas para infiltra\u00e7\u00e3o da \u00e1gua no solo, t\u00e9cnica que facilita a revitaliza\u00e7\u00e3o das nascentes e prote\u00e7\u00e3o do solo.<\/p>\n\n\n\n<p>O diretor-presidente da Emater-RO, Luciano Brand\u00e3o frisou que, \u201cdurante todos os dias da Feira, a autarquia disponibilizar\u00e1 t\u00e9cnicos para fazerem visitas guiadas pela unidade de demonstra\u00e7\u00e3o, apresentando detalhadamente aos visitantes, as diferentes &nbsp;etapas de uso das tecnologias de produ\u00e7\u00e3o e conserva\u00e7\u00e3o do ambiente rural demonstradas na unidade.\u201d<\/p>\n","protected":false},"excerpt":{"rendered":"<p>O agricultor que visitar a 12\u00aa Rond\u00f4nia Rural Show, que ser\u00e1 realizada na \u00faltima semana de maio em Ji-Paran\u00e1, vai encontrar o que h\u00e1 de mais moderno no mundo em [&hellip;]<\/p>\n","protected":false},"author":8,"featured_media":16681,"comment_status":"closed","ping_status":"closed","sticky":false,"template":"","format":"standard","meta":[],"categories":[9,12],"tags":[135,45],"_links":{"self":[{"href":"http:\/\/www.emater.ro.gov.br\/ematerro\/wp-json\/wp\/v2\/posts\/16678"}],"collection":[{"href":"http:\/\/www.emater.ro.gov.br\/ematerro\/wp-json\/wp\/v2\/posts"}],"about":[{"href":"http:\/\/www.emater.ro.gov.br\/ematerro\/wp-json\/wp\/v2\/types\/post"}],"author":[{"embeddable":true,"href":"http:\/\/www.emater.ro.gov.br\/ematerro\/wp-json\/wp\/v2\/users\/8"}],"replies":[{"embeddable":true,"href":"http:\/\/www.emater.ro.gov.br\/ematerro\/wp-json\/wp\/v2\/comments?post=16678"}],"version-history":[{"count":8,"href":"http:\/\/www.emater.ro.gov.br\/ematerro\/wp-json\/wp\/v2\/posts\/16678\/revisions"}],"predecessor-version":[{"id":16691,"href":"http:\/\/www.emater.ro.gov.br\/ematerro\/wp-json\/wp\/v2\/posts\/16678\/revisions\/16691"}],"wp:featuredmedia":[{"embeddable":true,"href":"http:\/\/www.emater.ro.gov.br\/ematerro\/wp-json\/wp\/v2\/media\/16681"}],"wp:attachment":[{"href":"http:\/\/www.emater.ro.gov.br\/ematerro\/wp-json\/wp\/v2\/media?parent=16678"}],"wp:term":[{"taxonomy":"category","embeddable":true,"href":"http:\/\/www.emater.ro.gov.br\/ematerro\/wp-json\/wp\/v2\/categories?post=16678"},{"taxonomy":"post_tag","embeddable":true,"href":"http:\/\/www.emater.ro.gov.br\/ematerro\/wp-json\/wp\/v2\/tags?post=16678"}],"curies":[{"name":"wp","href":"https:\/\/api.w.org\/{rel}","templated":true}]}}