{"id":16639,"date":"2025-02-05T11:02:59","date_gmt":"2025-02-05T15:02:59","guid":{"rendered":"http:\/\/www.emater.ro.gov.br\/ematerro\/?p=16639"},"modified":"2025-12-22T10:51:13","modified_gmt":"2025-12-22T14:51:13","slug":"emater-ro-alinha-acoes-com-entidades-beneficiarias-e-inicia-atividades-do-paa-indigena-em-rondonia","status":"publish","type":"post","link":"http:\/\/www.emater.ro.gov.br\/ematerro\/2025\/02\/05\/emater-ro-alinha-acoes-com-entidades-beneficiarias-e-inicia-atividades-do-paa-indigena-em-rondonia\/","title":{"rendered":"Emater-RO alinha a\u00e7\u00f5es com entidades benefici\u00e1rias e inicia atividades do PAA ind\u00edgena em Rond\u00f4nia"},"content":{"rendered":"<div class=\"wp-block-image\">\n<figure class=\"aligncenter size-large\"><img decoding=\"async\" loading=\"lazy\" width=\"1024\" height=\"691\" src=\"http:\/\/www.emater.ro.gov.br\/ematerro\/wp-content\/uploads\/2025\/02\/20250205-2024_indigenas-surui-cacoal_robson-paiva-1024x691.jpg\" alt=\"\" class=\"wp-image-16641\" srcset=\"http:\/\/www.emater.ro.gov.br\/ematerro\/wp-content\/uploads\/2025\/02\/20250205-2024_indigenas-surui-cacoal_robson-paiva-1024x691.jpg 1024w, http:\/\/www.emater.ro.gov.br\/ematerro\/wp-content\/uploads\/2025\/02\/20250205-2024_indigenas-surui-cacoal_robson-paiva-300x202.jpg 300w, http:\/\/www.emater.ro.gov.br\/ematerro\/wp-content\/uploads\/2025\/02\/20250205-2024_indigenas-surui-cacoal_robson-paiva-768x518.jpg 768w, http:\/\/www.emater.ro.gov.br\/ematerro\/wp-content\/uploads\/2025\/02\/20250205-2024_indigenas-surui-cacoal_robson-paiva-1536x1037.jpg 1536w, http:\/\/www.emater.ro.gov.br\/ematerro\/wp-content\/uploads\/2025\/02\/20250205-2024_indigenas-surui-cacoal_robson-paiva-2048x1382.jpg 2048w\" sizes=\"(max-width: 1024px) 100vw, 1024px\" \/><figcaption class=\"wp-element-caption\"><strong><em><sup>O trabalho de extens\u00e3o rural nas comunidades ind\u00edgenas \u00e9 feito de forma cont\u00ednua<\/sup><\/em><\/strong><\/figcaption><\/figure><\/div>\n\n\n<p>A equipe da Entidade Aut\u00e1rquica de Assist\u00eancia T\u00e9cnica e Extens\u00e3o Rural (Emater-RO) realizou nesta ter\u00e7a-feira (4), no audit\u00f3rio da C\u00e2mara Municipal de Cacoal, a primeira reuni\u00e3o para alinhamento junto \u00e0s entidades que receber\u00e3o os alimentos do Programa de Aquisi\u00e7\u00e3o de Alimentos (PAA) destinado \u00e0 comunidade ind\u00edgena de Rond\u00f4nia. Al\u00e9m de contribuir para o enfrentamento da inseguran\u00e7a alimentar e marginaliza\u00e7\u00e3o econ\u00f4mica e social, o PAA beneficiar\u00e1 produtores rurais ind\u00edgenas estimulando a produ\u00e7\u00e3o local e abrindo caminhos para a comercializa\u00e7\u00e3o de seus produtos.<\/p>\n\n\n\n<p>O Programa de Aquisi\u00e7\u00e3o de Alimentos (PAA) \u00e9 uma iniciativa do governo federal que, em parceria com os estados e munic\u00edpios vem atuando no combate \u00e0 fome e \u00e0 pobreza ao mesmo tempo em que incentiva produtores rurais valorizando e comercializando a produ\u00e7\u00e3o local. O programa j\u00e1 vem sendo executado em Rond\u00f4nia junto \u00e0 produtores rurais tradicionais com recursos financeiros tanto do governo federal, como do governo estadual, que tem destinado verbas para execu\u00e7\u00e3o do Programa Estadual de Aquisi\u00e7\u00e3o de Alimentos (PAA-Estadual).<\/p>\n\n\n\n<p>Esta nova modalidade visa atender especificamente a produtores rurais ind\u00edgenas, incentivando-os a produzir seu alimento e gerar renda para a comunidade, sem afast\u00e1-los de suas culturas e tradi\u00e7\u00f5es. Al\u00e9m disso, o PAA ind\u00edgena ser\u00e1 uma fonte de apoio \u00e0 erradica\u00e7\u00e3o da fome, por meio de doa\u00e7\u00f5es que ser\u00e3o direcionadas preferencialmente para essa popula\u00e7\u00e3o. \u201cO PAA ind\u00edgena vai contribuir para o fortalecimento dessas comunidades que poder\u00e3o produzir em suas terras mantendo a sua cultura alimentar e vai promover a seguran\u00e7a alimentar e nutricional de seus pares, garantindo a todos o que lhes \u00e9 de direito, uma alimenta\u00e7\u00e3o adequada, nutritiva e saud\u00e1vel\u201d, diz o governador Marcos Rocha.<\/p>\n\n\n<div class=\"wp-block-image\">\n<figure class=\"alignright size-large is-resized\"><img decoding=\"async\" loading=\"lazy\" src=\"http:\/\/www.emater.ro.gov.br\/ematerro\/wp-content\/uploads\/2025\/02\/20250205-01jan2025-ater-indigena-nova-colina_rafal-cidade-1024x691.jpg\" alt=\"\" class=\"wp-image-16642\" width=\"490\" height=\"330\" srcset=\"http:\/\/www.emater.ro.gov.br\/ematerro\/wp-content\/uploads\/2025\/02\/20250205-01jan2025-ater-indigena-nova-colina_rafal-cidade-1024x691.jpg 1024w, http:\/\/www.emater.ro.gov.br\/ematerro\/wp-content\/uploads\/2025\/02\/20250205-01jan2025-ater-indigena-nova-colina_rafal-cidade-300x203.jpg 300w, http:\/\/www.emater.ro.gov.br\/ematerro\/wp-content\/uploads\/2025\/02\/20250205-01jan2025-ater-indigena-nova-colina_rafal-cidade-768x518.jpg 768w, http:\/\/www.emater.ro.gov.br\/ematerro\/wp-content\/uploads\/2025\/02\/20250205-01jan2025-ater-indigena-nova-colina_rafal-cidade-1536x1037.jpg 1536w, http:\/\/www.emater.ro.gov.br\/ematerro\/wp-content\/uploads\/2025\/02\/20250205-01jan2025-ater-indigena-nova-colina_rafal-cidade.jpg 1600w\" sizes=\"(max-width: 490px) 100vw, 490px\" \/><figcaption class=\"wp-element-caption\"><em><strong><sup>O cadastro para o PAA ind\u00edgena est\u00e1 sendo realizado pela Emater-RO<\/sup><\/strong><\/em><\/figcaption><\/figure><\/div>\n\n\n<p><strong>ATER IND\u00cdGENA<\/strong><br>A Emater-RO, em parceria com a Secretara de Estado da Agricultura (Seagri) e com a Funda\u00e7\u00e3o Nacional do \u00cdndio (Funai), j\u00e1 vem promovendo atividades de desenvolvimento com a popula\u00e7\u00e3o ind\u00edgena atrav\u00e9s dos servi\u00e7os de assist\u00eancia t\u00e9cnica e extens\u00e3o rural ind\u00edgena (Ater ind\u00edgena). \u201cEsse projeto faz parte da execu\u00e7\u00e3o dos servi\u00e7os de assist\u00eancia t\u00e9cnica gratuito oferecido pelo governo do Estado e executado pela Emater e, desde mar\u00e7o do ano passado, n\u00f3s temos intensificado as atividades desenvolvidas junto \u00e0s comunidade ind\u00edgenas com cursos e orienta\u00e7\u00f5es t\u00e9cnicas de cultivo e manejo, e agora, com o PAA ind\u00edgena, estamos levando mais uma pol\u00edtica de incentivo para que essas comunidade possam se desenvolver e prosperar\u201d, explica Luciano Brand\u00e3o, diretor-presidente da Emater-RO.<\/p>\n\n\n\n<p>A Emater-RO est\u00e1 levando, inicialmente, o PAA ind\u00edgena para as regi\u00f5es de Ji-Paran\u00e1, Alta Floresta do Oeste, Cacoal e Espig\u00e3o do Oeste. O engenheiro agr\u00f4nomo da Emater-RO, Rafael Cidade, diz que os cadastros j\u00e1 est\u00e3o sendo realizados e que os t\u00e9cnicos j\u00e1 elaboraram o projeto produtivo junto com cada participante, definindo o que cada um vai comercializa no PAA. \u201cN\u00f3s nos reunimos no distrito de Nova Colina, em Ji-Paran\u00e1, com aproximadamente 50 ind\u00edgenas da comunidade Arara\u201d conta Rafael, complementando que o mesmo ser\u00e1 feito com as demais comunidades. Esta semana a equipe da Emater estar\u00e1 se reunindo com a Funai e com as entidades benefici\u00e1rias do programa para alinhamento das a\u00e7\u00f5es que ser\u00e3o desencadeadas na distribui\u00e7\u00e3o desses alimentos. \u201cA primeira reuni\u00e3o ser\u00e1 realizada em Cacoal, mas j\u00e1 estamos programando os pr\u00f3ximos encontros para fazermos o mesmo alinhamento nas demais regi\u00f5es\u201d, finaliza Rafael.<\/p>\n\n\n\n<p><\/p>\n\n\n\n<p class=\"has-text-align-right\"><strong><em>Texto: Wania Ressutti<br>Jornalista \u2013 MTE-1744\/RO<br>Fotos: Robson Paiva e Rafael Cidade<br>EMATER-RO<\/em><\/strong><\/p>\n","protected":false},"excerpt":{"rendered":"<p>A equipe da Entidade Aut\u00e1rquica de Assist\u00eancia T\u00e9cnica e Extens\u00e3o Rural (Emater-RO) realizou nesta ter\u00e7a-feira (4), no audit\u00f3rio da C\u00e2mara Municipal de Cacoal, a primeira reuni\u00e3o para alinhamento junto \u00e0s [&hellip;]<\/p>\n","protected":false},"author":9,"featured_media":16643,"comment_status":"closed","ping_status":"closed","sticky":false,"template":"","format":"standard","meta":[],"categories":[10,9,12],"tags":[135,188,45,842],"_links":{"self":[{"href":"http:\/\/www.emater.ro.gov.br\/ematerro\/wp-json\/wp\/v2\/posts\/16639"}],"collection":[{"href":"http:\/\/www.emater.ro.gov.br\/ematerro\/wp-json\/wp\/v2\/posts"}],"about":[{"href":"http:\/\/www.emater.ro.gov.br\/ematerro\/wp-json\/wp\/v2\/types\/post"}],"author":[{"embeddable":true,"href":"http:\/\/www.emater.ro.gov.br\/ematerro\/wp-json\/wp\/v2\/users\/9"}],"replies":[{"embeddable":true,"href":"http:\/\/www.emater.ro.gov.br\/ematerro\/wp-json\/wp\/v2\/comments?post=16639"}],"version-history":[{"count":6,"href":"http:\/\/www.emater.ro.gov.br\/ematerro\/wp-json\/wp\/v2\/posts\/16639\/revisions"}],"predecessor-version":[{"id":16650,"href":"http:\/\/www.emater.ro.gov.br\/ematerro\/wp-json\/wp\/v2\/posts\/16639\/revisions\/16650"}],"wp:featuredmedia":[{"embeddable":true,"href":"http:\/\/www.emater.ro.gov.br\/ematerro\/wp-json\/wp\/v2\/media\/16643"}],"wp:attachment":[{"href":"http:\/\/www.emater.ro.gov.br\/ematerro\/wp-json\/wp\/v2\/media?parent=16639"}],"wp:term":[{"taxonomy":"category","embeddable":true,"href":"http:\/\/www.emater.ro.gov.br\/ematerro\/wp-json\/wp\/v2\/categories?post=16639"},{"taxonomy":"post_tag","embeddable":true,"href":"http:\/\/www.emater.ro.gov.br\/ematerro\/wp-json\/wp\/v2\/tags?post=16639"}],"curies":[{"name":"wp","href":"https:\/\/api.w.org\/{rel}","templated":true}]}}