{"id":16623,"date":"2025-01-29T11:49:22","date_gmt":"2025-01-29T15:49:22","guid":{"rendered":"http:\/\/www.emater.ro.gov.br\/ematerro\/?p=16623"},"modified":"2025-01-29T11:49:22","modified_gmt":"2025-01-29T15:49:22","slug":"rondonia-alcanca-recorde-historico-de-exportacao-de-cafe-com-mais-de-35-mil-toneladas-em-2024","status":"publish","type":"post","link":"http:\/\/www.emater.ro.gov.br\/ematerro\/2025\/01\/29\/rondonia-alcanca-recorde-historico-de-exportacao-de-cafe-com-mais-de-35-mil-toneladas-em-2024\/","title":{"rendered":"Rond\u00f4nia alcan\u00e7a recorde hist\u00f3rico de exporta\u00e7\u00e3o de caf\u00e9 com mais de 35 mil toneladas em 2024"},"content":{"rendered":"<div class=\"wp-block-image\">\n<figure class=\"aligncenter size-full is-resized\"><img decoding=\"async\" loading=\"lazy\" src=\"http:\/\/www.emater.ro.gov.br\/ematerro\/wp-content\/uploads\/2025\/01\/20250129-cafeicultora-novo-horizonte-foto-samyr-otto1-870x580-1.jpg\" alt=\"\" class=\"wp-image-16624\" width=\"936\" height=\"624\" srcset=\"http:\/\/www.emater.ro.gov.br\/ematerro\/wp-content\/uploads\/2025\/01\/20250129-cafeicultora-novo-horizonte-foto-samyr-otto1-870x580-1.jpg 870w, http:\/\/www.emater.ro.gov.br\/ematerro\/wp-content\/uploads\/2025\/01\/20250129-cafeicultora-novo-horizonte-foto-samyr-otto1-870x580-1-300x200.jpg 300w, http:\/\/www.emater.ro.gov.br\/ematerro\/wp-content\/uploads\/2025\/01\/20250129-cafeicultora-novo-horizonte-foto-samyr-otto1-870x580-1-768x512.jpg 768w, http:\/\/www.emater.ro.gov.br\/ematerro\/wp-content\/uploads\/2025\/01\/20250129-cafeicultora-novo-horizonte-foto-samyr-otto1-870x580-1-480x320.jpg 480w\" sizes=\"(max-width: 936px) 100vw, 936px\" \/><figcaption class=\"wp-element-caption\"><em><strong><sup>Programa de distribui\u00e7\u00e3o de mudas tem sido essencial para renova\u00e7\u00e3o das lavouras e amplia\u00e7\u00e3o da \u00e1rea plantada<\/sup><\/strong><\/em><\/figcaption><\/figure><\/div>\n\n\n<p>Rond\u00f4nia atingiu um marco hist\u00f3rico nas exporta\u00e7\u00f5es de caf\u00e9, com um total de 35,056 mil toneladas exportadas em 2024, segundo a <a href=\"https:\/\/comexstat.mdic.gov.br\/pt\/home\" target=\"_blank\" rel=\"noreferrer noopener\"><strong>Comex.Stat<\/strong><\/a> plataforma que re\u00fane dados do com\u00e9rcio exterior brasileiro. Esse feito coloca o estado como um dos protagonistas na produ\u00e7\u00e3o e comercializa\u00e7\u00e3o do gr\u00e3o brasileiro no mercado internacional, resultado de uma s\u00e9rie de a\u00e7\u00f5es estrat\u00e9gicas voltadas ao aumento da produ\u00e7\u00e3o e qualidade do caf\u00e9 rondoniense, realizada pelo governo do estado, atrav\u00e9s da Secretaria de Estado da Agricultura (Seagri), Entidade Aut\u00e1rquica de Assist\u00eancia T\u00e9cnica e Extens\u00e3o Rural do Estado de Rond\u00f4nia (Emater-RO) e Secretaria de Estado do Desenvolvimento Econ\u00f4mico (Sedec).<\/p>\n\n\n\n<p>Entre os principais destinos das exporta\u00e7\u00f5es do caf\u00e9 de Rond\u00f4nia destacam-se pa\u00edses como Vietn\u00e3, Alemanha, B\u00e9lgica, Estados Unidos, M\u00e9xico, It\u00e1lia, Espanha, Arg\u00e9lia e \u00cdndia. Esses mercados s\u00e3o essenciais para garantir o escoamento do caf\u00e9 rondoniense, cujas caracter\u00edsticas de sabor e qualidade ganham cada vez mais reconhecimento.<\/p>\n\n\n\n<p>O governador de Rond\u00f4nia, Marcos Rocha, salientou a import\u00e2ncia do recorde \u00e0 economia do estado e para os produtores locais. \u201cEsse crescimento \u00e9 resultado de um trabalho conjunto entre o governo, produtores e institui\u00e7\u00f5es que apoiam a cadeia produtiva. A expans\u00e3o das exporta\u00e7\u00f5es refor\u00e7a nossa posi\u00e7\u00e3o no mercado global e faz com que busquemos mais pa\u00edses que ofere\u00e7am novas oportunidades de neg\u00f3cios.\u201d<\/p>\n\n\n<div class=\"wp-block-image\">\n<figure class=\"alignright size-full is-resized\"><img decoding=\"async\" loading=\"lazy\" src=\"http:\/\/www.emater.ro.gov.br\/ematerro\/wp-content\/uploads\/2025\/01\/20250129-banner_exportacao_de_cafe_seagri_dados-2024_23_01_2025-1-768x614-1.jpg\" alt=\"\" class=\"wp-image-16625\" width=\"570\" height=\"456\" srcset=\"http:\/\/www.emater.ro.gov.br\/ematerro\/wp-content\/uploads\/2025\/01\/20250129-banner_exportacao_de_cafe_seagri_dados-2024_23_01_2025-1-768x614-1.jpg 768w, http:\/\/www.emater.ro.gov.br\/ematerro\/wp-content\/uploads\/2025\/01\/20250129-banner_exportacao_de_cafe_seagri_dados-2024_23_01_2025-1-768x614-1-300x240.jpg 300w\" sizes=\"(max-width: 570px) 100vw, 570px\" \/><figcaption class=\"wp-element-caption\"><em><strong><sup>Rond\u00f4nia \u00e9 um dos protagonistas na produ\u00e7\u00e3o e comercializa\u00e7\u00e3o do gr\u00e3o brasileiro no mercado internacional<\/sup><\/strong><\/em><\/figcaption><\/figure><\/div>\n\n\n<p><strong>TECNOLOGIA E CAPACITA\u00c7\u00c3O<\/strong><br>Segundo o secret\u00e1rio da Seagri, Luiz Paulo, nos \u00faltimos anos, a gest\u00e3o estadual tem investido fortemente em tecnologia e capacita\u00e7\u00e3o, a fim de melhorar a qualidade da produ\u00e7\u00e3o de caf\u00e9. \u201cA realiza\u00e7\u00e3o da 1\u00aa Feira Tecnol\u00f3gica dos Caf\u00e9s de Rond\u00f4nia, em outubro de 2024, em Cacoal, foi um passo importante nesse sentido, trazendo solu\u00e7\u00f5es e inova\u00e7\u00f5es aos produtores\u201d, ressaltou.<\/p>\n\n\n\n<p><strong>FOMENTO \u00c0 PRODU\u00c7\u00c3O<\/strong><br>A Feira Tecnol\u00f3gica dos Caf\u00e9s de Rond\u00f4nia, que ocorreu de 24 a 26 de outubro em Cacoal, reuniu especialistas, produtores e empresas do setor cafeeiro, promovendo o desenvolvimento do agroneg\u00f3cio local. O governo do estado tamb\u00e9m participou do Taste and Feel Rond\u00f4nia Coffee Fest, em Londres, em busca de expans\u00e3o no mercado global, onde o caf\u00e9 de Rond\u00f4nia tem ganhado destaque.<\/p>\n\n\n\n<p>Al\u00e9m disso, o estado promoveu a 9\u00aa edi\u00e7\u00e3o do Concurso de Qualidade e Sustentabilidade do Caf\u00e9 de Rond\u00f4nia (Concaf\u00e9), uma iniciativa que visa premiar os melhores gr\u00e3os produzidos no estado e valorizar as boas pr\u00e1ticas no cultivo. O concurso contribui para a melhoria cont\u00ednua da qualidade do caf\u00e9 e aumenta a competitividade no mercado internacional.<\/p>\n\n\n\n<p>Outro fator fundamental para o crescimento das exporta\u00e7\u00f5es foi a entrega de mais de 2 milh\u00f5es de mudas de caf\u00e9 aos produtores locais entre 2019 e 2024. O programa de distribui\u00e7\u00e3o de mudas tem sido essencial \u00e0 renova\u00e7\u00e3o das lavouras e amplia\u00e7\u00e3o da \u00e1rea plantada, impulsionando a produtividade do estado e aumentando a oferta de caf\u00e9 de qualidade para os mercados externos.<\/p>\n\n\n\n<p><strong>DESENVOLVIMENTO CAFEEIRO<\/strong><br>O impacto econ\u00f4mico do recorde \u00e9 significativo. A produ\u00e7\u00e3o e exporta\u00e7\u00e3o de caf\u00e9 geram emprego e renda em v\u00e1rias regi\u00f5es de Rond\u00f4nia, beneficiam milhares de fam\u00edlias que dependem da cultura como principal fonte de sustento. Al\u00e9m disso, o aumento das exporta\u00e7\u00f5es representa uma contribui\u00e7\u00e3o importante ao Produto Interno Bruto (PIB) do estado e para a balan\u00e7a comercial do Brasil. Com a valoriza\u00e7\u00e3o da produ\u00e7\u00e3o e das exporta\u00e7\u00f5es de caf\u00e9, Rond\u00f4nia se posiciona de forma cada vez mais competitiva no cen\u00e1rio global. O desafio \u00e9 consolidar esses resultados e explorar, ainda mais, o potencial do caf\u00e9 rondoniense nos mercados internacionais<\/p>\n\n\n\n<p class=\"has-text-align-right\"><strong><em><sup>Texto: Maximus Vargas<br>Fotos: Samyr Otto e Marcelo Lopes<br>Secom &#8211; Governo de Rond\u00f4nia<\/sup><\/em><\/strong><\/p>\n","protected":false},"excerpt":{"rendered":"<p>Rond\u00f4nia atingiu um marco hist\u00f3rico nas exporta\u00e7\u00f5es de caf\u00e9, com um total de 35,056 mil toneladas exportadas em 2024, segundo a Comex.Stat plataforma que re\u00fane dados do com\u00e9rcio exterior brasileiro. [&hellip;]<\/p>\n","protected":false},"author":9,"featured_media":16629,"comment_status":"closed","ping_status":"closed","sticky":false,"template":"","format":"standard","meta":[],"categories":[10,9,12],"tags":[135,48,286,45],"_links":{"self":[{"href":"http:\/\/www.emater.ro.gov.br\/ematerro\/wp-json\/wp\/v2\/posts\/16623"}],"collection":[{"href":"http:\/\/www.emater.ro.gov.br\/ematerro\/wp-json\/wp\/v2\/posts"}],"about":[{"href":"http:\/\/www.emater.ro.gov.br\/ematerro\/wp-json\/wp\/v2\/types\/post"}],"author":[{"embeddable":true,"href":"http:\/\/www.emater.ro.gov.br\/ematerro\/wp-json\/wp\/v2\/users\/9"}],"replies":[{"embeddable":true,"href":"http:\/\/www.emater.ro.gov.br\/ematerro\/wp-json\/wp\/v2\/comments?post=16623"}],"version-history":[{"count":4,"href":"http:\/\/www.emater.ro.gov.br\/ematerro\/wp-json\/wp\/v2\/posts\/16623\/revisions"}],"predecessor-version":[{"id":16630,"href":"http:\/\/www.emater.ro.gov.br\/ematerro\/wp-json\/wp\/v2\/posts\/16623\/revisions\/16630"}],"wp:featuredmedia":[{"embeddable":true,"href":"http:\/\/www.emater.ro.gov.br\/ematerro\/wp-json\/wp\/v2\/media\/16629"}],"wp:attachment":[{"href":"http:\/\/www.emater.ro.gov.br\/ematerro\/wp-json\/wp\/v2\/media?parent=16623"}],"wp:term":[{"taxonomy":"category","embeddable":true,"href":"http:\/\/www.emater.ro.gov.br\/ematerro\/wp-json\/wp\/v2\/categories?post=16623"},{"taxonomy":"post_tag","embeddable":true,"href":"http:\/\/www.emater.ro.gov.br\/ematerro\/wp-json\/wp\/v2\/tags?post=16623"}],"curies":[{"name":"wp","href":"https:\/\/api.w.org\/{rel}","templated":true}]}}