{"id":16488,"date":"2024-12-26T15:30:00","date_gmt":"2024-12-26T19:30:00","guid":{"rendered":"http:\/\/www.emater.ro.gov.br\/ematerro\/?p=16488"},"modified":"2024-12-26T23:10:12","modified_gmt":"2024-12-27T03:10:12","slug":"calcario-dolomitico-chega-a-produtores-rurais-e-comunidade-indigena-da-regiao-da-zona-da-mata","status":"publish","type":"post","link":"http:\/\/www.emater.ro.gov.br\/ematerro\/2024\/12\/26\/calcario-dolomitico-chega-a-produtores-rurais-e-comunidade-indigena-da-regiao-da-zona-da-mata\/","title":{"rendered":"Calc\u00e1rio dolom\u00edtico chega a produtores rurais e comunidade ind\u00edgena da regi\u00e3o da zona da Mata"},"content":{"rendered":"<div class=\"wp-block-image\">\n<figure class=\"aligncenter size-large\"><img decoding=\"async\" loading=\"lazy\" width=\"1024\" height=\"691\" src=\"http:\/\/www.emater.ro.gov.br\/ematerro\/wp-content\/uploads\/2024\/12\/20241223-12dez2024-19-entrega-calcario_rayne-andrade-6-1024x691.jpg\" alt=\"\" class=\"wp-image-16490\" srcset=\"http:\/\/www.emater.ro.gov.br\/ematerro\/wp-content\/uploads\/2024\/12\/20241223-12dez2024-19-entrega-calcario_rayne-andrade-6-1024x691.jpg 1024w, http:\/\/www.emater.ro.gov.br\/ematerro\/wp-content\/uploads\/2024\/12\/20241223-12dez2024-19-entrega-calcario_rayne-andrade-6-300x203.jpg 300w, http:\/\/www.emater.ro.gov.br\/ematerro\/wp-content\/uploads\/2024\/12\/20241223-12dez2024-19-entrega-calcario_rayne-andrade-6-768x518.jpg 768w, http:\/\/www.emater.ro.gov.br\/ematerro\/wp-content\/uploads\/2024\/12\/20241223-12dez2024-19-entrega-calcario_rayne-andrade-6-1536x1037.jpg 1536w, http:\/\/www.emater.ro.gov.br\/ematerro\/wp-content\/uploads\/2024\/12\/20241223-12dez2024-19-entrega-calcario_rayne-andrade-6-2048x1382.jpg 2048w\" sizes=\"(max-width: 1024px) 100vw, 1024px\" \/><figcaption class=\"wp-element-caption\"><em><strong><sup>O calc\u00e1rio dolom\u00edtico ensacado \u00e9 oferecido a custo zero para os produtores rurais sitiantes e chacareiros<\/sup><\/strong><\/em><\/figcaption><\/figure><\/div>\n\n\n<p>Nesta \u00faltima semana produtores da regi\u00e3o da zona da mata foram beneficiados com 120 mil quilos de calc\u00e1rio dolom\u00edtico ensacado. A a\u00e7\u00e3o faz parte do programa de governo para oferecer mais produtividade \u00e0s lavouras de pequenos agricultores familiares, sitiantes e chacareiros assistidos pela Entidade Aut\u00e1rquica de Assist\u00eancia T\u00e9cnica e Extens\u00e3o Rural (Emater-RO).<\/p>\n\n\n\n<p>O calc\u00e1rio dolom\u00edtico ensacado \u00e9 oferecido a custo zero para os produtores que trabalham com produ\u00e7\u00f5es hortifrutigranjeiras, caf\u00e9 e pecu\u00e1ria leiteira familiar. Al\u00e9m da assist\u00eancia t\u00e9cnica da Emater-RO, essas fam\u00edlias est\u00e3o inseridas em programas de desenvolvimento social como o Programa de Aquisi\u00e7\u00e3o de Alimentos Estadual (PAA-Estadual) e o Programa Nacional de Alimenta\u00e7\u00e3o Escolar (PNAE).<\/p>\n\n\n\n<p>O diretor presidente da Emater-RO, Luciano Brand\u00e3o, explica que o calc\u00e1rio visa suprir a necessidade desses produtores que nem sempre t\u00eam condi\u00e7\u00f5es para comprar o produto. \u201cQuando o t\u00e9cnico da Emater chega na propriedade, ele analisa a propriedade, a qualidade da terra e orienta a fam\u00edlia recomendando manejo e corre\u00e7\u00e3o de solo, mas isso nem sempre \u00e9 f\u00e1cil para o pequeno produtor, assim com a doa\u00e7\u00e3o desse calc\u00e1rio, o sitiante, o chacareiro tamb\u00e9m ter\u00e1 condi\u00e7\u00f5es de melhorar a sua produ\u00e7\u00e3o assim como qualquer outro produtor\u201d, explica Brand\u00e3o.<\/p>\n\n\n<div class=\"wp-block-image\">\n<figure class=\"alignright size-large is-resized\"><img decoding=\"async\" loading=\"lazy\" src=\"http:\/\/www.emater.ro.gov.br\/ematerro\/wp-content\/uploads\/2024\/12\/20241223-12dez2024-19-entrega-calcario_rayne-andrade-4-1024x691.jpg\" alt=\"\" class=\"wp-image-16491\" width=\"469\" height=\"316\" srcset=\"http:\/\/www.emater.ro.gov.br\/ematerro\/wp-content\/uploads\/2024\/12\/20241223-12dez2024-19-entrega-calcario_rayne-andrade-4-1024x691.jpg 1024w, http:\/\/www.emater.ro.gov.br\/ematerro\/wp-content\/uploads\/2024\/12\/20241223-12dez2024-19-entrega-calcario_rayne-andrade-4-300x203.jpg 300w, http:\/\/www.emater.ro.gov.br\/ematerro\/wp-content\/uploads\/2024\/12\/20241223-12dez2024-19-entrega-calcario_rayne-andrade-4-768x518.jpg 768w, http:\/\/www.emater.ro.gov.br\/ematerro\/wp-content\/uploads\/2024\/12\/20241223-12dez2024-19-entrega-calcario_rayne-andrade-4-1536x1037.jpg 1536w, http:\/\/www.emater.ro.gov.br\/ematerro\/wp-content\/uploads\/2024\/12\/20241223-12dez2024-19-entrega-calcario_rayne-andrade-4-2048x1382.jpg 2048w\" sizes=\"(max-width: 469px) 100vw, 469px\" \/><figcaption class=\"wp-element-caption\"><strong><em><sup>A distribui\u00e7\u00e3o de calc\u00e1rio \u00e9 muito importante para o fortalecimento da agricultura familiar<\/sup><\/em><\/strong><\/figcaption><\/figure><\/div>\n\n\n<p>Atrav\u00e9s das pol\u00edticas p\u00fablicas de governo para incentivo \u00e0s atividades agropecu\u00e1ria, o estado conquistou a excel\u00eancia em produ\u00e7\u00e3o de caf\u00e9, leite, cacau e proporcionou aos mais de 170 mil benefici\u00e1rios condi\u00e7\u00f5es para produzir e melhorar a qualidade de sua produ\u00e7\u00e3o e a distribui\u00e7\u00e3o de calc\u00e1rio tem sido muito importante para o fortalecimento da agricultura familiar. Por isso, o governador Marcos Rocha t\u00eam determinado \u00e0 Emater-RO para que possibilite a chegada do insumo at\u00e9 as mais distantes localidade. \u201cO distrito de Izidol\u00e2ndia, por exemplo, fica a mais de 600 quil\u00f4metros de dist\u00e2ncia da capital, s\u00e3o mais de 9 horas de viagem, e o calc\u00e1rio chegou l\u00e1 esta semana\u201d, diz o governador.<\/p>\n\n\n\n<p>A capilaridade da Emater-RO, que mant\u00e9m escrit\u00f3rios nos 52 munic\u00edpios e em 21 distritos tem contribu\u00eddo muito para que as pol\u00edticas p\u00fablicas de governo cheguem a todos os cantos do estado. Al\u00e9m de Izidol\u00e2ndia, o calc\u00e1rio tamb\u00e9m chegou nesta semana \u00e0 Alta Floresta do Oeste, beneficiando produtores de caf\u00e9 e a comunidade ind\u00edgena Rio Branco.<\/p>\n\n\n\n<p><strong>CRISE H\u00cdDRICA<\/strong><br>Durante a entrega de Calc\u00e1rio aos sitiantes e chacareiros da regi\u00e3o da zona da Mata, Luciano Brand\u00e3o aproveitou a oportunidade para fazer um alerta de uma situa\u00e7\u00e3o que ele considera muito importante: sustentabilidade e crise h\u00eddrica. &#8220;O Estado de Rond\u00f4nia passou e ainda passa por um racionamento pluvial e, embora j\u00e1 esteja chovendo, a chuva chega 50% abaixo do esperado&#8221;.<\/p>\n\n\n\n<p>O presidente da Emater-RO refor\u00e7a ainda que \u00e9 importante produzir pensando na sustentabilidade, n\u00e3o desmatando nascentes e protegendo as encostas. &#8220;Precisamos pensar no futuro, para que as futuras gera\u00e7\u00f5es possam tamb\u00e9m usufruir das coisas boas que ainda temos hoje. Por fim, disse que a Emater-RO est\u00e1 \u00e0 disposi\u00e7\u00e3o para servir ao produtor familiar e que continuar\u00e1 firma na miss\u00e3o que lhe foi dada pelo governador Marcos Rocha, que \u00e9 de valorizar e fortalecer a agricultura familiar de Rond\u00f4nia.<\/p>\n\n\n\n<p class=\"has-text-align-right has-text-color\" style=\"color:#1a825c\"><em><strong><sup>Texto: Wania Ressutti<br>Jornalista \u2013 MTE-1744\/RO<br>Fotos: Rayne Andrade Freire<br>EMATER-RO<\/sup><\/strong><\/em><\/p>\n","protected":false},"excerpt":{"rendered":"<p>Nesta \u00faltima semana produtores da regi\u00e3o da zona da mata foram beneficiados com 120 mil quilos de calc\u00e1rio dolom\u00edtico ensacado. A a\u00e7\u00e3o faz parte do programa de governo para oferecer [&hellip;]<\/p>\n","protected":false},"author":9,"featured_media":16492,"comment_status":"closed","ping_status":"closed","sticky":false,"template":"","format":"standard","meta":[],"categories":[10,9,12],"tags":[],"_links":{"self":[{"href":"http:\/\/www.emater.ro.gov.br\/ematerro\/wp-json\/wp\/v2\/posts\/16488"}],"collection":[{"href":"http:\/\/www.emater.ro.gov.br\/ematerro\/wp-json\/wp\/v2\/posts"}],"about":[{"href":"http:\/\/www.emater.ro.gov.br\/ematerro\/wp-json\/wp\/v2\/types\/post"}],"author":[{"embeddable":true,"href":"http:\/\/www.emater.ro.gov.br\/ematerro\/wp-json\/wp\/v2\/users\/9"}],"replies":[{"embeddable":true,"href":"http:\/\/www.emater.ro.gov.br\/ematerro\/wp-json\/wp\/v2\/comments?post=16488"}],"version-history":[{"count":8,"href":"http:\/\/www.emater.ro.gov.br\/ematerro\/wp-json\/wp\/v2\/posts\/16488\/revisions"}],"predecessor-version":[{"id":16500,"href":"http:\/\/www.emater.ro.gov.br\/ematerro\/wp-json\/wp\/v2\/posts\/16488\/revisions\/16500"}],"wp:featuredmedia":[{"embeddable":true,"href":"http:\/\/www.emater.ro.gov.br\/ematerro\/wp-json\/wp\/v2\/media\/16492"}],"wp:attachment":[{"href":"http:\/\/www.emater.ro.gov.br\/ematerro\/wp-json\/wp\/v2\/media?parent=16488"}],"wp:term":[{"taxonomy":"category","embeddable":true,"href":"http:\/\/www.emater.ro.gov.br\/ematerro\/wp-json\/wp\/v2\/categories?post=16488"},{"taxonomy":"post_tag","embeddable":true,"href":"http:\/\/www.emater.ro.gov.br\/ematerro\/wp-json\/wp\/v2\/tags?post=16488"}],"curies":[{"name":"wp","href":"https:\/\/api.w.org\/{rel}","templated":true}]}}