{"id":16481,"date":"2024-12-17T16:00:00","date_gmt":"2024-12-17T20:00:00","guid":{"rendered":"http:\/\/www.emater.ro.gov.br\/ematerro\/?p=16481"},"modified":"2024-12-17T09:28:57","modified_gmt":"2024-12-17T13:28:57","slug":"emater-ro-apresenta-e-conselho-aprova-programa-de-assistencia-tecnica-e-extensao-rural-para-2025","status":"publish","type":"post","link":"http:\/\/www.emater.ro.gov.br\/ematerro\/2024\/12\/17\/emater-ro-apresenta-e-conselho-aprova-programa-de-assistencia-tecnica-e-extensao-rural-para-2025\/","title":{"rendered":"Emater-RO apresenta e Conselho aprova programa de assist\u00eancia t\u00e9cnica e extens\u00e3o rural para 2025"},"content":{"rendered":"<div class=\"wp-block-image\">\n<figure class=\"aligncenter size-large\"><img decoding=\"async\" loading=\"lazy\" width=\"1024\" height=\"691\" src=\"http:\/\/www.emater.ro.gov.br\/ematerro\/wp-content\/uploads\/2024\/12\/20241217-12dez2024-16-conselho-aprova-proater-2025_irene-mendes-1-1024x691.jpg\" alt=\"\" class=\"wp-image-16482\" srcset=\"http:\/\/www.emater.ro.gov.br\/ematerro\/wp-content\/uploads\/2024\/12\/20241217-12dez2024-16-conselho-aprova-proater-2025_irene-mendes-1-1024x691.jpg 1024w, http:\/\/www.emater.ro.gov.br\/ematerro\/wp-content\/uploads\/2024\/12\/20241217-12dez2024-16-conselho-aprova-proater-2025_irene-mendes-1-300x202.jpg 300w, http:\/\/www.emater.ro.gov.br\/ematerro\/wp-content\/uploads\/2024\/12\/20241217-12dez2024-16-conselho-aprova-proater-2025_irene-mendes-1-768x518.jpg 768w, http:\/\/www.emater.ro.gov.br\/ematerro\/wp-content\/uploads\/2024\/12\/20241217-12dez2024-16-conselho-aprova-proater-2025_irene-mendes-1-1536x1036.jpg 1536w, http:\/\/www.emater.ro.gov.br\/ematerro\/wp-content\/uploads\/2024\/12\/20241217-12dez2024-16-conselho-aprova-proater-2025_irene-mendes-1.jpg 1580w\" sizes=\"(max-width: 1024px) 100vw, 1024px\" \/><figcaption class=\"wp-element-caption\"><strong><em><sup>As a\u00e7\u00f5es planejadas para o ano de 2025 trazem metas de atendimento \u00e0 mais de 170 mil benefici\u00e1rios<\/sup><\/em><\/strong><\/figcaption><\/figure><\/div>\n\n\n<p>Com metas ambiciosas para o desenvolvimento agropecu\u00e1rio da agricultura familiar, a Entidade de Assist\u00eancia T\u00e9cnica e Extens\u00e3o Rural (Emater-RO) apresentou, nesta segunda-feira (16) o planejamento das a\u00e7\u00f5es a serem desenvolvidas pela autarquia no ano de 2025. O Programa de Assist\u00eancia T\u00e9cnica e Extens\u00e3o Rural (Proater) traz a\u00e7\u00f5es importantes a serem desenvolvidas nos 52 munic\u00edpios e 21 distritos rondonienses. Dentre as propostas est\u00e1 o fortalecimento das pol\u00edticas p\u00fablicas voltadas para a produ\u00e7\u00e3o de alimentos com sustentabilidade.<\/p>\n\n\n\n<p>Por 53 anos a Emater-RO promove atividades que v\u00e3o ao encontro das necessidades da fam\u00edlia rural e suas organiza\u00e7\u00f5es, com base em tr\u00eas pilares de desenvolvimento: econ\u00f4mico, social e ambiental. Os projetos s\u00e3o elaborados dentro dos programas que visam fortalecer a economia estadual por meio da promo\u00e7\u00e3o do bem-estar da fam\u00edlia rural, gerando emprego, renda e qualidade de vida daqueles quer vivem no campo.<\/p>\n\n\n\n<p>As a\u00e7\u00f5es planejadas para o ano de 2025 consolidam as a\u00e7\u00f5es que j\u00e1 vem sendo executadas trazendo metas de atendimento \u00e0 mais de 170 mil benefici\u00e1rios. O plano de trabalho para o desenvolvimento de assist\u00eancia t\u00e9cnica e e extens\u00e3o rural prev\u00ea visitas t\u00e9cnicas (25 visita\/m\u00eas com dura\u00e7\u00e3o em m\u00e9dias de duas horas por propriedade visitada); capacita\u00e7\u00e3o para agricultores por meio de oficinas, demonstra\u00e7\u00f5es de m\u00e9todos, cursos e palestras, entre outros; e apoio no programa de cr\u00e9dito rural com elabora\u00e7\u00e3o e fiscaliza\u00e7\u00e3o de projetos previsto em um montante de R$ 500.000,00 por t\u00e9cnico.<\/p>\n\n\n<div class=\"wp-block-image\">\n<figure class=\"alignleft size-large is-resized\"><img decoding=\"async\" loading=\"lazy\" src=\"http:\/\/www.emater.ro.gov.br\/ematerro\/wp-content\/uploads\/2024\/12\/20241217-12dez2024-16-conselho-aprova-proater-2025_irene-mendes-14-1024x691.jpg\" alt=\"\" class=\"wp-image-16485\" width=\"457\" height=\"308\" srcset=\"http:\/\/www.emater.ro.gov.br\/ematerro\/wp-content\/uploads\/2024\/12\/20241217-12dez2024-16-conselho-aprova-proater-2025_irene-mendes-14-1024x691.jpg 1024w, http:\/\/www.emater.ro.gov.br\/ematerro\/wp-content\/uploads\/2024\/12\/20241217-12dez2024-16-conselho-aprova-proater-2025_irene-mendes-14-300x202.jpg 300w, http:\/\/www.emater.ro.gov.br\/ematerro\/wp-content\/uploads\/2024\/12\/20241217-12dez2024-16-conselho-aprova-proater-2025_irene-mendes-14-768x518.jpg 768w, http:\/\/www.emater.ro.gov.br\/ematerro\/wp-content\/uploads\/2024\/12\/20241217-12dez2024-16-conselho-aprova-proater-2025_irene-mendes-14-1536x1036.jpg 1536w, http:\/\/www.emater.ro.gov.br\/ematerro\/wp-content\/uploads\/2024\/12\/20241217-12dez2024-16-conselho-aprova-proater-2025_irene-mendes-14.jpg 1580w\" sizes=\"(max-width: 457px) 100vw, 457px\" \/><figcaption class=\"wp-element-caption\"><em><strong><sup>As propostas s\u00e3o estabelecidas com base na realidade do p\u00fablico benefici\u00e1rio<\/sup><\/strong><\/em><\/figcaption><\/figure><\/div>\n\n\n<p>Com um or\u00e7amento previsto em R$ 105.2487.335,00, a entidade aut\u00e1rquica se prop\u00f5e a realizar no pr\u00f3ximo ano, pelo menos tr\u00eas grandes eventos por escrit\u00f3rio local visando a qualifica\u00e7\u00e3o e socializa\u00e7\u00e3o coletiva, promovendo assim um interc\u00e2mbio de informa\u00e7\u00f5es entre o p\u00fablico benefici\u00e1rio. \u201cEssa troca de informa\u00e7\u00f5es \u00e9 muito importante para o desenvolvimento da agricultura familiar, principalmente para a promo\u00e7\u00e3o do desenvolvimento sustent\u00e1vel, hoje primordial para uma agricultura de qualidade\u201d, explica Luciano Brand\u00e3o, diretor-presidente da Emater-RO.<\/p>\n\n\n\n<p>As propostas est\u00e3o dentro das pol\u00edticas p\u00fablicas e das metas estabelecidas no plano estrat\u00e9gico de Rond\u00f4nia para o desenvolvimento sustent\u00e1vel com base no conhecimento da realidade do p\u00fablico benefici\u00e1rio e nas pol\u00edticas voltadas para o desenvolvimento socioecon\u00f4mico das fam\u00edlias rurais. Para o governador Marcos Rocha \u00e9 importante cumprir essas metas para fortalecer o p\u00fablico rural visando n\u00e3o somente o seu bem estar social e econ\u00f4mico, mas tamb\u00e9m para preservar a biodiversidade produtiva de maneira sustent\u00e1vel. \u201cA implementa\u00e7\u00e3o de a\u00e7\u00f5es eficazes no setor produtivo que promova uma harmonia entre as necessidades dos agricultores e a conserva\u00e7\u00e3o do meio ambiente \u00e9 fundamental para garantir a sobreviv\u00eancia das gera\u00e7\u00f5es futuras\u201d, ressaltou o governador.<\/p>\n\n\n\n<p>O Programa de Assist\u00eancia T\u00e9cnica e Extens\u00e3o Rural para o ano de 2025, foi apresentado para o Conselho de Administra\u00e7\u00e3o da Emater-RO, \u00f3rg\u00e3o colegiado presidido pelo titular da Secretaria de Estado da Agricultura (Seagri), que hoje tem \u00e0 frente o secret\u00e1rio Luiz Paulo da Silva Batista, e integrado pelos titulares das pastas de Finan\u00e7as (Sefin), de Planejamento, Or\u00e7amento e Gest\u00e3o (Sepog), e de Desenvolvimento Ambiental (Sedam), al\u00e9m do representante dos empregados, Ant\u00f4nio de Assis Gomes Furtado, eleito pela categoria. O colegiado, ap\u00f3s a apresenta\u00e7\u00e3o da diretora t\u00e9cnica Fabiana Bezerra, aprovou por unanimidade as a\u00e7\u00f5es a serem desenvolvidas no ano de 2025.<\/p>\n\n\n\n<p class=\"has-text-align-right has-text-color\" style=\"color:#096342\"><strong><em><sup>Texto: Wania Ressutti<br>Jornalista \u2013 MTE-1744\/RO<br>Fotos: Irene Mendes<br>Rep\u00f3rter fotogr\u00e1fica \u2013 MTE-368\/RO<br>EMATER-RO<\/sup><\/em><\/strong><\/p>\n","protected":false},"excerpt":{"rendered":"<p>Com metas ambiciosas para o desenvolvimento agropecu\u00e1rio da agricultura familiar, a Entidade de Assist\u00eancia T\u00e9cnica e Extens\u00e3o Rural (Emater-RO) apresentou, nesta segunda-feira (16) o planejamento das a\u00e7\u00f5es a serem desenvolvidas [&hellip;]<\/p>\n","protected":false},"author":9,"featured_media":16483,"comment_status":"closed","ping_status":"closed","sticky":false,"template":"","format":"standard","meta":[],"categories":[10,9,12],"tags":[135,188,222,45],"_links":{"self":[{"href":"http:\/\/www.emater.ro.gov.br\/ematerro\/wp-json\/wp\/v2\/posts\/16481"}],"collection":[{"href":"http:\/\/www.emater.ro.gov.br\/ematerro\/wp-json\/wp\/v2\/posts"}],"about":[{"href":"http:\/\/www.emater.ro.gov.br\/ematerro\/wp-json\/wp\/v2\/types\/post"}],"author":[{"embeddable":true,"href":"http:\/\/www.emater.ro.gov.br\/ematerro\/wp-json\/wp\/v2\/users\/9"}],"replies":[{"embeddable":true,"href":"http:\/\/www.emater.ro.gov.br\/ematerro\/wp-json\/wp\/v2\/comments?post=16481"}],"version-history":[{"count":2,"href":"http:\/\/www.emater.ro.gov.br\/ematerro\/wp-json\/wp\/v2\/posts\/16481\/revisions"}],"predecessor-version":[{"id":16486,"href":"http:\/\/www.emater.ro.gov.br\/ematerro\/wp-json\/wp\/v2\/posts\/16481\/revisions\/16486"}],"wp:featuredmedia":[{"embeddable":true,"href":"http:\/\/www.emater.ro.gov.br\/ematerro\/wp-json\/wp\/v2\/media\/16483"}],"wp:attachment":[{"href":"http:\/\/www.emater.ro.gov.br\/ematerro\/wp-json\/wp\/v2\/media?parent=16481"}],"wp:term":[{"taxonomy":"category","embeddable":true,"href":"http:\/\/www.emater.ro.gov.br\/ematerro\/wp-json\/wp\/v2\/categories?post=16481"},{"taxonomy":"post_tag","embeddable":true,"href":"http:\/\/www.emater.ro.gov.br\/ematerro\/wp-json\/wp\/v2\/tags?post=16481"}],"curies":[{"name":"wp","href":"https:\/\/api.w.org\/{rel}","templated":true}]}}