{"id":16356,"date":"2024-12-02T13:05:59","date_gmt":"2024-12-02T17:05:59","guid":{"rendered":"http:\/\/www.emater.ro.gov.br\/ematerro\/?p=16356"},"modified":"2024-12-03T08:43:51","modified_gmt":"2024-12-03T12:43:51","slug":"capacitacao-em-legislacao-ambiental-e-pegada-hidrica","status":"publish","type":"post","link":"http:\/\/www.emater.ro.gov.br\/ematerro\/2024\/12\/02\/capacitacao-em-legislacao-ambiental-e-pegada-hidrica\/","title":{"rendered":"Capacita\u00e7\u00e3o em legisla\u00e7\u00e3o ambiental e pegada h\u00eddrica"},"content":{"rendered":"\n<p><\/p>\n\n\n\n<p>T\u00e9cnicos do projeto Consultec Leite, participam da 4\u00aa etapa da capacita\u00e7\u00e3o para forma\u00e7\u00e3o de consultores t\u00e9cnicos, na metodologia do projeto Balde Cheio, nesta etapa foram ministrados conte\u00fados relativos a legisla\u00e7\u00e3o ambiental direcionada ao uso da \u00e1gua para fins da produ\u00e7\u00e3o rural, irriga\u00e7\u00e3o e suprimento dos bebedouros, licen\u00e7as e outorgas.<\/p>\n\n\n\n<p>O curso de capacita\u00e7\u00e3o aconteceu de 25 a 29 de novembro em Porto Velho, com aulas te\u00f3ricas e pr\u00e1ticas ministradas por especialistas da Empresa Brasileira de Pesquisa Agropecu\u00e1ria (Embrapa) e da Secretaria de Estado Meio Ambiente (Sedam), a coordena\u00e7\u00e3o do curso providenciou visitas t\u00e9cnicas do grupo de treinandos \u00e0 Fazenda Vale Verde onde receberam informa\u00e7\u00f5es do sistema de manejo utilizado, buscando a redu\u00e7\u00e3o do impacto ambiental, e tamb\u00e9m observaram in loco a constru\u00e7\u00e3o de uma barraginha para recupera\u00e7\u00e3o de nascentes na \u00e1rea do Parque dos Tanques, onde fica o espa\u00e7o de exposi\u00e7\u00f5es agropecu\u00e1rias da capital.<\/p>\n\n\n\n<figure class=\"wp-block-gallery has-nested-images columns-default is-cropped wp-block-gallery-1 is-layout-flex\">\n<figure class=\"wp-block-image size-large\"><img decoding=\"async\" loading=\"lazy\" width=\"1000\" height=\"675\" data-id=\"16376\"  src=\"http:\/\/www.emater.ro.gov.br\/ematerro\/wp-content\/uploads\/2024\/12\/20241202-curso-pegada-hidrica-1.jpg\" alt=\"\" class=\"wp-image-16376\" srcset=\"http:\/\/www.emater.ro.gov.br\/ematerro\/wp-content\/uploads\/2024\/12\/20241202-curso-pegada-hidrica-1.jpg 1000w, http:\/\/www.emater.ro.gov.br\/ematerro\/wp-content\/uploads\/2024\/12\/20241202-curso-pegada-hidrica-1-300x203.jpg 300w, http:\/\/www.emater.ro.gov.br\/ematerro\/wp-content\/uploads\/2024\/12\/20241202-curso-pegada-hidrica-1-768x518.jpg 768w\" sizes=\"(max-width: 1000px) 100vw, 1000px\" \/><\/figure>\n\n\n\n<figure class=\"wp-block-image size-large\"><img decoding=\"async\" loading=\"lazy\" width=\"1000\" height=\"675\" data-id=\"16377\"  src=\"http:\/\/www.emater.ro.gov.br\/ematerro\/wp-content\/uploads\/2024\/12\/20241202-curso-pegada-hidrica-2-1.jpg\" alt=\"\" class=\"wp-image-16377\" srcset=\"http:\/\/www.emater.ro.gov.br\/ematerro\/wp-content\/uploads\/2024\/12\/20241202-curso-pegada-hidrica-2-1.jpg 1000w, http:\/\/www.emater.ro.gov.br\/ematerro\/wp-content\/uploads\/2024\/12\/20241202-curso-pegada-hidrica-2-1-300x203.jpg 300w, http:\/\/www.emater.ro.gov.br\/ematerro\/wp-content\/uploads\/2024\/12\/20241202-curso-pegada-hidrica-2-1-768x518.jpg 768w\" sizes=\"(max-width: 1000px) 100vw, 1000px\" \/><\/figure>\n\n\n\n<figure class=\"wp-block-image size-large\"><img decoding=\"async\" loading=\"lazy\" width=\"1024\" height=\"689\" data-id=\"16374\"  src=\"http:\/\/www.emater.ro.gov.br\/ematerro\/wp-content\/uploads\/2024\/12\/20241202-curso-pegada-hidrica3-1-1024x689.jpg\" alt=\"\" class=\"wp-image-16374\" srcset=\"http:\/\/www.emater.ro.gov.br\/ematerro\/wp-content\/uploads\/2024\/12\/20241202-curso-pegada-hidrica3-1-1024x689.jpg 1024w, http:\/\/www.emater.ro.gov.br\/ematerro\/wp-content\/uploads\/2024\/12\/20241202-curso-pegada-hidrica3-1-300x202.jpg 300w, http:\/\/www.emater.ro.gov.br\/ematerro\/wp-content\/uploads\/2024\/12\/20241202-curso-pegada-hidrica3-1-768x517.jpg 768w, http:\/\/www.emater.ro.gov.br\/ematerro\/wp-content\/uploads\/2024\/12\/20241202-curso-pegada-hidrica3-1-1536x1034.jpg 1536w, http:\/\/www.emater.ro.gov.br\/ematerro\/wp-content\/uploads\/2024\/12\/20241202-curso-pegada-hidrica3-1.jpg 1600w\" sizes=\"(max-width: 1024px) 100vw, 1024px\" \/><\/figure>\n\n\n\n<figure class=\"wp-block-image size-large\"><img decoding=\"async\" loading=\"lazy\" width=\"1000\" height=\"675\" data-id=\"16378\"  src=\"http:\/\/www.emater.ro.gov.br\/ematerro\/wp-content\/uploads\/2024\/12\/20241202-curso-pegada-hidrica-3-1.jpg\" alt=\"\" class=\"wp-image-16378\" srcset=\"http:\/\/www.emater.ro.gov.br\/ematerro\/wp-content\/uploads\/2024\/12\/20241202-curso-pegada-hidrica-3-1.jpg 1000w, http:\/\/www.emater.ro.gov.br\/ematerro\/wp-content\/uploads\/2024\/12\/20241202-curso-pegada-hidrica-3-1-300x203.jpg 300w, http:\/\/www.emater.ro.gov.br\/ematerro\/wp-content\/uploads\/2024\/12\/20241202-curso-pegada-hidrica-3-1-768x518.jpg 768w\" sizes=\"(max-width: 1000px) 100vw, 1000px\" \/><\/figure>\n\n\n\n<figure class=\"wp-block-image size-large\"><img decoding=\"async\" loading=\"lazy\" width=\"1000\" height=\"635\" data-id=\"16373\"  src=\"http:\/\/www.emater.ro.gov.br\/ematerro\/wp-content\/uploads\/2024\/12\/20241202-curso-pegada-hidrica-4-1.jpg\" alt=\"\" class=\"wp-image-16373\" srcset=\"http:\/\/www.emater.ro.gov.br\/ematerro\/wp-content\/uploads\/2024\/12\/20241202-curso-pegada-hidrica-4-1.jpg 1000w, http:\/\/www.emater.ro.gov.br\/ematerro\/wp-content\/uploads\/2024\/12\/20241202-curso-pegada-hidrica-4-1-300x191.jpg 300w, http:\/\/www.emater.ro.gov.br\/ematerro\/wp-content\/uploads\/2024\/12\/20241202-curso-pegada-hidrica-4-1-768x488.jpg 768w\" sizes=\"(max-width: 1000px) 100vw, 1000px\" \/><\/figure>\n\n\n\n<figure class=\"wp-block-image size-large\"><img decoding=\"async\" loading=\"lazy\" width=\"1000\" height=\"675\" data-id=\"16375\"  src=\"http:\/\/www.emater.ro.gov.br\/ematerro\/wp-content\/uploads\/2024\/12\/20241202-curso-pegada-hidrica-5-1.jpg\" alt=\"\" class=\"wp-image-16375\" srcset=\"http:\/\/www.emater.ro.gov.br\/ematerro\/wp-content\/uploads\/2024\/12\/20241202-curso-pegada-hidrica-5-1.jpg 1000w, http:\/\/www.emater.ro.gov.br\/ematerro\/wp-content\/uploads\/2024\/12\/20241202-curso-pegada-hidrica-5-1-300x203.jpg 300w, http:\/\/www.emater.ro.gov.br\/ematerro\/wp-content\/uploads\/2024\/12\/20241202-curso-pegada-hidrica-5-1-768x518.jpg 768w\" sizes=\"(max-width: 1000px) 100vw, 1000px\" \/><\/figure>\n\n\n\n<figure class=\"wp-block-image size-large\"><img decoding=\"async\" loading=\"lazy\" width=\"1000\" height=\"675\" data-id=\"16379\"  src=\"http:\/\/www.emater.ro.gov.br\/ematerro\/wp-content\/uploads\/2024\/12\/20241202-curso-pegada-hidrica-6-1.jpg\" alt=\"\" class=\"wp-image-16379\" srcset=\"http:\/\/www.emater.ro.gov.br\/ematerro\/wp-content\/uploads\/2024\/12\/20241202-curso-pegada-hidrica-6-1.jpg 1000w, http:\/\/www.emater.ro.gov.br\/ematerro\/wp-content\/uploads\/2024\/12\/20241202-curso-pegada-hidrica-6-1-300x203.jpg 300w, http:\/\/www.emater.ro.gov.br\/ematerro\/wp-content\/uploads\/2024\/12\/20241202-curso-pegada-hidrica-6-1-768x518.jpg 768w\" sizes=\"(max-width: 1000px) 100vw, 1000px\" \/><\/figure>\n\n\n\n<figure class=\"wp-block-image size-large\"><img decoding=\"async\" loading=\"lazy\" width=\"1000\" height=\"675\" data-id=\"16380\"  src=\"http:\/\/www.emater.ro.gov.br\/ematerro\/wp-content\/uploads\/2024\/12\/20241202-cusor-pegada-hidrica-7-1.jpg\" alt=\"\" class=\"wp-image-16380\" srcset=\"http:\/\/www.emater.ro.gov.br\/ematerro\/wp-content\/uploads\/2024\/12\/20241202-cusor-pegada-hidrica-7-1.jpg 1000w, http:\/\/www.emater.ro.gov.br\/ematerro\/wp-content\/uploads\/2024\/12\/20241202-cusor-pegada-hidrica-7-1-300x203.jpg 300w, http:\/\/www.emater.ro.gov.br\/ematerro\/wp-content\/uploads\/2024\/12\/20241202-cusor-pegada-hidrica-7-1-768x518.jpg 768w\" sizes=\"(max-width: 1000px) 100vw, 1000px\" \/><\/figure>\n\n\n\n<figure class=\"wp-block-image size-large\"><img decoding=\"async\" loading=\"lazy\" width=\"1000\" height=\"675\" data-id=\"16381\"  src=\"http:\/\/www.emater.ro.gov.br\/ematerro\/wp-content\/uploads\/2024\/12\/20241202-visita-confinamento-1.jpg\" alt=\"\" class=\"wp-image-16381\" srcset=\"http:\/\/www.emater.ro.gov.br\/ematerro\/wp-content\/uploads\/2024\/12\/20241202-visita-confinamento-1.jpg 1000w, http:\/\/www.emater.ro.gov.br\/ematerro\/wp-content\/uploads\/2024\/12\/20241202-visita-confinamento-1-300x203.jpg 300w, http:\/\/www.emater.ro.gov.br\/ematerro\/wp-content\/uploads\/2024\/12\/20241202-visita-confinamento-1-768x518.jpg 768w\" sizes=\"(max-width: 1000px) 100vw, 1000px\" \/><\/figure>\n\n\n\n<figure class=\"wp-block-image size-large\"><img decoding=\"async\" loading=\"lazy\" width=\"1024\" height=\"682\" data-id=\"16382\"  src=\"http:\/\/www.emater.ro.gov.br\/ematerro\/wp-content\/uploads\/2024\/12\/20241202-visita-confinamento-jpg1-copia-1-1024x682.jpeg\" alt=\"\" class=\"wp-image-16382\" srcset=\"http:\/\/www.emater.ro.gov.br\/ematerro\/wp-content\/uploads\/2024\/12\/20241202-visita-confinamento-jpg1-copia-1-1024x682.jpeg 1024w, http:\/\/www.emater.ro.gov.br\/ematerro\/wp-content\/uploads\/2024\/12\/20241202-visita-confinamento-jpg1-copia-1-300x200.jpeg 300w, http:\/\/www.emater.ro.gov.br\/ematerro\/wp-content\/uploads\/2024\/12\/20241202-visita-confinamento-jpg1-copia-1-768x512.jpeg 768w, http:\/\/www.emater.ro.gov.br\/ematerro\/wp-content\/uploads\/2024\/12\/20241202-visita-confinamento-jpg1-copia-1-1536x1023.jpeg 1536w, http:\/\/www.emater.ro.gov.br\/ematerro\/wp-content\/uploads\/2024\/12\/20241202-visita-confinamento-jpg1-copia-1-480x320.jpeg 480w, http:\/\/www.emater.ro.gov.br\/ematerro\/wp-content\/uploads\/2024\/12\/20241202-visita-confinamento-jpg1-copia-1.jpeg 1600w\" sizes=\"(max-width: 1024px) 100vw, 1024px\" \/><\/figure>\n\n\n\n<figure class=\"wp-block-image size-large\"><img decoding=\"async\" loading=\"lazy\" width=\"1024\" height=\"682\" data-id=\"16383\"  src=\"http:\/\/www.emater.ro.gov.br\/ematerro\/wp-content\/uploads\/2024\/12\/20241202-visita-confinamento-jpg1_-1-1024x682.jpeg\" alt=\"\" class=\"wp-image-16383\" srcset=\"http:\/\/www.emater.ro.gov.br\/ematerro\/wp-content\/uploads\/2024\/12\/20241202-visita-confinamento-jpg1_-1-1024x682.jpeg 1024w, http:\/\/www.emater.ro.gov.br\/ematerro\/wp-content\/uploads\/2024\/12\/20241202-visita-confinamento-jpg1_-1-300x200.jpeg 300w, http:\/\/www.emater.ro.gov.br\/ematerro\/wp-content\/uploads\/2024\/12\/20241202-visita-confinamento-jpg1_-1-768x512.jpeg 768w, http:\/\/www.emater.ro.gov.br\/ematerro\/wp-content\/uploads\/2024\/12\/20241202-visita-confinamento-jpg1_-1-1536x1023.jpeg 1536w, http:\/\/www.emater.ro.gov.br\/ematerro\/wp-content\/uploads\/2024\/12\/20241202-visita-confinamento-jpg1_-1-480x320.jpeg 480w, http:\/\/www.emater.ro.gov.br\/ematerro\/wp-content\/uploads\/2024\/12\/20241202-visita-confinamento-jpg1_-1.jpeg 1600w\" sizes=\"(max-width: 1024px) 100vw, 1024px\" \/><\/figure>\n\n\n\n<figure class=\"wp-block-image size-large\"><img decoding=\"async\" loading=\"lazy\" width=\"1000\" height=\"666\" data-id=\"16384\"  src=\"http:\/\/www.emater.ro.gov.br\/ematerro\/wp-content\/uploads\/2024\/12\/20241202-visita-confinamento4-1.jpg\" alt=\"\" class=\"wp-image-16384\" srcset=\"http:\/\/www.emater.ro.gov.br\/ematerro\/wp-content\/uploads\/2024\/12\/20241202-visita-confinamento4-1.jpg 1000w, http:\/\/www.emater.ro.gov.br\/ematerro\/wp-content\/uploads\/2024\/12\/20241202-visita-confinamento4-1-300x200.jpg 300w, http:\/\/www.emater.ro.gov.br\/ematerro\/wp-content\/uploads\/2024\/12\/20241202-visita-confinamento4-1-768x511.jpg 768w, http:\/\/www.emater.ro.gov.br\/ematerro\/wp-content\/uploads\/2024\/12\/20241202-visita-confinamento4-1-480x320.jpg 480w\" sizes=\"(max-width: 1000px) 100vw, 1000px\" \/><\/figure>\n\n\n\n<figure class=\"wp-block-image size-large\"><img decoding=\"async\" loading=\"lazy\" width=\"1000\" height=\"675\" data-id=\"16385\"  src=\"http:\/\/www.emater.ro.gov.br\/ematerro\/wp-content\/uploads\/2024\/12\/20241202-visita-confinamento5-2.jpg\" alt=\"\" class=\"wp-image-16385\" srcset=\"http:\/\/www.emater.ro.gov.br\/ematerro\/wp-content\/uploads\/2024\/12\/20241202-visita-confinamento5-2.jpg 1000w, http:\/\/www.emater.ro.gov.br\/ematerro\/wp-content\/uploads\/2024\/12\/20241202-visita-confinamento5-2-300x203.jpg 300w, http:\/\/www.emater.ro.gov.br\/ematerro\/wp-content\/uploads\/2024\/12\/20241202-visita-confinamento5-2-768x518.jpg 768w\" sizes=\"(max-width: 1000px) 100vw, 1000px\" \/><\/figure>\n\n\n\n<figure class=\"wp-block-image size-large\"><img decoding=\"async\" loading=\"lazy\" width=\"1000\" height=\"675\" data-id=\"16386\"  src=\"http:\/\/www.emater.ro.gov.br\/ematerro\/wp-content\/uploads\/2024\/12\/20241202-visita-confinamento-7-1.jpg\" alt=\"\" class=\"wp-image-16386\" srcset=\"http:\/\/www.emater.ro.gov.br\/ematerro\/wp-content\/uploads\/2024\/12\/20241202-visita-confinamento-7-1.jpg 1000w, http:\/\/www.emater.ro.gov.br\/ematerro\/wp-content\/uploads\/2024\/12\/20241202-visita-confinamento-7-1-300x203.jpg 300w, http:\/\/www.emater.ro.gov.br\/ematerro\/wp-content\/uploads\/2024\/12\/20241202-visita-confinamento-7-1-768x518.jpg 768w\" sizes=\"(max-width: 1000px) 100vw, 1000px\" \/><\/figure>\n\n\n\n<figure class=\"wp-block-image size-large\"><img decoding=\"async\" loading=\"lazy\" width=\"1000\" height=\"675\" data-id=\"16387\"  src=\"http:\/\/www.emater.ro.gov.br\/ematerro\/wp-content\/uploads\/2024\/12\/20241202-vistita-confinamento-6-1.jpg\" alt=\"\" class=\"wp-image-16387\" srcset=\"http:\/\/www.emater.ro.gov.br\/ematerro\/wp-content\/uploads\/2024\/12\/20241202-vistita-confinamento-6-1.jpg 1000w, http:\/\/www.emater.ro.gov.br\/ematerro\/wp-content\/uploads\/2024\/12\/20241202-vistita-confinamento-6-1-300x203.jpg 300w, http:\/\/www.emater.ro.gov.br\/ematerro\/wp-content\/uploads\/2024\/12\/20241202-vistita-confinamento-6-1-768x518.jpg 768w\" sizes=\"(max-width: 1000px) 100vw, 1000px\" \/><\/figure>\n<\/figure>\n","protected":false},"excerpt":{"rendered":"<p>T\u00e9cnicos do projeto Consultec Leite, participam da 4\u00aa etapa da capacita\u00e7\u00e3o para forma\u00e7\u00e3o de consultores t\u00e9cnicos, na metodologia do projeto Balde Cheio, nesta etapa foram ministrados conte\u00fados relativos a legisla\u00e7\u00e3o [&hellip;]<\/p>\n","protected":false},"author":8,"featured_media":16391,"comment_status":"closed","ping_status":"closed","sticky":false,"template":"","format":"standard","meta":[],"categories":[10,11],"tags":[135,188,45,290],"_links":{"self":[{"href":"http:\/\/www.emater.ro.gov.br\/ematerro\/wp-json\/wp\/v2\/posts\/16356"}],"collection":[{"href":"http:\/\/www.emater.ro.gov.br\/ematerro\/wp-json\/wp\/v2\/posts"}],"about":[{"href":"http:\/\/www.emater.ro.gov.br\/ematerro\/wp-json\/wp\/v2\/types\/post"}],"author":[{"embeddable":true,"href":"http:\/\/www.emater.ro.gov.br\/ematerro\/wp-json\/wp\/v2\/users\/8"}],"replies":[{"embeddable":true,"href":"http:\/\/www.emater.ro.gov.br\/ematerro\/wp-json\/wp\/v2\/comments?post=16356"}],"version-history":[{"count":2,"href":"http:\/\/www.emater.ro.gov.br\/ematerro\/wp-json\/wp\/v2\/posts\/16356\/revisions"}],"predecessor-version":[{"id":16390,"href":"http:\/\/www.emater.ro.gov.br\/ematerro\/wp-json\/wp\/v2\/posts\/16356\/revisions\/16390"}],"wp:featuredmedia":[{"embeddable":true,"href":"http:\/\/www.emater.ro.gov.br\/ematerro\/wp-json\/wp\/v2\/media\/16391"}],"wp:attachment":[{"href":"http:\/\/www.emater.ro.gov.br\/ematerro\/wp-json\/wp\/v2\/media?parent=16356"}],"wp:term":[{"taxonomy":"category","embeddable":true,"href":"http:\/\/www.emater.ro.gov.br\/ematerro\/wp-json\/wp\/v2\/categories?post=16356"},{"taxonomy":"post_tag","embeddable":true,"href":"http:\/\/www.emater.ro.gov.br\/ematerro\/wp-json\/wp\/v2\/tags?post=16356"}],"curies":[{"name":"wp","href":"https:\/\/api.w.org\/{rel}","templated":true}]}}