{"id":16329,"date":"2024-11-29T11:46:34","date_gmt":"2024-11-29T15:46:34","guid":{"rendered":"http:\/\/www.emater.ro.gov.br\/ematerro\/?p=16329"},"modified":"2024-11-29T11:50:13","modified_gmt":"2024-11-29T15:50:13","slug":"emater-ro-celebra-com-festa-entrega-da-premiacao-do-concafe-regional","status":"publish","type":"post","link":"http:\/\/www.emater.ro.gov.br\/ematerro\/2024\/11\/29\/emater-ro-celebra-com-festa-entrega-da-premiacao-do-concafe-regional\/","title":{"rendered":"Emater-RO Celebra com festa entrega da premia\u00e7\u00e3o do Concaf\u00e9 Regional Jaru"},"content":{"rendered":"\n<p><\/p>\n\n\n\n<p>No munic\u00edpio de Jaru os produtores de caf\u00e9 participantes do concurso Concaf\u00e9, vers\u00e3o regional, se reuniram no dia 27 de novembro com os t\u00e9cnicos e patrocinadores do concurso para celebra\u00e7\u00e3o dos resultados e entrega da premia\u00e7\u00e3o.<\/p>\n\n\n\n<p>A comemora\u00e7\u00e3o pela premia\u00e7\u00e3o dos melhores caf\u00e9s de jaru contou com a presen\u00e7a das principais autoridades do munic\u00edpio, dos patrocinadores e produtores de caf\u00e9. O ato festivo foi organizado pelo escrit\u00f3rio local da Entidade Aut\u00e1rquica de Assist\u00eancia T\u00e9cnica e Extens\u00e3o Rural de Rond\u00f4nia (Emater-RO) que juntamente com os patrocinadores do evento, fizeram a entrega dos pr\u00eamios aos quatro primeiros colocados no certame de qualidade e sustentabilidade do caf\u00e9 robusta no munic\u00edpio. Veja abaixo os nomes dos ganhadores e a classifica\u00e7\u00e3o. <\/p>\n\n\n\n<p>Primeiro lugar: Sirlene Eleoterio<br>Segundo lugar: S\u00e9rgio Pereira<br>Terceiro lugar: Ben\u00edcio dos Santos<br>Quarto lugar: Jair Gomes<\/p>\n\n\n\n<figure class=\"wp-block-gallery has-nested-images columns-default is-cropped wp-block-gallery-1 is-layout-flex\">\n<figure class=\"wp-block-image size-large\"><img decoding=\"async\" loading=\"lazy\" width=\"1000\" height=\"675\" data-id=\"16330\"  src=\"http:\/\/www.emater.ro.gov.br\/ematerro\/wp-content\/uploads\/2024\/11\/20241129-concafe-jaru-1.jpg\" alt=\"\" class=\"wp-image-16330\" srcset=\"http:\/\/www.emater.ro.gov.br\/ematerro\/wp-content\/uploads\/2024\/11\/20241129-concafe-jaru-1.jpg 1000w, http:\/\/www.emater.ro.gov.br\/ematerro\/wp-content\/uploads\/2024\/11\/20241129-concafe-jaru-1-300x203.jpg 300w, http:\/\/www.emater.ro.gov.br\/ematerro\/wp-content\/uploads\/2024\/11\/20241129-concafe-jaru-1-768x518.jpg 768w\" sizes=\"(max-width: 1000px) 100vw, 1000px\" \/><\/figure>\n\n\n\n<figure class=\"wp-block-image size-large\"><img decoding=\"async\" loading=\"lazy\" width=\"1000\" height=\"675\" data-id=\"16331\"  src=\"http:\/\/www.emater.ro.gov.br\/ematerro\/wp-content\/uploads\/2024\/11\/20241129-concafe-jaru-2.jpg\" alt=\"\" class=\"wp-image-16331\" srcset=\"http:\/\/www.emater.ro.gov.br\/ematerro\/wp-content\/uploads\/2024\/11\/20241129-concafe-jaru-2.jpg 1000w, http:\/\/www.emater.ro.gov.br\/ematerro\/wp-content\/uploads\/2024\/11\/20241129-concafe-jaru-2-300x203.jpg 300w, http:\/\/www.emater.ro.gov.br\/ematerro\/wp-content\/uploads\/2024\/11\/20241129-concafe-jaru-2-768x518.jpg 768w\" sizes=\"(max-width: 1000px) 100vw, 1000px\" \/><\/figure>\n\n\n\n<figure class=\"wp-block-image size-large\"><img decoding=\"async\" loading=\"lazy\" width=\"768\" height=\"1024\" data-id=\"16332\"  src=\"http:\/\/www.emater.ro.gov.br\/ematerro\/wp-content\/uploads\/2024\/11\/20241129-concafe-jaru-3-768x1024.jpg\" alt=\"\" class=\"wp-image-16332\" srcset=\"http:\/\/www.emater.ro.gov.br\/ematerro\/wp-content\/uploads\/2024\/11\/20241129-concafe-jaru-3-768x1024.jpg 768w, http:\/\/www.emater.ro.gov.br\/ematerro\/wp-content\/uploads\/2024\/11\/20241129-concafe-jaru-3-225x300.jpg 225w, http:\/\/www.emater.ro.gov.br\/ematerro\/wp-content\/uploads\/2024\/11\/20241129-concafe-jaru-3.jpg 960w\" sizes=\"(max-width: 768px) 100vw, 768px\" \/><\/figure>\n\n\n\n<figure class=\"wp-block-image size-large\"><img decoding=\"async\" loading=\"lazy\" width=\"1000\" height=\"675\" data-id=\"16333\"  src=\"http:\/\/www.emater.ro.gov.br\/ematerro\/wp-content\/uploads\/2024\/11\/20241129-concafe-jaru-4.jpg\" alt=\"\" class=\"wp-image-16333\" srcset=\"http:\/\/www.emater.ro.gov.br\/ematerro\/wp-content\/uploads\/2024\/11\/20241129-concafe-jaru-4.jpg 1000w, http:\/\/www.emater.ro.gov.br\/ematerro\/wp-content\/uploads\/2024\/11\/20241129-concafe-jaru-4-300x203.jpg 300w, http:\/\/www.emater.ro.gov.br\/ematerro\/wp-content\/uploads\/2024\/11\/20241129-concafe-jaru-4-768x518.jpg 768w\" sizes=\"(max-width: 1000px) 100vw, 1000px\" \/><\/figure>\n\n\n\n<figure class=\"wp-block-image size-large\"><img decoding=\"async\" loading=\"lazy\" width=\"768\" height=\"1024\" data-id=\"16334\"  src=\"http:\/\/www.emater.ro.gov.br\/ematerro\/wp-content\/uploads\/2024\/11\/20241129-concafe-jaru-5-768x1024.jpg\" alt=\"\" class=\"wp-image-16334\" srcset=\"http:\/\/www.emater.ro.gov.br\/ematerro\/wp-content\/uploads\/2024\/11\/20241129-concafe-jaru-5-768x1024.jpg 768w, http:\/\/www.emater.ro.gov.br\/ematerro\/wp-content\/uploads\/2024\/11\/20241129-concafe-jaru-5-225x300.jpg 225w, http:\/\/www.emater.ro.gov.br\/ematerro\/wp-content\/uploads\/2024\/11\/20241129-concafe-jaru-5.jpg 960w\" sizes=\"(max-width: 768px) 100vw, 768px\" \/><\/figure>\n\n\n\n<figure class=\"wp-block-image size-large\"><img decoding=\"async\" loading=\"lazy\" width=\"1000\" height=\"675\" data-id=\"16335\"  src=\"http:\/\/www.emater.ro.gov.br\/ematerro\/wp-content\/uploads\/2024\/11\/20241129-concafe-jaru-6.jpg\" alt=\"\" class=\"wp-image-16335\" srcset=\"http:\/\/www.emater.ro.gov.br\/ematerro\/wp-content\/uploads\/2024\/11\/20241129-concafe-jaru-6.jpg 1000w, http:\/\/www.emater.ro.gov.br\/ematerro\/wp-content\/uploads\/2024\/11\/20241129-concafe-jaru-6-300x203.jpg 300w, http:\/\/www.emater.ro.gov.br\/ematerro\/wp-content\/uploads\/2024\/11\/20241129-concafe-jaru-6-768x518.jpg 768w\" sizes=\"(max-width: 1000px) 100vw, 1000px\" \/><\/figure>\n\n\n\n<figure class=\"wp-block-image size-large\"><img decoding=\"async\" loading=\"lazy\" width=\"1000\" height=\"675\" data-id=\"16336\"  src=\"http:\/\/www.emater.ro.gov.br\/ematerro\/wp-content\/uploads\/2024\/11\/20241129-concafe-jaru-7.jpg\" alt=\"\" class=\"wp-image-16336\" srcset=\"http:\/\/www.emater.ro.gov.br\/ematerro\/wp-content\/uploads\/2024\/11\/20241129-concafe-jaru-7.jpg 1000w, http:\/\/www.emater.ro.gov.br\/ematerro\/wp-content\/uploads\/2024\/11\/20241129-concafe-jaru-7-300x203.jpg 300w, http:\/\/www.emater.ro.gov.br\/ematerro\/wp-content\/uploads\/2024\/11\/20241129-concafe-jaru-7-768x518.jpg 768w\" sizes=\"(max-width: 1000px) 100vw, 1000px\" \/><\/figure>\n\n\n\n<figure class=\"wp-block-image size-large\"><img decoding=\"async\" loading=\"lazy\" width=\"1024\" height=\"768\" data-id=\"16337\"  src=\"http:\/\/www.emater.ro.gov.br\/ematerro\/wp-content\/uploads\/2024\/11\/20241129-concafe-jaru-8-1024x768.jpg\" alt=\"\" class=\"wp-image-16337\" srcset=\"http:\/\/www.emater.ro.gov.br\/ematerro\/wp-content\/uploads\/2024\/11\/20241129-concafe-jaru-8-1024x768.jpg 1024w, http:\/\/www.emater.ro.gov.br\/ematerro\/wp-content\/uploads\/2024\/11\/20241129-concafe-jaru-8-300x225.jpg 300w, http:\/\/www.emater.ro.gov.br\/ematerro\/wp-content\/uploads\/2024\/11\/20241129-concafe-jaru-8-768x576.jpg 768w, http:\/\/www.emater.ro.gov.br\/ematerro\/wp-content\/uploads\/2024\/11\/20241129-concafe-jaru-8-640x480.jpg 640w, http:\/\/www.emater.ro.gov.br\/ematerro\/wp-content\/uploads\/2024\/11\/20241129-concafe-jaru-8.jpg 1280w\" sizes=\"(max-width: 1024px) 100vw, 1024px\" \/><\/figure>\n\n\n\n<figure class=\"wp-block-image size-large\"><img decoding=\"async\" loading=\"lazy\" width=\"768\" height=\"1024\" data-id=\"16338\"  src=\"http:\/\/www.emater.ro.gov.br\/ematerro\/wp-content\/uploads\/2024\/11\/20241129-concafe-jaru-9-768x1024.jpg\" alt=\"\" class=\"wp-image-16338\" srcset=\"http:\/\/www.emater.ro.gov.br\/ematerro\/wp-content\/uploads\/2024\/11\/20241129-concafe-jaru-9-768x1024.jpg 768w, http:\/\/www.emater.ro.gov.br\/ematerro\/wp-content\/uploads\/2024\/11\/20241129-concafe-jaru-9-225x300.jpg 225w, http:\/\/www.emater.ro.gov.br\/ematerro\/wp-content\/uploads\/2024\/11\/20241129-concafe-jaru-9-1152x1536.jpg 1152w, http:\/\/www.emater.ro.gov.br\/ematerro\/wp-content\/uploads\/2024\/11\/20241129-concafe-jaru-9.jpg 1200w\" sizes=\"(max-width: 768px) 100vw, 768px\" \/><\/figure>\n\n\n\n<figure class=\"wp-block-image size-large\"><img decoding=\"async\" loading=\"lazy\" width=\"768\" height=\"1024\" data-id=\"16340\"  src=\"http:\/\/www.emater.ro.gov.br\/ematerro\/wp-content\/uploads\/2024\/11\/20241129-concafe-jaru-11-768x1024.jpg\" alt=\"\" class=\"wp-image-16340\" srcset=\"http:\/\/www.emater.ro.gov.br\/ematerro\/wp-content\/uploads\/2024\/11\/20241129-concafe-jaru-11-768x1024.jpg 768w, http:\/\/www.emater.ro.gov.br\/ematerro\/wp-content\/uploads\/2024\/11\/20241129-concafe-jaru-11-225x300.jpg 225w, http:\/\/www.emater.ro.gov.br\/ematerro\/wp-content\/uploads\/2024\/11\/20241129-concafe-jaru-11.jpg 960w\" sizes=\"(max-width: 768px) 100vw, 768px\" \/><\/figure>\n\n\n\n<figure class=\"wp-block-image size-large\"><img decoding=\"async\" loading=\"lazy\" width=\"768\" height=\"1024\" data-id=\"16341\"  src=\"http:\/\/www.emater.ro.gov.br\/ematerro\/wp-content\/uploads\/2024\/11\/20241129-concafe-jaru-12-768x1024.jpg\" alt=\"\" class=\"wp-image-16341\" srcset=\"http:\/\/www.emater.ro.gov.br\/ematerro\/wp-content\/uploads\/2024\/11\/20241129-concafe-jaru-12-768x1024.jpg 768w, http:\/\/www.emater.ro.gov.br\/ematerro\/wp-content\/uploads\/2024\/11\/20241129-concafe-jaru-12-225x300.jpg 225w, http:\/\/www.emater.ro.gov.br\/ematerro\/wp-content\/uploads\/2024\/11\/20241129-concafe-jaru-12-1152x1536.jpg 1152w, http:\/\/www.emater.ro.gov.br\/ematerro\/wp-content\/uploads\/2024\/11\/20241129-concafe-jaru-12.jpg 1200w\" sizes=\"(max-width: 768px) 100vw, 768px\" \/><\/figure>\n\n\n\n<figure class=\"wp-block-image size-large\"><img decoding=\"async\" loading=\"lazy\" width=\"1024\" height=\"768\" data-id=\"16342\"  src=\"http:\/\/www.emater.ro.gov.br\/ematerro\/wp-content\/uploads\/2024\/11\/20241129-concafe-jaru-13-1024x768.jpg\" alt=\"\" class=\"wp-image-16342\" srcset=\"http:\/\/www.emater.ro.gov.br\/ematerro\/wp-content\/uploads\/2024\/11\/20241129-concafe-jaru-13-1024x768.jpg 1024w, http:\/\/www.emater.ro.gov.br\/ematerro\/wp-content\/uploads\/2024\/11\/20241129-concafe-jaru-13-300x225.jpg 300w, http:\/\/www.emater.ro.gov.br\/ematerro\/wp-content\/uploads\/2024\/11\/20241129-concafe-jaru-13-768x576.jpg 768w, http:\/\/www.emater.ro.gov.br\/ematerro\/wp-content\/uploads\/2024\/11\/20241129-concafe-jaru-13-1536x1152.jpg 1536w, http:\/\/www.emater.ro.gov.br\/ematerro\/wp-content\/uploads\/2024\/11\/20241129-concafe-jaru-13-640x480.jpg 640w, http:\/\/www.emater.ro.gov.br\/ematerro\/wp-content\/uploads\/2024\/11\/20241129-concafe-jaru-13.jpg 1600w\" sizes=\"(max-width: 1024px) 100vw, 1024px\" \/><\/figure>\n\n\n\n<figure class=\"wp-block-image size-large\"><img decoding=\"async\" loading=\"lazy\" width=\"768\" height=\"1024\" data-id=\"16343\"  src=\"http:\/\/www.emater.ro.gov.br\/ematerro\/wp-content\/uploads\/2024\/11\/20241129-concafe-jaru-14-768x1024.jpg\" alt=\"\" class=\"wp-image-16343\" srcset=\"http:\/\/www.emater.ro.gov.br\/ematerro\/wp-content\/uploads\/2024\/11\/20241129-concafe-jaru-14-768x1024.jpg 768w, http:\/\/www.emater.ro.gov.br\/ematerro\/wp-content\/uploads\/2024\/11\/20241129-concafe-jaru-14-225x300.jpg 225w, http:\/\/www.emater.ro.gov.br\/ematerro\/wp-content\/uploads\/2024\/11\/20241129-concafe-jaru-14-1152x1536.jpg 1152w, http:\/\/www.emater.ro.gov.br\/ematerro\/wp-content\/uploads\/2024\/11\/20241129-concafe-jaru-14.jpg 1200w\" sizes=\"(max-width: 768px) 100vw, 768px\" \/><\/figure>\n\n\n\n<figure class=\"wp-block-image size-large\"><img decoding=\"async\" loading=\"lazy\" width=\"768\" height=\"1024\" data-id=\"16344\"  src=\"http:\/\/www.emater.ro.gov.br\/ematerro\/wp-content\/uploads\/2024\/11\/20241129-concafe-jaru-15-768x1024.jpg\" alt=\"\" class=\"wp-image-16344\" srcset=\"http:\/\/www.emater.ro.gov.br\/ematerro\/wp-content\/uploads\/2024\/11\/20241129-concafe-jaru-15-768x1024.jpg 768w, http:\/\/www.emater.ro.gov.br\/ematerro\/wp-content\/uploads\/2024\/11\/20241129-concafe-jaru-15-225x300.jpg 225w, http:\/\/www.emater.ro.gov.br\/ematerro\/wp-content\/uploads\/2024\/11\/20241129-concafe-jaru-15-1152x1536.jpg 1152w, http:\/\/www.emater.ro.gov.br\/ematerro\/wp-content\/uploads\/2024\/11\/20241129-concafe-jaru-15.jpg 1200w\" sizes=\"(max-width: 768px) 100vw, 768px\" \/><\/figure>\n\n\n\n<figure class=\"wp-block-image size-large\"><img decoding=\"async\" loading=\"lazy\" width=\"1000\" height=\"675\" data-id=\"16345\"  src=\"http:\/\/www.emater.ro.gov.br\/ematerro\/wp-content\/uploads\/2024\/11\/20241129-concafe-jaru-16.jpg\" alt=\"\" class=\"wp-image-16345\" srcset=\"http:\/\/www.emater.ro.gov.br\/ematerro\/wp-content\/uploads\/2024\/11\/20241129-concafe-jaru-16.jpg 1000w, http:\/\/www.emater.ro.gov.br\/ematerro\/wp-content\/uploads\/2024\/11\/20241129-concafe-jaru-16-300x203.jpg 300w, http:\/\/www.emater.ro.gov.br\/ematerro\/wp-content\/uploads\/2024\/11\/20241129-concafe-jaru-16-768x518.jpg 768w\" sizes=\"(max-width: 1000px) 100vw, 1000px\" \/><\/figure>\n\n\n\n<figure class=\"wp-block-image size-large\"><img decoding=\"async\" loading=\"lazy\" width=\"1024\" height=\"691\" data-id=\"16346\"  src=\"http:\/\/www.emater.ro.gov.br\/ematerro\/wp-content\/uploads\/2024\/11\/20241129-concafe-jaru-17-1024x691.jpg\" alt=\"\" class=\"wp-image-16346\" srcset=\"http:\/\/www.emater.ro.gov.br\/ematerro\/wp-content\/uploads\/2024\/11\/20241129-concafe-jaru-17-1024x691.jpg 1024w, http:\/\/www.emater.ro.gov.br\/ematerro\/wp-content\/uploads\/2024\/11\/20241129-concafe-jaru-17-300x203.jpg 300w, http:\/\/www.emater.ro.gov.br\/ematerro\/wp-content\/uploads\/2024\/11\/20241129-concafe-jaru-17-768x518.jpg 768w, http:\/\/www.emater.ro.gov.br\/ematerro\/wp-content\/uploads\/2024\/11\/20241129-concafe-jaru-17.jpg 1200w\" sizes=\"(max-width: 1024px) 100vw, 1024px\" \/><\/figure>\n\n\n\n<figure class=\"wp-block-image size-large\"><img decoding=\"async\" loading=\"lazy\" width=\"768\" height=\"1024\" data-id=\"16347\"  src=\"http:\/\/www.emater.ro.gov.br\/ematerro\/wp-content\/uploads\/2024\/11\/20241129-concafe-jaru-18-768x1024.jpg\" alt=\"\" class=\"wp-image-16347\" srcset=\"http:\/\/www.emater.ro.gov.br\/ematerro\/wp-content\/uploads\/2024\/11\/20241129-concafe-jaru-18-768x1024.jpg 768w, http:\/\/www.emater.ro.gov.br\/ematerro\/wp-content\/uploads\/2024\/11\/20241129-concafe-jaru-18-225x300.jpg 225w, http:\/\/www.emater.ro.gov.br\/ematerro\/wp-content\/uploads\/2024\/11\/20241129-concafe-jaru-18-1152x1536.jpg 1152w, http:\/\/www.emater.ro.gov.br\/ematerro\/wp-content\/uploads\/2024\/11\/20241129-concafe-jaru-18.jpg 1200w\" sizes=\"(max-width: 768px) 100vw, 768px\" \/><\/figure>\n\n\n\n<figure class=\"wp-block-image size-large\"><img decoding=\"async\" loading=\"lazy\" width=\"768\" height=\"1024\" data-id=\"16348\"  src=\"http:\/\/www.emater.ro.gov.br\/ematerro\/wp-content\/uploads\/2024\/11\/20241129-concafe-jaru-19-768x1024.jpg\" alt=\"\" class=\"wp-image-16348\" srcset=\"http:\/\/www.emater.ro.gov.br\/ematerro\/wp-content\/uploads\/2024\/11\/20241129-concafe-jaru-19-768x1024.jpg 768w, http:\/\/www.emater.ro.gov.br\/ematerro\/wp-content\/uploads\/2024\/11\/20241129-concafe-jaru-19-225x300.jpg 225w, http:\/\/www.emater.ro.gov.br\/ematerro\/wp-content\/uploads\/2024\/11\/20241129-concafe-jaru-19-1152x1536.jpg 1152w, http:\/\/www.emater.ro.gov.br\/ematerro\/wp-content\/uploads\/2024\/11\/20241129-concafe-jaru-19.jpg 1200w\" sizes=\"(max-width: 768px) 100vw, 768px\" \/><\/figure>\n\n\n\n<figure class=\"wp-block-image size-large\"><img decoding=\"async\" loading=\"lazy\" width=\"1024\" height=\"682\" data-id=\"16349\"  src=\"http:\/\/www.emater.ro.gov.br\/ematerro\/wp-content\/uploads\/2024\/11\/20241129-concafe-jaru-20-1024x682.jpg\" alt=\"\" class=\"wp-image-16349\" srcset=\"http:\/\/www.emater.ro.gov.br\/ematerro\/wp-content\/uploads\/2024\/11\/20241129-concafe-jaru-20-1024x682.jpg 1024w, http:\/\/www.emater.ro.gov.br\/ematerro\/wp-content\/uploads\/2024\/11\/20241129-concafe-jaru-20-300x200.jpg 300w, http:\/\/www.emater.ro.gov.br\/ematerro\/wp-content\/uploads\/2024\/11\/20241129-concafe-jaru-20-768x512.jpg 768w, http:\/\/www.emater.ro.gov.br\/ematerro\/wp-content\/uploads\/2024\/11\/20241129-concafe-jaru-20-1536x1023.jpg 1536w, http:\/\/www.emater.ro.gov.br\/ematerro\/wp-content\/uploads\/2024\/11\/20241129-concafe-jaru-20-480x320.jpg 480w, http:\/\/www.emater.ro.gov.br\/ematerro\/wp-content\/uploads\/2024\/11\/20241129-concafe-jaru-20.jpg 1600w\" sizes=\"(max-width: 1024px) 100vw, 1024px\" \/><\/figure>\n\n\n\n<figure class=\"wp-block-image size-large\"><img decoding=\"async\" loading=\"lazy\" width=\"1024\" height=\"682\" data-id=\"16350\"  src=\"http:\/\/www.emater.ro.gov.br\/ematerro\/wp-content\/uploads\/2024\/11\/20241129-concafe-jaru-21-1024x682.jpg\" alt=\"\" class=\"wp-image-16350\" srcset=\"http:\/\/www.emater.ro.gov.br\/ematerro\/wp-content\/uploads\/2024\/11\/20241129-concafe-jaru-21-1024x682.jpg 1024w, http:\/\/www.emater.ro.gov.br\/ematerro\/wp-content\/uploads\/2024\/11\/20241129-concafe-jaru-21-300x200.jpg 300w, http:\/\/www.emater.ro.gov.br\/ematerro\/wp-content\/uploads\/2024\/11\/20241129-concafe-jaru-21-768x512.jpg 768w, http:\/\/www.emater.ro.gov.br\/ematerro\/wp-content\/uploads\/2024\/11\/20241129-concafe-jaru-21-1536x1023.jpg 1536w, http:\/\/www.emater.ro.gov.br\/ematerro\/wp-content\/uploads\/2024\/11\/20241129-concafe-jaru-21-480x320.jpg 480w, http:\/\/www.emater.ro.gov.br\/ematerro\/wp-content\/uploads\/2024\/11\/20241129-concafe-jaru-21.jpg 1600w\" sizes=\"(max-width: 1024px) 100vw, 1024px\" \/><\/figure>\n\n\n\n<figure class=\"wp-block-image size-large\"><img decoding=\"async\" loading=\"lazy\" width=\"1024\" height=\"682\" data-id=\"16351\"  src=\"http:\/\/www.emater.ro.gov.br\/ematerro\/wp-content\/uploads\/2024\/11\/20241129-concafe-jaru-22-1024x682.jpg\" alt=\"\" class=\"wp-image-16351\" srcset=\"http:\/\/www.emater.ro.gov.br\/ematerro\/wp-content\/uploads\/2024\/11\/20241129-concafe-jaru-22-1024x682.jpg 1024w, http:\/\/www.emater.ro.gov.br\/ematerro\/wp-content\/uploads\/2024\/11\/20241129-concafe-jaru-22-300x200.jpg 300w, http:\/\/www.emater.ro.gov.br\/ematerro\/wp-content\/uploads\/2024\/11\/20241129-concafe-jaru-22-768x512.jpg 768w, http:\/\/www.emater.ro.gov.br\/ematerro\/wp-content\/uploads\/2024\/11\/20241129-concafe-jaru-22-1536x1023.jpg 1536w, http:\/\/www.emater.ro.gov.br\/ematerro\/wp-content\/uploads\/2024\/11\/20241129-concafe-jaru-22-480x320.jpg 480w, http:\/\/www.emater.ro.gov.br\/ematerro\/wp-content\/uploads\/2024\/11\/20241129-concafe-jaru-22.jpg 1600w\" sizes=\"(max-width: 1024px) 100vw, 1024px\" \/><\/figure>\n\n\n\n<figure class=\"wp-block-image size-large\"><img decoding=\"async\" loading=\"lazy\" width=\"1000\" height=\"675\" data-id=\"16352\"  src=\"http:\/\/www.emater.ro.gov.br\/ematerro\/wp-content\/uploads\/2024\/11\/20241129-concafe-jaru-23.jpg\" alt=\"\" class=\"wp-image-16352\" srcset=\"http:\/\/www.emater.ro.gov.br\/ematerro\/wp-content\/uploads\/2024\/11\/20241129-concafe-jaru-23.jpg 1000w, http:\/\/www.emater.ro.gov.br\/ematerro\/wp-content\/uploads\/2024\/11\/20241129-concafe-jaru-23-300x203.jpg 300w, http:\/\/www.emater.ro.gov.br\/ematerro\/wp-content\/uploads\/2024\/11\/20241129-concafe-jaru-23-768x518.jpg 768w\" sizes=\"(max-width: 1000px) 100vw, 1000px\" \/><\/figure>\n<\/figure>\n\n\n\n<p><\/p>\n","protected":false},"excerpt":{"rendered":"<p>No munic\u00edpio de Jaru os produtores de caf\u00e9 participantes do concurso Concaf\u00e9, vers\u00e3o regional, se reuniram no dia 27 de novembro com os t\u00e9cnicos e patrocinadores do concurso para celebra\u00e7\u00e3o [&hellip;]<\/p>\n","protected":false},"author":8,"featured_media":16342,"comment_status":"closed","ping_status":"closed","sticky":false,"template":"","format":"standard","meta":[],"categories":[502,19,11],"tags":[],"_links":{"self":[{"href":"http:\/\/www.emater.ro.gov.br\/ematerro\/wp-json\/wp\/v2\/posts\/16329"}],"collection":[{"href":"http:\/\/www.emater.ro.gov.br\/ematerro\/wp-json\/wp\/v2\/posts"}],"about":[{"href":"http:\/\/www.emater.ro.gov.br\/ematerro\/wp-json\/wp\/v2\/types\/post"}],"author":[{"embeddable":true,"href":"http:\/\/www.emater.ro.gov.br\/ematerro\/wp-json\/wp\/v2\/users\/8"}],"replies":[{"embeddable":true,"href":"http:\/\/www.emater.ro.gov.br\/ematerro\/wp-json\/wp\/v2\/comments?post=16329"}],"version-history":[{"count":3,"href":"http:\/\/www.emater.ro.gov.br\/ematerro\/wp-json\/wp\/v2\/posts\/16329\/revisions"}],"predecessor-version":[{"id":16355,"href":"http:\/\/www.emater.ro.gov.br\/ematerro\/wp-json\/wp\/v2\/posts\/16329\/revisions\/16355"}],"wp:featuredmedia":[{"embeddable":true,"href":"http:\/\/www.emater.ro.gov.br\/ematerro\/wp-json\/wp\/v2\/media\/16342"}],"wp:attachment":[{"href":"http:\/\/www.emater.ro.gov.br\/ematerro\/wp-json\/wp\/v2\/media?parent=16329"}],"wp:term":[{"taxonomy":"category","embeddable":true,"href":"http:\/\/www.emater.ro.gov.br\/ematerro\/wp-json\/wp\/v2\/categories?post=16329"},{"taxonomy":"post_tag","embeddable":true,"href":"http:\/\/www.emater.ro.gov.br\/ematerro\/wp-json\/wp\/v2\/tags?post=16329"}],"curies":[{"name":"wp","href":"https:\/\/api.w.org\/{rel}","templated":true}]}}