{"id":16275,"date":"2024-12-18T09:00:00","date_gmt":"2024-12-18T13:00:00","guid":{"rendered":"http:\/\/www.emater.ro.gov.br\/ematerro\/?p=16275"},"modified":"2024-12-17T09:30:24","modified_gmt":"2024-12-17T13:30:24","slug":"assistencia-tecnica-e-extensao-rural-projetam-rondonia-no-cenario-internacional-de-producao-de-alimentos","status":"publish","type":"post","link":"http:\/\/www.emater.ro.gov.br\/ematerro\/2024\/12\/18\/assistencia-tecnica-e-extensao-rural-projetam-rondonia-no-cenario-internacional-de-producao-de-alimentos\/","title":{"rendered":"Assist\u00eancia t\u00e9cnica e extens\u00e3o rural projetam Rond\u00f4nia no cen\u00e1rio internacional de produ\u00e7\u00e3o de alimentos em 2024"},"content":{"rendered":"<div class=\"wp-block-image\">\n<figure class=\"aligncenter size-large\"><img decoding=\"async\" loading=\"lazy\" width=\"1024\" height=\"691\" src=\"http:\/\/www.emater.ro.gov.br\/ematerro\/wp-content\/uploads\/2024\/11\/20241126-cafe-2021-irene-mendes-1-1024x691.jpg\" alt=\"\" class=\"wp-image-16277\" srcset=\"http:\/\/www.emater.ro.gov.br\/ematerro\/wp-content\/uploads\/2024\/11\/20241126-cafe-2021-irene-mendes-1-1024x691.jpg 1024w, http:\/\/www.emater.ro.gov.br\/ematerro\/wp-content\/uploads\/2024\/11\/20241126-cafe-2021-irene-mendes-1-300x202.jpg 300w, http:\/\/www.emater.ro.gov.br\/ematerro\/wp-content\/uploads\/2024\/11\/20241126-cafe-2021-irene-mendes-1-768x518.jpg 768w, http:\/\/www.emater.ro.gov.br\/ematerro\/wp-content\/uploads\/2024\/11\/20241126-cafe-2021-irene-mendes-1-1536x1037.jpg 1536w, http:\/\/www.emater.ro.gov.br\/ematerro\/wp-content\/uploads\/2024\/11\/20241126-cafe-2021-irene-mendes-1-2048x1382.jpg 2048w\" sizes=\"(max-width: 1024px) 100vw, 1024px\" \/><figcaption class=\"wp-element-caption\"><em><sup><strong>O programa Plante Mais, melhorou a qualidade da produ\u00e7\u00e3o de caf\u00e9 e cacau<\/strong><\/sup><\/em>.<\/figcaption><\/figure><\/div>\n\n\n<p>Destaque como uma das regi\u00f5es mais promissoras no desenvolvimento do terceiro setor no pa\u00eds, Rond\u00f4nia oferece uma gama de oportunidade de neg\u00f3cios advindos da agricultura familiar. Seu vasto potencial agropecu\u00e1rio e a crescente atua\u00e7\u00e3o na produ\u00e7\u00e3o de alimentos com qualidade e sustentabilidade tem atra\u00eddo os olhos dos mercados nacional e internacional, especialmente nas culturas do caf\u00e9, cacau, carne e peixe, entre outros, que hoje j\u00e1 fazem sucesso em pa\u00edses como: Estados Unidos, China, Espanha, M\u00e9xico, Arg\u00e9lia, Turquia, Pa\u00edses Baixos, Emirados \u00c1rabes Unidos, Chile e Argentina.<\/p>\n\n\n<div class=\"wp-block-image\">\n<figure class=\"alignright size-large is-resized\"><img decoding=\"async\" loading=\"lazy\" src=\"http:\/\/www.emater.ro.gov.br\/ematerro\/wp-content\/uploads\/2024\/11\/20241126-distribuicao-de-mudas_2024_colina-verde_emerson-vieira-2-1024x691.jpg\" alt=\"\" class=\"wp-image-16278\" width=\"434\" height=\"291\"\/><figcaption class=\"wp-element-caption\"><strong><em><sup>Tecnologia e inova\u00e7\u00e3o com mudas clonais<\/sup><\/em><\/strong><\/figcaption><\/figure><\/div>\n\n\n<p>Para chegar a esse potencial, o governo de Rond\u00f4nia tem priorizado a\u00e7\u00f5es que se mostraram primordiais para o fortalecimento do setor agropecu\u00e1rio, com foco na lucratividade e no bem-estar da popula\u00e7\u00e3o que vive das atividades do campo. As pol\u00edticas p\u00fablicas e programas de desenvolvimento agropecu\u00e1rios, contribuem ainda diretamente para o desenvolvimento de um setor rural robusto, gerando renda e promovendo a inclus\u00e3o social e a redu\u00e7\u00e3o das desigualdades regionais.<\/p>\n\n\n\n<p>A Entidade Aut\u00e1rquica de Assist\u00eancia T\u00e9cnica e Extens\u00e3o Rural (Emater-RO), bra\u00e7o direito do governo estadual na execu\u00e7\u00e3o das pol\u00edticas de assist\u00eancia t\u00e9cnica e extens\u00e3o rural tem sido essencial nesse processo, levando os servi\u00e7os de Ater p\u00fablica com tecnologia e moderniza\u00e7\u00e3o no que tange \u00e0 agricultura familiar, promovendo a capacita\u00e7\u00e3o e organiza\u00e7\u00e3o dos produtores em cooperativas e associa\u00e7\u00f5es, e em atendimento individualizado. O diretor-presidente da Emater-RO, Luciano Brand\u00e3o enfatiza que no ano de 2024 j\u00e1 foram realizados mais de 120 mil atendimentos \u00e0 agricultores familiares, quilombolas, ribeirinhos, assentados, extrativistas e ind\u00edgenas proporcionando-lhes aprendizados, oportunidades rent\u00e1veis com sustentabilidade. \u201cA Emater-RO vem apoiando ao agricultor familiar, atendendo suas demandas de capacita\u00e7\u00f5es para incentivar uma produ\u00e7\u00e3o de qualidade e competitividade no mercado\u201d, explica Brand\u00e3o.<\/p>\n\n\n<div class=\"wp-block-image\">\n<figure class=\"alignleft size-large is-resized\"><img decoding=\"async\" loading=\"lazy\" src=\"http:\/\/www.emater.ro.gov.br\/ematerro\/wp-content\/uploads\/2024\/11\/20241126-distribuicao-de-implementos_2024_rayne-andrade-3-1024x691.jpg\" alt=\"\" class=\"wp-image-16280\" width=\"451\" height=\"304\" srcset=\"http:\/\/www.emater.ro.gov.br\/ematerro\/wp-content\/uploads\/2024\/11\/20241126-distribuicao-de-implementos_2024_rayne-andrade-3-1024x691.jpg 1024w, http:\/\/www.emater.ro.gov.br\/ematerro\/wp-content\/uploads\/2024\/11\/20241126-distribuicao-de-implementos_2024_rayne-andrade-3-300x203.jpg 300w, http:\/\/www.emater.ro.gov.br\/ematerro\/wp-content\/uploads\/2024\/11\/20241126-distribuicao-de-implementos_2024_rayne-andrade-3-768x519.jpg 768w, http:\/\/www.emater.ro.gov.br\/ematerro\/wp-content\/uploads\/2024\/11\/20241126-distribuicao-de-implementos_2024_rayne-andrade-3-1536x1037.jpg 1536w, http:\/\/www.emater.ro.gov.br\/ematerro\/wp-content\/uploads\/2024\/11\/20241126-distribuicao-de-implementos_2024_rayne-andrade-3-2048x1383.jpg 2048w\" sizes=\"(max-width: 451px) 100vw, 451px\" \/><figcaption class=\"wp-element-caption\"><sup><em><strong>Modernidade com distribui\u00e7\u00e3o de implementos agr\u00edcolas<\/strong><\/em><\/sup><\/figcaption><\/figure><\/div>\n\n\n<p>O fortalecimento desses servi\u00e7os de Ater tem levantado o desafio de consolidar a agricultura 5.0, ou seja, o desenvolvimento de processos que envolvem a utiliza\u00e7\u00e3o de ferramentas de intelig\u00eancia artificial e an\u00e1lise de dados di\u00e1rios. S\u00e3o programas como: o Consultec-Leite, que incentiva o aumento da produ\u00e7\u00e3o leiteira sem aumentar a \u00e1rea utilizada para a produ\u00e7\u00e3o e o n\u00famero de animais do rebanho; o Degusta Caf\u00e9 80+ Robustas Amaz\u00f4nico, que incentiva a produ\u00e7\u00e3o de caf\u00e9 com mais qualidade t\u00e9cnica e cultivos de gr\u00e3os de qualidade superior; e o Peixe Saud\u00e1vel, que leva um laborat\u00f3rio at\u00e9 as propriedades piscicultoras, incentivando a melhoria da produtividade pisc\u00edcola.<\/p>\n\n\n\n<p>Al\u00e9m desses programas, a Emater-RO levou a campo o Plante Mais, que distribui mudas de caf\u00e9 e cacau clonal, melhorando a qualidade dos frutos produzidos, permitindo que os produtores rondonienses conquistassem diversos t\u00edtulos nos maiores concursos do pa\u00eds, sendo os mais recentes, Coffe of The Year 2024 e o Florada Premiada, que consagraram produtores rondonienses assistido pela entidade aut\u00e1rquica.<\/p>\n\n\n<div class=\"wp-block-image\">\n<figure class=\"alignright size-large is-resized\"><img decoding=\"async\" loading=\"lazy\" src=\"http:\/\/www.emater.ro.gov.br\/ematerro\/wp-content\/uploads\/2024\/11\/20241126-concurso-florada-do-cafe-2024--876x1024.jpg\" alt=\"\" class=\"wp-image-16286\" width=\"353\" height=\"412\" srcset=\"http:\/\/www.emater.ro.gov.br\/ematerro\/wp-content\/uploads\/2024\/11\/20241126-concurso-florada-do-cafe-2024--876x1024.jpg 876w, http:\/\/www.emater.ro.gov.br\/ematerro\/wp-content\/uploads\/2024\/11\/20241126-concurso-florada-do-cafe-2024--257x300.jpg 257w, http:\/\/www.emater.ro.gov.br\/ematerro\/wp-content\/uploads\/2024\/11\/20241126-concurso-florada-do-cafe-2024--768x897.jpg 768w, http:\/\/www.emater.ro.gov.br\/ematerro\/wp-content\/uploads\/2024\/11\/20241126-concurso-florada-do-cafe-2024-.jpg 1200w\" sizes=\"(max-width: 353px) 100vw, 353px\" \/><figcaption class=\"wp-element-caption\"><strong><em><sup>Produtores rondonienses conquistam t\u00edtulos nos maiores concursos do pa\u00eds<\/sup><\/em><\/strong>.<\/figcaption><\/figure><\/div>\n\n\n<p>Fomentado pelo governo do Estado a Emater-RO tamb\u00e9m executa a distribui\u00e7\u00e3o de calc\u00e1rio ensacado para corre\u00e7\u00e3o do solo e implementos agr\u00edcolas para associa\u00e7\u00f5es de produtores rurais e secretarias municipais de agricultores, visando a moderniza\u00e7\u00e3o do setor agropecu\u00e1rio de Rond\u00f4nia. Esses e outros programas que envolvem o desenvolvimento rural, social e ambiental fortalecem a diversidade econ\u00f4mica de Rond\u00f4nia, consolidando a proposta de integrar, tecnificar e modernizar o setor agropecu\u00e1rio do estado, promovendo desenvolvimento humano social e sustent\u00e1vel.<\/p>\n\n\n\n<p>Para o governador Marcos Rocha, o papel da Emater-RO tem sido imprescind\u00edvel na evolu\u00e7\u00e3o da produ\u00e7\u00e3o de alimentos no estado e isso tem representado um grande avan\u00e7o tanto para a economia do estado como para a melhoria da renda familiar, al\u00e9m de projetar Rond\u00f4nia para o mercado nacional e internacional. \u201cSe estamos despontando para o cen\u00e1rio internacional, \u00e9 porque estamos indo pelo caminho certo, e essa proje\u00e7\u00e3o tem sido um grande incentivo para os agricultores familiares e tamb\u00e9m para n\u00f3s, que acreditamos na for\u00e7a do nosso estado\u201d, disse o governador.<\/p>\n\n\n\n<p>Assim, a Emater-RO fecha o ano de 2024 na certeza de estar cumprindo o seu papel de prestar servi\u00e7os de Ater com excel\u00eancia, de forma educativa e participativa, levando para o pr\u00f3ximo ano, esse mesmo entusiasmo para que os servi\u00e7os de assist\u00eancia t\u00e9cnica e extens\u00e3o rural possam levar mais tecnologia para o campo, consolidando o desenvolvimento sustent\u00e1vel da agricultura e continuar brilhando no cen\u00e1rio nacional e internacional.<\/p>\n\n\n\n<p class=\"has-text-align-right has-text-color\" style=\"color:#185327\"><strong><em><sup>Texto: Wania Ressutti<br>Jornalista \u2013 MTE-1744\/RO<br>Fotos: Irene Mendes, Rayne Andrade, <strong><em>Emerson Vieira<\/em><\/strong><br>EMATER-RO<\/sup><\/em><\/strong><\/p>\n","protected":false},"excerpt":{"rendered":"<p>A Entidade Aut\u00e1rquica de Assist\u00eancia T\u00e9cnica e Extens\u00e3o Rural (Emater-RO) fortalece o setor agropecu\u00e1rio levando as pol\u00edticas p\u00fablicas de governo \u00e0 agricultura familiar, contribuindo para a inser\u00e7\u00e3o de Rond\u00f4nia no cen\u00e1rio internacional de produ\u00e7\u00e3o de alimentos.<\/p>\n","protected":false},"author":9,"featured_media":16133,"comment_status":"closed","ping_status":"closed","sticky":false,"template":"","format":"standard","meta":[],"categories":[10,9,12],"tags":[],"_links":{"self":[{"href":"http:\/\/www.emater.ro.gov.br\/ematerro\/wp-json\/wp\/v2\/posts\/16275"}],"collection":[{"href":"http:\/\/www.emater.ro.gov.br\/ematerro\/wp-json\/wp\/v2\/posts"}],"about":[{"href":"http:\/\/www.emater.ro.gov.br\/ematerro\/wp-json\/wp\/v2\/types\/post"}],"author":[{"embeddable":true,"href":"http:\/\/www.emater.ro.gov.br\/ematerro\/wp-json\/wp\/v2\/users\/9"}],"replies":[{"embeddable":true,"href":"http:\/\/www.emater.ro.gov.br\/ematerro\/wp-json\/wp\/v2\/comments?post=16275"}],"version-history":[{"count":8,"href":"http:\/\/www.emater.ro.gov.br\/ematerro\/wp-json\/wp\/v2\/posts\/16275\/revisions"}],"predecessor-version":[{"id":16487,"href":"http:\/\/www.emater.ro.gov.br\/ematerro\/wp-json\/wp\/v2\/posts\/16275\/revisions\/16487"}],"wp:featuredmedia":[{"embeddable":true,"href":"http:\/\/www.emater.ro.gov.br\/ematerro\/wp-json\/wp\/v2\/media\/16133"}],"wp:attachment":[{"href":"http:\/\/www.emater.ro.gov.br\/ematerro\/wp-json\/wp\/v2\/media?parent=16275"}],"wp:term":[{"taxonomy":"category","embeddable":true,"href":"http:\/\/www.emater.ro.gov.br\/ematerro\/wp-json\/wp\/v2\/categories?post=16275"},{"taxonomy":"post_tag","embeddable":true,"href":"http:\/\/www.emater.ro.gov.br\/ematerro\/wp-json\/wp\/v2\/tags?post=16275"}],"curies":[{"name":"wp","href":"https:\/\/api.w.org\/{rel}","templated":true}]}}