{"id":16258,"date":"2024-11-14T08:18:40","date_gmt":"2024-11-14T12:18:40","guid":{"rendered":"http:\/\/www.emater.ro.gov.br\/ematerro\/?p=16258"},"modified":"2024-11-14T08:18:46","modified_gmt":"2024-11-14T12:18:46","slug":"emater-ro-em-vilhena-faz-excursao-e-orienta-alunos-sobre-producao-de-alimentos","status":"publish","type":"post","link":"http:\/\/www.emater.ro.gov.br\/ematerro\/2024\/11\/14\/emater-ro-em-vilhena-faz-excursao-e-orienta-alunos-sobre-producao-de-alimentos\/","title":{"rendered":"Emater-RO em Vilhena faz excurs\u00e3o e orienta alunos sobre produ\u00e7\u00e3o de alimentos"},"content":{"rendered":"\n<p>O escrit\u00f3rio local da Entidade Aut\u00e1rquica de Assist\u00eancia T\u00e9cnica e Extens\u00e3o Rural de Rond\u00f4nia (Emater-RO) em Vilhena realizou excurs\u00e3o com alunos do ensino m\u00e9dio a uma unidade produtiva de hortali\u00e7as na propriedade da agricultora familiar Emilene Guarnadini, para oportunizar aos alunos conhecimentos sobre o funcionamento da produ\u00e7\u00e3o rural, sobretudo informa-los sobre o sistema de produ\u00e7\u00e3o de hortali\u00e7as atrav\u00e9s de m\u00e9todos hidrop\u00f4nicos.<\/p>\n\n\n\n<p>A extensionista Joise Nunes Machado, e o engenheiro agr\u00f4nomo Maciel Lemos, orientaram os estudantes sobre a produ\u00e7\u00e3o de alimentos frescos e saud\u00e1veis, e as politicas publicas de garantia da sustentabilidade da produ\u00e7\u00e3o e seguran\u00e7a alimentar da popula\u00e7\u00e3o, com foco nos Programas de Aquisi\u00e7\u00e3o de Alimentos (PAA) e Programa Nacional de Alimenta\u00e7\u00e3o Escolar (Pnae), ambos administrados pelo Governo do Estado e executados pela Emater-RO.<\/p>\n\n\n\n<p class=\"has-text-align-right\"><sup><strong><em>Texto: Enoque de Oliveira<br>Fotos: Joise Nunes<br>Emater-RO<\/em><\/strong><\/sup><\/p>\n\n\n\n<figure class=\"wp-block-gallery has-nested-images columns-default is-cropped wp-block-gallery-1 is-layout-flex\">\n<figure class=\"wp-block-image size-large\"><img decoding=\"async\" loading=\"lazy\" width=\"1000\" height=\"675\" data-id=\"16259\"  src=\"http:\/\/www.emater.ro.gov.br\/ematerro\/wp-content\/uploads\/2024\/11\/20241114-excursao-horta-vilhena-2024-1.jpg\" alt=\"\" class=\"wp-image-16259\" srcset=\"http:\/\/www.emater.ro.gov.br\/ematerro\/wp-content\/uploads\/2024\/11\/20241114-excursao-horta-vilhena-2024-1.jpg 1000w, http:\/\/www.emater.ro.gov.br\/ematerro\/wp-content\/uploads\/2024\/11\/20241114-excursao-horta-vilhena-2024-1-300x203.jpg 300w, http:\/\/www.emater.ro.gov.br\/ematerro\/wp-content\/uploads\/2024\/11\/20241114-excursao-horta-vilhena-2024-1-768x518.jpg 768w\" sizes=\"(max-width: 1000px) 100vw, 1000px\" \/><\/figure>\n\n\n\n<figure class=\"wp-block-image size-large\"><img decoding=\"async\" loading=\"lazy\" width=\"1024\" height=\"691\" data-id=\"16260\"  src=\"http:\/\/www.emater.ro.gov.br\/ematerro\/wp-content\/uploads\/2024\/11\/20241114-excursao-horta-vilhena-2024-2-1024x691.jpg\" alt=\"\" class=\"wp-image-16260\" srcset=\"http:\/\/www.emater.ro.gov.br\/ematerro\/wp-content\/uploads\/2024\/11\/20241114-excursao-horta-vilhena-2024-2-1024x691.jpg 1024w, http:\/\/www.emater.ro.gov.br\/ematerro\/wp-content\/uploads\/2024\/11\/20241114-excursao-horta-vilhena-2024-2-300x202.jpg 300w, http:\/\/www.emater.ro.gov.br\/ematerro\/wp-content\/uploads\/2024\/11\/20241114-excursao-horta-vilhena-2024-2-768x518.jpg 768w, http:\/\/www.emater.ro.gov.br\/ematerro\/wp-content\/uploads\/2024\/11\/20241114-excursao-horta-vilhena-2024-2.jpg 1337w\" sizes=\"(max-width: 1024px) 100vw, 1024px\" \/><\/figure>\n\n\n\n<figure class=\"wp-block-image size-large\"><img decoding=\"async\" loading=\"lazy\" width=\"1000\" height=\"675\" data-id=\"16261\"  src=\"http:\/\/www.emater.ro.gov.br\/ematerro\/wp-content\/uploads\/2024\/11\/20241114-excursao-horta-vilhena-2024-3.jpg\" alt=\"\" class=\"wp-image-16261\" srcset=\"http:\/\/www.emater.ro.gov.br\/ematerro\/wp-content\/uploads\/2024\/11\/20241114-excursao-horta-vilhena-2024-3.jpg 1000w, http:\/\/www.emater.ro.gov.br\/ematerro\/wp-content\/uploads\/2024\/11\/20241114-excursao-horta-vilhena-2024-3-300x203.jpg 300w, http:\/\/www.emater.ro.gov.br\/ematerro\/wp-content\/uploads\/2024\/11\/20241114-excursao-horta-vilhena-2024-3-768x518.jpg 768w\" sizes=\"(max-width: 1000px) 100vw, 1000px\" \/><\/figure>\n\n\n\n<figure class=\"wp-block-image size-large\"><img decoding=\"async\" loading=\"lazy\" width=\"1000\" height=\"675\" data-id=\"16262\"  src=\"http:\/\/www.emater.ro.gov.br\/ematerro\/wp-content\/uploads\/2024\/11\/20241114-excursao-horta-vilhena-2024-4.jpg\" alt=\"\" class=\"wp-image-16262\" srcset=\"http:\/\/www.emater.ro.gov.br\/ematerro\/wp-content\/uploads\/2024\/11\/20241114-excursao-horta-vilhena-2024-4.jpg 1000w, http:\/\/www.emater.ro.gov.br\/ematerro\/wp-content\/uploads\/2024\/11\/20241114-excursao-horta-vilhena-2024-4-300x203.jpg 300w, http:\/\/www.emater.ro.gov.br\/ematerro\/wp-content\/uploads\/2024\/11\/20241114-excursao-horta-vilhena-2024-4-768x518.jpg 768w\" sizes=\"(max-width: 1000px) 100vw, 1000px\" \/><\/figure>\n\n\n\n<figure class=\"wp-block-image size-large\"><img decoding=\"async\" loading=\"lazy\" width=\"1024\" height=\"691\" data-id=\"16263\"  src=\"http:\/\/www.emater.ro.gov.br\/ematerro\/wp-content\/uploads\/2024\/11\/20241114-excursao-horta-vilhena-2024-5-1024x691.jpg\" alt=\"\" class=\"wp-image-16263\" srcset=\"http:\/\/www.emater.ro.gov.br\/ematerro\/wp-content\/uploads\/2024\/11\/20241114-excursao-horta-vilhena-2024-5-1024x691.jpg 1024w, http:\/\/www.emater.ro.gov.br\/ematerro\/wp-content\/uploads\/2024\/11\/20241114-excursao-horta-vilhena-2024-5-300x203.jpg 300w, http:\/\/www.emater.ro.gov.br\/ematerro\/wp-content\/uploads\/2024\/11\/20241114-excursao-horta-vilhena-2024-5-768x518.jpg 768w, http:\/\/www.emater.ro.gov.br\/ematerro\/wp-content\/uploads\/2024\/11\/20241114-excursao-horta-vilhena-2024-5.jpg 1348w\" sizes=\"(max-width: 1024px) 100vw, 1024px\" \/><\/figure>\n\n\n\n<figure class=\"wp-block-image size-large\"><img decoding=\"async\" loading=\"lazy\" width=\"1000\" height=\"675\" data-id=\"16264\"  src=\"http:\/\/www.emater.ro.gov.br\/ematerro\/wp-content\/uploads\/2024\/11\/20241114-excursao-horta-vilhena-2024-6.jpg\" alt=\"\" class=\"wp-image-16264\" srcset=\"http:\/\/www.emater.ro.gov.br\/ematerro\/wp-content\/uploads\/2024\/11\/20241114-excursao-horta-vilhena-2024-6.jpg 1000w, http:\/\/www.emater.ro.gov.br\/ematerro\/wp-content\/uploads\/2024\/11\/20241114-excursao-horta-vilhena-2024-6-300x203.jpg 300w, http:\/\/www.emater.ro.gov.br\/ematerro\/wp-content\/uploads\/2024\/11\/20241114-excursao-horta-vilhena-2024-6-768x518.jpg 768w\" sizes=\"(max-width: 1000px) 100vw, 1000px\" \/><\/figure>\n<\/figure>\n","protected":false},"excerpt":{"rendered":"<p>O escrit\u00f3rio local da Entidade Aut\u00e1rquica de Assist\u00eancia T\u00e9cnica e Extens\u00e3o Rural de Rond\u00f4nia (Emater-RO) em Vilhena realizou excurs\u00e3o com alunos do ensino m\u00e9dio a uma unidade produtiva de hortali\u00e7as [&hellip;]<\/p>\n","protected":false},"author":8,"featured_media":16261,"comment_status":"closed","ping_status":"closed","sticky":false,"template":"","format":"standard","meta":[],"categories":[10,11],"tags":[],"_links":{"self":[{"href":"http:\/\/www.emater.ro.gov.br\/ematerro\/wp-json\/wp\/v2\/posts\/16258"}],"collection":[{"href":"http:\/\/www.emater.ro.gov.br\/ematerro\/wp-json\/wp\/v2\/posts"}],"about":[{"href":"http:\/\/www.emater.ro.gov.br\/ematerro\/wp-json\/wp\/v2\/types\/post"}],"author":[{"embeddable":true,"href":"http:\/\/www.emater.ro.gov.br\/ematerro\/wp-json\/wp\/v2\/users\/8"}],"replies":[{"embeddable":true,"href":"http:\/\/www.emater.ro.gov.br\/ematerro\/wp-json\/wp\/v2\/comments?post=16258"}],"version-history":[{"count":1,"href":"http:\/\/www.emater.ro.gov.br\/ematerro\/wp-json\/wp\/v2\/posts\/16258\/revisions"}],"predecessor-version":[{"id":16265,"href":"http:\/\/www.emater.ro.gov.br\/ematerro\/wp-json\/wp\/v2\/posts\/16258\/revisions\/16265"}],"wp:featuredmedia":[{"embeddable":true,"href":"http:\/\/www.emater.ro.gov.br\/ematerro\/wp-json\/wp\/v2\/media\/16261"}],"wp:attachment":[{"href":"http:\/\/www.emater.ro.gov.br\/ematerro\/wp-json\/wp\/v2\/media?parent=16258"}],"wp:term":[{"taxonomy":"category","embeddable":true,"href":"http:\/\/www.emater.ro.gov.br\/ematerro\/wp-json\/wp\/v2\/categories?post=16258"},{"taxonomy":"post_tag","embeddable":true,"href":"http:\/\/www.emater.ro.gov.br\/ematerro\/wp-json\/wp\/v2\/tags?post=16258"}],"curies":[{"name":"wp","href":"https:\/\/api.w.org\/{rel}","templated":true}]}}