{"id":16242,"date":"2024-11-06T07:40:45","date_gmt":"2024-11-06T11:40:45","guid":{"rendered":"http:\/\/www.emater.ro.gov.br\/ematerro\/?p=16242"},"modified":"2024-11-06T08:08:38","modified_gmt":"2024-11-06T12:08:38","slug":"ater-indigena-governo-de-rondonia-fomenta-producao-de-cafe-nas-comunidades-indigenas","status":"publish","type":"post","link":"http:\/\/www.emater.ro.gov.br\/ematerro\/2024\/11\/06\/ater-indigena-governo-de-rondonia-fomenta-producao-de-cafe-nas-comunidades-indigenas\/","title":{"rendered":"ATER Ind\u00edgena: Governo de Rond\u00f4nia fomenta produ\u00e7\u00e3o de caf\u00e9 nas comunidades ind\u00edgenas"},"content":{"rendered":"<div class=\"wp-block-image\">\n<figure class=\"aligncenter size-full\"><img decoding=\"async\" loading=\"lazy\" width=\"1024\" height=\"691\" src=\"http:\/\/www.emater.ro.gov.br\/ematerro\/wp-content\/uploads\/2024\/11\/20241105-05mai2021-12-aldeia-surui-cacoal_wesley-gama_001.jpg\" alt=\"\" class=\"wp-image-16246\" srcset=\"http:\/\/www.emater.ro.gov.br\/ematerro\/wp-content\/uploads\/2024\/11\/20241105-05mai2021-12-aldeia-surui-cacoal_wesley-gama_001.jpg 1024w, http:\/\/www.emater.ro.gov.br\/ematerro\/wp-content\/uploads\/2024\/11\/20241105-05mai2021-12-aldeia-surui-cacoal_wesley-gama_001-300x202.jpg 300w, http:\/\/www.emater.ro.gov.br\/ematerro\/wp-content\/uploads\/2024\/11\/20241105-05mai2021-12-aldeia-surui-cacoal_wesley-gama_001-768x518.jpg 768w\" sizes=\"(max-width: 1024px) 100vw, 1024px\" \/><figcaption class=\"wp-element-caption\"><em><strong><sup>A Emater-RO trabalha com as comunidades ind\u00edgenas de forma cont\u00ednua, visando aumentar a produ\u00e7\u00e3o de caf\u00e9s de qualidade com sustentabilidade<\/sup><\/strong><\/em><\/figcaption><\/figure><\/div>\n\n\n<p>O projeto de Assist\u00eancia T\u00e9cnica e Extens\u00e3o Rural (Ater) Ind\u00edgena traz uma nova perspectiva de inclus\u00e3o social e produtiva para os povos de comunidades tradicionais, em especial os povos ind\u00edgenas produtores de caf\u00e9. Fomentado pelo governo estadual e executado pela Entidade Aut\u00e1rquica de Assist\u00eancia T\u00e9cnica e Extens\u00e3o Rural (Emater-RO), os servi\u00e7os de ater ind\u00edgena buscam oferecer uma pol\u00edtica diferenciada, espec\u00edfica para as demandas da comunidade, que levam em considera\u00e7\u00f5es seus conhecimentos, tradi\u00e7\u00f5es e pr\u00e1ticas culturais. A\u00e7\u00f5es como essas t\u00eam dado visibilidade ao caf\u00e9 produzido na floresta com destaques entre os melhores caf\u00e9s produzidos no estado de Rond\u00f4nia.<\/p>\n\n\n\n<p>A Emater-RO sempre trabalhou dando assist\u00eancia por demanda \u00e0s comunidade ind\u00edgenas, mas os servi\u00e7os de Ater voltado especificamente para os povos da floresta foram intensificados no in\u00edcio deste ano (2024). O diretor-presidente da Emater-RO, Luciano Brand\u00e3o, explica que o projeto visa atender as demandas espec\u00edficas das etnias e de cada aldeia, buscando compreender o perfil de cada comunidade e assim, contribuir para as suas necessidades produtivas. \u201cHoje j\u00e1 estamos trabalhando em tr\u00eas regi\u00f5es que envolvem os povos ind\u00edgenas Gavi\u00e3o e Arara, em Ji-Paran\u00e1; Aru\u00e1, na aldeia Rio Branco em Alta floresta do Oeste, e Paiter Suru\u00ed, de Cacoal\u201d, detalha Brand\u00e3o.<\/p>\n\n\n<div class=\"wp-block-image\">\n<figure class=\"alignleft size-large is-resized\"><img decoding=\"async\" loading=\"lazy\" src=\"http:\/\/www.emater.ro.gov.br\/ematerro\/wp-content\/uploads\/2024\/11\/20241105-05mai2023-10-cafe-surui_cacoal_robson-paiva-1024x691.jpg\" alt=\"\" class=\"wp-image-16247\" width=\"456\" height=\"307\" srcset=\"http:\/\/www.emater.ro.gov.br\/ematerro\/wp-content\/uploads\/2024\/11\/20241105-05mai2023-10-cafe-surui_cacoal_robson-paiva-1024x691.jpg 1024w, http:\/\/www.emater.ro.gov.br\/ematerro\/wp-content\/uploads\/2024\/11\/20241105-05mai2023-10-cafe-surui_cacoal_robson-paiva-300x203.jpg 300w, http:\/\/www.emater.ro.gov.br\/ematerro\/wp-content\/uploads\/2024\/11\/20241105-05mai2023-10-cafe-surui_cacoal_robson-paiva-768x518.jpg 768w, http:\/\/www.emater.ro.gov.br\/ematerro\/wp-content\/uploads\/2024\/11\/20241105-05mai2023-10-cafe-surui_cacoal_robson-paiva.jpg 1185w\" sizes=\"(max-width: 456px) 100vw, 456px\" \/><figcaption class=\"wp-element-caption\"><strong><em><sup>As comunidades ind\u00edgenas j\u00e1 receberam cerca de 200 mil mudas de caf\u00e9 melhorada do programa Plante Mais<\/sup><\/em><\/strong><\/figcaption><\/figure><\/div>\n\n\n<p>O engenheiro agr\u00f4nomo da Emater-RO, Francis Rafael Cidade, conta que v\u00e1rios projetos que est\u00e3o sendo desenvolvidos nas aldeias tem forte incentivo do governo estadual e conta com parceiros importantes para o desenvolvimento da cafeicultura ind\u00edgena, especialmente na regi\u00e3o de Cacoal, onde h\u00e1 muitos casos de sucesso. \u201cOs suru\u00eds sempre produziram caf\u00e9, mas nos \u00faltimos cinco anos eles se transformara, se dedicaram a produzir um caf\u00e9 de qualidade e tem se destacado em diversos concursos como o Concaf\u00e9 e o Tribus\u201d. Explica Cidade, referindo-se ao concurso realizado pelo governo estadual, onde j\u00e1 foram vencedores, e a linha direta de comercializa\u00e7\u00e3o com uma empresa privada, onde s\u00e3o comercializados os caf\u00e9s tanto da etnia Paiter Suru\u00ed como da Aru\u00e1.<\/p>\n\n\n\n<p><strong>INCENTIVO DO GOVERNO<\/strong><br>O governo de Rond\u00f4nia tem investido no fomento da cafeicultura rondoniense, inclusive com a\u00e7\u00f5es votadas para as comunidades ind\u00edgenas e a abordagem personalizada reconhece as caracter\u00edsticas \u00fanicas de cada etnia e cada munic\u00edpio atendido. Essa iniciativa representa o empenho do Governo do Estado em proporcionar assist\u00eancia t\u00e9cnica especializada, com a\u00e7\u00f5es que v\u00e3o desde ao manejo sustent\u00e1vel, aplica\u00e7\u00e3o correta dos insumos e uso racional dos recursos naturais que j\u00e1 \u00e9 peculiar dos povos ind\u00edgenas.<\/p>\n\n\n\n<p>As pol\u00edticas p\u00fablicas de desenvolvimento do setor agropecu\u00e1rio tamb\u00e9m chegam \u00e0s comunidades ind\u00edgenas que j\u00e1 receberam, desde 2022, cerca de 200 mil mudas de caf\u00e9 melhorada, do programa Plante Mais. Para o governador Marcos Rocha, \u00e9 importante que o governo fomente a produ\u00e7\u00e3o nessas comunidade, pois os povos ind\u00edgenas possuem culturas e tradi\u00e7\u00f5es espec\u00edficas. \u201cEsse incentivo e o apoio \u00e0 produ\u00e7\u00e3o sustent\u00e1vel vem transformado a realidade dos povos ind\u00edgenas de Rond\u00f4nia e o resultado que queremos \u00e9 o fortalecimento da produ\u00e7\u00e3o e desenvolvimento ambiental dentro das comunidades ind\u00edgenas no Estado\u201d, enfatiza o governador.<\/p>\n\n\n<div class=\"wp-block-image\">\n<figure class=\"alignright size-full is-resized\"><img decoding=\"async\" loading=\"lazy\" src=\"http:\/\/www.emater.ro.gov.br\/ematerro\/wp-content\/uploads\/2024\/11\/20241105-indigenas-em-lavoura-de-cafe-cacoal-robson-paiva.jpg\" alt=\"\" class=\"wp-image-16248\" width=\"470\" height=\"316\" srcset=\"http:\/\/www.emater.ro.gov.br\/ematerro\/wp-content\/uploads\/2024\/11\/20241105-indigenas-em-lavoura-de-cafe-cacoal-robson-paiva.jpg 926w, http:\/\/www.emater.ro.gov.br\/ematerro\/wp-content\/uploads\/2024\/11\/20241105-indigenas-em-lavoura-de-cafe-cacoal-robson-paiva-300x202.jpg 300w, http:\/\/www.emater.ro.gov.br\/ematerro\/wp-content\/uploads\/2024\/11\/20241105-indigenas-em-lavoura-de-cafe-cacoal-robson-paiva-768x518.jpg 768w\" sizes=\"(max-width: 470px) 100vw, 470px\" \/><figcaption class=\"wp-element-caption\"><em><strong><sup>As pol\u00edticas p\u00fablicas de desenvolvimento do setor agropecu\u00e1rio tamb\u00e9m chegam \u00e0s comunidades ind\u00edgenas<\/sup><\/strong><\/em><\/figcaption><\/figure><\/div>\n\n\n<p><strong>CR\u00c9DITO SUSTENT\u00c1VEL<\/strong><br>A Emater-RO vem trabalhado com as comunidades ind\u00edgenas de forma a consolidar e aumentar a produ\u00e7\u00e3o de caf\u00e9s de qualidade, mas ressalta que a cafeicultura ind\u00edgena \u00e9 produzida de forma diferente da tradicional. O engenheiro agr\u00f4nomo da Emater-RO explica que a produ\u00e7\u00e3o do caf\u00e9 ocorre dentro da floresta de forma sustent\u00e1vel e qua \u00e9 preciso adequara as t\u00e9cnicas aos seus costumes. \u201cPor exemplo, se a lavoura precisa de \u00e1gua, n\u00f3s procuramos indicar uma tecnologia mais racional, como gotejamento ou aspers\u00e3o, que utiliza menos \u00e1gua, mas \u00e9 eficiente. Ent\u00e3o, a gente est\u00e1 sempre buscando orientar de forma cont\u00ednua, a fim de sempre obter bons resultados\u201d.<\/p>\n\n\n\n<p>Cidade salienta ainda, que j\u00e1 est\u00e1 sendo executado pela Emater-RO a elabora\u00e7\u00e3o de projetos de cr\u00e9ditos sustent\u00e1veis. Trata-se de uma linha de cr\u00e9dito dispon\u00edvel para ind\u00edgenas, o Pronaf A, cujo processo \u00e9 o mesmo para o produtor enquadrado na agricultura familiar, que desejam ampliar ou modernizar seu neg\u00f3cio. \u201cA Funai (Funda\u00e7\u00e3o Nacional do \u00cdndio) firmou um termo de compromisso com a Emater-RO nos autorizando a elaborar esses projetos para os povos ind\u00edgenas\u201d, explicou Cidade, salientando que com essa linha de cr\u00e9dito e as pol\u00edticas de desenvolvimento do governo, a cafeicultura dos povos ind\u00edgenas das tr\u00eas regi\u00f5es onde a Emater-RO est\u00e1 atuando, poder\u00e1 ser fortalecida e atrair nos produtores da comunidade.<\/p>\n\n\n\n<p class=\"has-text-align-right\"><em><strong><sup>Texto: Wania Ressutti<br>Jornalista \u2013 MTE-1744\/RO<br>Fotos: Robson Paiva e Wesley Gama<br>EMATER-RO<\/sup><\/strong><\/em><\/p>\n","protected":false},"excerpt":{"rendered":"<p>O projeto de Assist\u00eancia T\u00e9cnica e Extens\u00e3o Rural (Ater) Ind\u00edgena traz uma nova perspectiva de inclus\u00e3o social e produtiva para os povos de comunidades tradicionais, em especial os povos ind\u00edgenas [&hellip;]<\/p>\n","protected":false},"author":9,"featured_media":16252,"comment_status":"closed","ping_status":"closed","sticky":false,"template":"","format":"standard","meta":[],"categories":[10,9,12],"tags":[],"_links":{"self":[{"href":"http:\/\/www.emater.ro.gov.br\/ematerro\/wp-json\/wp\/v2\/posts\/16242"}],"collection":[{"href":"http:\/\/www.emater.ro.gov.br\/ematerro\/wp-json\/wp\/v2\/posts"}],"about":[{"href":"http:\/\/www.emater.ro.gov.br\/ematerro\/wp-json\/wp\/v2\/types\/post"}],"author":[{"embeddable":true,"href":"http:\/\/www.emater.ro.gov.br\/ematerro\/wp-json\/wp\/v2\/users\/9"}],"replies":[{"embeddable":true,"href":"http:\/\/www.emater.ro.gov.br\/ematerro\/wp-json\/wp\/v2\/comments?post=16242"}],"version-history":[{"count":3,"href":"http:\/\/www.emater.ro.gov.br\/ematerro\/wp-json\/wp\/v2\/posts\/16242\/revisions"}],"predecessor-version":[{"id":16249,"href":"http:\/\/www.emater.ro.gov.br\/ematerro\/wp-json\/wp\/v2\/posts\/16242\/revisions\/16249"}],"wp:featuredmedia":[{"embeddable":true,"href":"http:\/\/www.emater.ro.gov.br\/ematerro\/wp-json\/wp\/v2\/media\/16252"}],"wp:attachment":[{"href":"http:\/\/www.emater.ro.gov.br\/ematerro\/wp-json\/wp\/v2\/media?parent=16242"}],"wp:term":[{"taxonomy":"category","embeddable":true,"href":"http:\/\/www.emater.ro.gov.br\/ematerro\/wp-json\/wp\/v2\/categories?post=16242"},{"taxonomy":"post_tag","embeddable":true,"href":"http:\/\/www.emater.ro.gov.br\/ematerro\/wp-json\/wp\/v2\/tags?post=16242"}],"curies":[{"name":"wp","href":"https:\/\/api.w.org\/{rel}","templated":true}]}}