{"id":16190,"date":"2024-10-31T07:46:28","date_gmt":"2024-10-31T11:46:28","guid":{"rendered":"http:\/\/www.emater.ro.gov.br\/ematerro\/?p=16190"},"modified":"2024-11-04T10:28:49","modified_gmt":"2024-11-04T14:28:49","slug":"produtor-conquista-o-podio-do-9o-concafe-com-assistencia-tecnica-da-emater-ro","status":"publish","type":"post","link":"http:\/\/www.emater.ro.gov.br\/ematerro\/2024\/10\/31\/produtor-conquista-o-podio-do-9o-concafe-com-assistencia-tecnica-da-emater-ro\/","title":{"rendered":"Assist\u00eancia t\u00e9cnica oferecida pelo governo de RO e realizada pela Emater-RO, eleva qualidade do caf\u00e9 dos produtores de Rolim de Moura"},"content":{"rendered":"<div class=\"wp-block-image\">\n<figure class=\"aligncenter size-large\"><img decoding=\"async\" loading=\"lazy\" width=\"1024\" height=\"691\" src=\"http:\/\/www.emater.ro.gov.br\/ematerro\/wp-content\/uploads\/2024\/10\/20241030-10out2024_26-9-concafe_campeao-altivo-berdes_marcelo-lopes-2-1024x691.jpg\" alt=\"\" class=\"wp-image-16199\" srcset=\"http:\/\/www.emater.ro.gov.br\/ematerro\/wp-content\/uploads\/2024\/10\/20241030-10out2024_26-9-concafe_campeao-altivo-berdes_marcelo-lopes-2-1024x691.jpg 1024w, http:\/\/www.emater.ro.gov.br\/ematerro\/wp-content\/uploads\/2024\/10\/20241030-10out2024_26-9-concafe_campeao-altivo-berdes_marcelo-lopes-2-300x203.jpg 300w, http:\/\/www.emater.ro.gov.br\/ematerro\/wp-content\/uploads\/2024\/10\/20241030-10out2024_26-9-concafe_campeao-altivo-berdes_marcelo-lopes-2-768x518.jpg 768w, http:\/\/www.emater.ro.gov.br\/ematerro\/wp-content\/uploads\/2024\/10\/20241030-10out2024_26-9-concafe_campeao-altivo-berdes_marcelo-lopes-2.jpg 1120w\" sizes=\"(max-width: 1024px) 100vw, 1024px\" \/><figcaption class=\"wp-element-caption\"><strong><em><sup>A qualidade do caf\u00e9 produzido em Rond\u00f4nia tem melhorado, com foco em caf\u00e9s especiais e em certifica\u00e7\u00f5es que atendem aos padr\u00f5es de mercados exigentes<\/sup><\/em><\/strong><\/figcaption><\/figure><\/div>\n\n\n<p>A assist\u00eancia t\u00e9cnica oferecida pelo governo estadual, por meio da Entidade Aut\u00e1rquica de Assist\u00eancia T\u00e9cnica e Extens\u00e3o Rural (Emater-RO), foi um fator essencial para que a fam\u00edlia Berdes pudesse produzir um caf\u00e9 de qualidade. O produtor, Altivo Eduardo Berdes alcan\u00e7ou o 1\u00b0 lugar no 9\u00ba Concurso de Qualidade e Sustentabilidade do Caf\u00e9 (Concaf\u00e9) e consagrou-se campe\u00e3o estadual, e levou o pr\u00eamio pela 3\u00aa coloca\u00e7\u00e3o na categoria sustentabilidade, durante a premia\u00e7\u00e3o realizada, dia 26 de outubro, no munic\u00edpio de Cacoal.<\/p>\n\n\n\n<p>A fam\u00edlia do produtor rural, que reside em Rolim de Moura, \u00e9 assistida pela Emater-RO desde 2021, quando recebeu as primeiras mudas de caf\u00e9 clonal do programa\u00a0<strong>Plante Mais<\/strong>, pol\u00edtica p\u00fablica governamental de incentivo \u00e0 melhoria gen\u00e9tica da lavoura cafeeira de Rond\u00f4nia. \u201cO produtor j\u00e1 tinha plantado tr\u00eas mil p\u00e9s de caf\u00e9, mas sentia que a lavoura n\u00e3o avan\u00e7ava. Em 2022 conseguimos mais 2.500 mudas de caf\u00e9, melhorado para eles, totalizando um estande de 5.500 plantas em uma \u00e1rea de 1,8 hectares\u201d, explicou o engenheiro agr\u00f4nomo da Emater-RO, Marcelo Lopes, que d\u00e1 assist\u00eancia \u00e0 fam\u00edlia. Berdes foi aprimorando a qualidade de sua produ\u00e7\u00e3o e conquistando cada vez mais espa\u00e7o entre os melhores produtores de caf\u00e9 de Rond\u00f4nia.<\/p>\n\n\n<div class=\"wp-block-image\">\n<figure class=\"alignright size-large is-resized\"><img decoding=\"async\" loading=\"lazy\" src=\"http:\/\/www.emater.ro.gov.br\/ematerro\/wp-content\/uploads\/2024\/10\/20241030-09set2024-03-altivo-berdes_alcafe_rolim-de-moura_fotos-marcelo-lopes-14-1024x691.jpg\" alt=\"\" class=\"wp-image-16200\" width=\"555\" height=\"373\" srcset=\"http:\/\/www.emater.ro.gov.br\/ematerro\/wp-content\/uploads\/2024\/10\/20241030-09set2024-03-altivo-berdes_alcafe_rolim-de-moura_fotos-marcelo-lopes-14-300x203.jpg 300w, http:\/\/www.emater.ro.gov.br\/ematerro\/wp-content\/uploads\/2024\/10\/20241030-09set2024-03-altivo-berdes_alcafe_rolim-de-moura_fotos-marcelo-lopes-14-768x518.jpg 768w\" sizes=\"(max-width: 555px) 100vw, 555px\" \/><figcaption class=\"wp-element-caption\"><strong><em><sup>A fam\u00edlia do produtor rural recebe assist\u00eancia t\u00e9cnica da Emater-RO desde 2021<\/sup><\/em><\/strong><\/figcaption><\/figure><\/div>\n\n\n<p><strong>DE VOLTA PARA O CAMPO<\/strong><br>Nem tudo foi f\u00e1cil para o produtor e sua fam\u00edlia. Criado em uma lavoura de caf\u00e9, em Minas Gerais, Altivo Berdes foi tentar a vida na cidade, por\u00e9m suas ra\u00edzes falaram mais alto. Ainda pequeno, seu pai veio tentar a vida em Rond\u00f4nia, onde continuou com a atividade. \u201cMeu pai tinha bastante caf\u00e9, mas na \u00e9poca era seminal, caf\u00e9 comum\u201d, diz Altivo. Aos 18 anos, com o falecimento de sua m\u00e3e, o pai vendeu o s\u00edtio e Altivo foi morar na cidade para trabalhar como empregado. Ali, casou-se, teve tr\u00eas filhas, mas o sonho de voltar ao campo ficou na sua cabe\u00e7a. \u201cBatia a saudade\u201d, diz o produtor lembrando que a vida na cidade era mais dura e complicada.<\/p>\n\n\n\n<p>O sonho de adquirir uma propriedade rural n\u00e3o tardou a se realizar e, em 2019, j\u00e1 casado com a dona Sueli e com tr\u00eas filhas que hoje est\u00e3o com 22, 20 e 16 anos, conseguiu comprar uma pequena ch\u00e1cara de 24.200m2 (equivalente a um alqueire) na Linha 204 \u2013 Sul, no munic\u00edpio de Rolim de Moura, onde resgatou as t\u00e9cnicas que aprendeu com o pai e deu in\u00edcio ao plantio de caf\u00e9. A esposa, Sueli Berdes explica que, nessa \u00e9poca, a fam\u00edlia n\u00e3o tinha nenhuma assist\u00eancia na lavoura. \u201cA gente come\u00e7ou com o que se tinha, o que a gente sabia de agricultura, o que aprendemos com nossos pais, mas a planta\u00e7\u00e3o de caf\u00e9 n\u00e3o avan\u00e7ava\u201d, conta Sueli.<\/p>\n\n\n\n<p>Em meados de 2021, a fam\u00edlia participou de um Dia de Campo, realizado pela Emater-RO, para apresentar os resultados que os cafeicultores vinham obtendo com as pol\u00edticas de desenvolvimento e incentivo para a melhoria da lavoura cafeeira no estado. \u201cL\u00e1, a gente conheceu o agr\u00f4nomo da Emater, que nos ajudou a mostrar o caminho que precisava-para continuar o trabalho, nosso sonho\u201d, enfatizou Altivo.<\/p>\n\n\n<div class=\"wp-block-image\">\n<figure class=\"alignleft size-large is-resized\"><img decoding=\"async\" loading=\"lazy\" src=\"http:\/\/www.emater.ro.gov.br\/ematerro\/wp-content\/uploads\/2024\/10\/20241030-09set2024-03-altivo-berdes_alcafe_rolim-de-moura_fotos-marcelo-lopes-1-1024x768.jpg\" alt=\"\" class=\"wp-image-16201\" width=\"553\" height=\"414\" srcset=\"http:\/\/www.emater.ro.gov.br\/ematerro\/wp-content\/uploads\/2024\/10\/20241030-09set2024-03-altivo-berdes_alcafe_rolim-de-moura_fotos-marcelo-lopes-1-1024x768.jpg 1024w, http:\/\/www.emater.ro.gov.br\/ematerro\/wp-content\/uploads\/2024\/10\/20241030-09set2024-03-altivo-berdes_alcafe_rolim-de-moura_fotos-marcelo-lopes-1-300x225.jpg 300w, http:\/\/www.emater.ro.gov.br\/ematerro\/wp-content\/uploads\/2024\/10\/20241030-09set2024-03-altivo-berdes_alcafe_rolim-de-moura_fotos-marcelo-lopes-1-768x576.jpg 768w, http:\/\/www.emater.ro.gov.br\/ematerro\/wp-content\/uploads\/2024\/10\/20241030-09set2024-03-altivo-berdes_alcafe_rolim-de-moura_fotos-marcelo-lopes-1-1536x1152.jpg 1536w, http:\/\/www.emater.ro.gov.br\/ematerro\/wp-content\/uploads\/2024\/10\/20241030-09set2024-03-altivo-berdes_alcafe_rolim-de-moura_fotos-marcelo-lopes-1-640x480.jpg 640w, http:\/\/www.emater.ro.gov.br\/ematerro\/wp-content\/uploads\/2024\/10\/20241030-09set2024-03-altivo-berdes_alcafe_rolim-de-moura_fotos-marcelo-lopes-1.jpg 2000w\" sizes=\"(max-width: 553px) 100vw, 553px\" \/><figcaption class=\"wp-element-caption\"><strong><em><sup>A fam\u00edlia come\u00e7ou a trabalhar com caf\u00e9 torrado e mo\u00eddo e atrav\u00e9s da assist\u00eancia t\u00e9cnica da Emater-RO<\/sup><\/em><\/strong> <\/figcaption><\/figure><\/div>\n\n\n<p><strong>INCENTIVO \u00c0 CAFEICULTURA<\/strong><br>O cultivo de caf\u00e9 em Rond\u00f4nia tem apresentado um crescimento significativo nos \u00faltimos anos, refletindo uma tend\u00eancia de expans\u00e3o dessa atividade agr\u00edcola no estado. Esse crescimento \u00e9 atribu\u00eddo \u00e0s pol\u00edticas p\u00fablicas que o governo de Rond\u00f4nia, por meio da Secretaria de Estado da Agricultura (Seagri) com execu\u00e7\u00e3o da Emater-RO, oferece aos produtores da agricultura familiar. \u201cS\u00e3o a\u00e7\u00f5es que v\u00eam contribuindo ao aumento da \u00e1rea cultivada, incentivando uma produ\u00e7\u00e3o com sustentabilidade\u201d, evidenciou o diretor presidente da Emater-RO, Luciano Brand\u00e3o.<\/p>\n\n\n\n<p>Nesse sentido, Brand\u00e3o relata que, a safra de 2022\/2023 alcan\u00e7ou cerca de 2,9 milh\u00f5es de sacas, um aumento significativamente alto, comparado aos anos anteriores. Esse crescimento foi impulsionado por avan\u00e7os em produtividade, que saltou de 687 Kg para 3.509 Kg por hectare, al\u00e9m de melhorias nas pr\u00e1ticas agr\u00edcolas, como o uso de mudas clonais de alta qualidade, distribu\u00eddas pelo governo estadual por meio do programa\u00a0Plante Mais. Ainda entre os anos de 2022 e 2023, a produ\u00e7\u00e3o de caf\u00e9 no estado cresceu 24,1%, consolidando Rond\u00f4nia como o 5\u00b0 maior produtor de caf\u00e9 do Brasil, com destaque para os caf\u00e9s robustas amaz\u00f4nicos, que v\u00eam ganhando cada vez mais espa\u00e7o no mercado comercial.<\/p>\n\n\n<div class=\"wp-block-image\">\n<figure class=\"alignright size-large is-resized\"><img decoding=\"async\" loading=\"lazy\" src=\"http:\/\/www.emater.ro.gov.br\/ematerro\/wp-content\/uploads\/2024\/10\/20241031-09set2024-03-altivo-berdes_alcafe_rolim-de-moura_fotos-marcelo-lopes-13-768x1024.jpg\" alt=\"\" class=\"wp-image-16204\" width=\"347\" height=\"463\" srcset=\"http:\/\/www.emater.ro.gov.br\/ematerro\/wp-content\/uploads\/2024\/10\/20241031-09set2024-03-altivo-berdes_alcafe_rolim-de-moura_fotos-marcelo-lopes-13-768x1024.jpg 768w, http:\/\/www.emater.ro.gov.br\/ematerro\/wp-content\/uploads\/2024\/10\/20241031-09set2024-03-altivo-berdes_alcafe_rolim-de-moura_fotos-marcelo-lopes-13-225x300.jpg 225w, http:\/\/www.emater.ro.gov.br\/ematerro\/wp-content\/uploads\/2024\/10\/20241031-09set2024-03-altivo-berdes_alcafe_rolim-de-moura_fotos-marcelo-lopes-13-1152x1536.jpg 1152w, http:\/\/www.emater.ro.gov.br\/ematerro\/wp-content\/uploads\/2024\/10\/20241031-09set2024-03-altivo-berdes_alcafe_rolim-de-moura_fotos-marcelo-lopes-13-1536x2048.jpg 1536w, http:\/\/www.emater.ro.gov.br\/ematerro\/wp-content\/uploads\/2024\/10\/20241031-09set2024-03-altivo-berdes_alcafe_rolim-de-moura_fotos-marcelo-lopes-13-scaled.jpg 1920w\" sizes=\"(max-width: 347px) 100vw, 347px\" \/><figcaption class=\"wp-element-caption\"><strong><em><sup>A filha, Kamily Berdes, segue os passos dos pais para dar continuidade ao investimento da fam\u00edlia. <\/sup><\/em><\/strong><\/figcaption><\/figure><\/div>\n\n\n<p><strong>ASSIST\u00caNCIA T\u00c9CNICA EFICIENTE<\/strong><br>A assist\u00eancia t\u00e9cnica da Emater-RO tem sido decisiva no incentivo \u00e0 moderniza\u00e7\u00e3o das t\u00e9cnicas de cultivo, fornecendo orienta\u00e7\u00f5es sobre o uso de mudas clonais, irriga\u00e7\u00e3o e pr\u00e1ticas de manejo sustent\u00e1vel, e as pol\u00edticas p\u00fablicas de fortalecimento da cafeicultura que o governo estadual disponibiliza, contribuindo deliberadamente para os resultados que a cafeicultura de Rond\u00f4nia est\u00e1 apresentando.<\/p>\n\n\n\n<p>A parceria firmada com a Plataforma Global do Caf\u00e9 tamb\u00e9m foi muito importante, para que t\u00e9cnicos e produtores pudessem ser capacitados nas pr\u00e1ticas de sustentabilidade da produ\u00e7\u00e3o. Somadas aos programas de melhoria da qualidade e sustentabilidade do Caf\u00e9, os agricultores aumentaram a produtividade e melhoraram a qualidade do caf\u00e9, integrando novas tecnologias, tanto na colheita quanto na p\u00f3s-colheita; com processos mais eficientes. A fam\u00edlia Berdes ilustra bem esse sucesso quando fala da import\u00e2ncia que a Emater-RO teve e tem para o desenvolvimento de sua lavoura. \u201cA gente conseguiu ajustar a terra, cuidar da lavoura e participar dos concursos de caf\u00e9\u201d, referencia o produtor, que j\u00e1 recebeu um certificado de sustentabilidade na sua propriedade.<\/p>\n\n\n\n<p>O governador de Rond\u00f4nia, Marcos Rocha,\u00a0 ressalta que o governo do estado tem cada vez mais investindo em tecnologia e promovido incentivos para que os produtores possam conquistar cada vez mais espa\u00e7o no ranking da cafeicultura, e assim, poder mostrar a todos que o caf\u00e9 de Rond\u00f4nia, \u00e9 um caf\u00e9 sustent\u00e1vel e de excelente qualidade.<\/p>\n\n\n\n<p><strong>PROGRAMA FAMILIAR<\/strong><\/p>\n\n\n\n<p>A fam\u00edlia Berdes \u00e9 benefici\u00e1ria de v\u00e1rios desses programas e tem participado ativamente das atividades que visam \u00e0 melhoria da qualidade e sustentabilidade do seu caf\u00e9, participando de cursos, como o da Normas Regulamentadoras Rurais (NR31), voltado para aplica\u00e7\u00e3o correta de agroqu\u00edmicos, al\u00e9m de ser beneficiado com um dep\u00f3sito de agroqu\u00edmicos, onde guarda separadamente os produtos que s\u00e3o utilizados \u00e0 aplica\u00e7\u00e3o.<\/p>\n\n\n\n<figure class=\"wp-block-image size-large\"><img decoding=\"async\" loading=\"lazy\" width=\"1024\" height=\"768\" src=\"http:\/\/www.emater.ro.gov.br\/ematerro\/wp-content\/uploads\/2024\/10\/20241031-09set2024-03-altivo-berdes_alcafe_rolim-de-moura_fotos-marcelo-lopes-9-1024x768.jpg\" alt=\"\" class=\"wp-image-16205\" srcset=\"http:\/\/www.emater.ro.gov.br\/ematerro\/wp-content\/uploads\/2024\/10\/20241031-09set2024-03-altivo-berdes_alcafe_rolim-de-moura_fotos-marcelo-lopes-9-1024x768.jpg 1024w, http:\/\/www.emater.ro.gov.br\/ematerro\/wp-content\/uploads\/2024\/10\/20241031-09set2024-03-altivo-berdes_alcafe_rolim-de-moura_fotos-marcelo-lopes-9-300x225.jpg 300w, http:\/\/www.emater.ro.gov.br\/ematerro\/wp-content\/uploads\/2024\/10\/20241031-09set2024-03-altivo-berdes_alcafe_rolim-de-moura_fotos-marcelo-lopes-9-768x576.jpg 768w, http:\/\/www.emater.ro.gov.br\/ematerro\/wp-content\/uploads\/2024\/10\/20241031-09set2024-03-altivo-berdes_alcafe_rolim-de-moura_fotos-marcelo-lopes-9-640x480.jpg 640w, http:\/\/www.emater.ro.gov.br\/ematerro\/wp-content\/uploads\/2024\/10\/20241031-09set2024-03-altivo-berdes_alcafe_rolim-de-moura_fotos-marcelo-lopes-9.jpg 1500w\" sizes=\"(max-width: 1024px) 100vw, 1024px\" \/><figcaption class=\"wp-element-caption\"><strong><em><sup>A fam\u00edlia Berdes hoje tem a sua pr\u00f3pria marca de caf\u00e9: \u201cAl Caf\u00e9 Robusta Amaz\u00f4nico\u201d <\/sup><\/em><\/strong><\/figcaption><\/figure>\n\n\n\n<p>Com apenas tr\u00eas anos de atividade, os Berdes conquistaram, em 2022, o 5\u00b0 lugar no Concurso Internacional Coffee Of The Year, realizado anualmente, em Minas Gerais. Hoje trabalham com caf\u00e9 torrado e mo\u00eddo e j\u00e1 criaram sua pr\u00f3pria marca, o \u201cAl Caf\u00e9 Robusta Amaz\u00f4nico\u201d. A fam\u00edlia est\u00e1 unida e a filha do casal, Kamily Berdes, de 16 anos, vem seguindo os passos dos pais para, no futuro, dar continuidade ao projeto familiar.<\/p>\n\n\n\n<p><\/p>\n\n\n\n<p><strong>CATEGORIA DE PREMIA\u00c7\u00c3O: GERAL<\/strong><br>* 1\u00ba lugar: Altivo Eduardo Berdes (Rolim de Moura)<br>* 2\u00ba lugar: Rosany Cristina da Silva Sigoli (Cujubim)<br>* 3\u00ba lugar: Everton da Silva Xavier (Novo Horizonte do Oeste)<br>* 4\u00ba lugar: Magaiver Pezzin (Cacoal)<br>* 5\u00ba lugar: Maria Auxiliadora da Silva (Santa Luzia do Oeste)<\/p>\n\n\n\n<p><strong>CATEGORIA DE PREMIA\u00c7\u00c3O: SUSTENTABILIDADE<\/strong><br>* 1\u00ba lugar: Ronaldo da Silva Bento (Cacoal)<br>* 2\u00ba lugar: Jo\u00e3o da Luz (Cacoal)<br>* 3\u00ba lugar: Altivo Eduardo Berdes (Rolim de Moura)<\/p>\n\n\n\n<p class=\"has-text-align-right\"><strong><em><sup>Texto: Wania Ressutti<br>Jornalista \u2013 MTE-1744\/RO<br>Fotos: Marcelo Lopes<br>EMATER-RO<\/sup><\/em><\/strong><\/p>\n","protected":false},"excerpt":{"rendered":"<p>A assist\u00eancia t\u00e9cnica oferecida pelo governo estadual, por meio da Entidade Aut\u00e1rquica de Assist\u00eancia T\u00e9cnica e Extens\u00e3o Rural (Emater-RO), foi um fator essencial para que a fam\u00edlia Berdes pudesse produzir [&hellip;]<\/p>\n","protected":false},"author":9,"featured_media":16202,"comment_status":"closed","ping_status":"closed","sticky":false,"template":"","format":"standard","meta":[],"categories":[10,9,12],"tags":[135,188,65,45],"_links":{"self":[{"href":"http:\/\/www.emater.ro.gov.br\/ematerro\/wp-json\/wp\/v2\/posts\/16190"}],"collection":[{"href":"http:\/\/www.emater.ro.gov.br\/ematerro\/wp-json\/wp\/v2\/posts"}],"about":[{"href":"http:\/\/www.emater.ro.gov.br\/ematerro\/wp-json\/wp\/v2\/types\/post"}],"author":[{"embeddable":true,"href":"http:\/\/www.emater.ro.gov.br\/ematerro\/wp-json\/wp\/v2\/users\/9"}],"replies":[{"embeddable":true,"href":"http:\/\/www.emater.ro.gov.br\/ematerro\/wp-json\/wp\/v2\/comments?post=16190"}],"version-history":[{"count":13,"href":"http:\/\/www.emater.ro.gov.br\/ematerro\/wp-json\/wp\/v2\/posts\/16190\/revisions"}],"predecessor-version":[{"id":16231,"href":"http:\/\/www.emater.ro.gov.br\/ematerro\/wp-json\/wp\/v2\/posts\/16190\/revisions\/16231"}],"wp:featuredmedia":[{"embeddable":true,"href":"http:\/\/www.emater.ro.gov.br\/ematerro\/wp-json\/wp\/v2\/media\/16202"}],"wp:attachment":[{"href":"http:\/\/www.emater.ro.gov.br\/ematerro\/wp-json\/wp\/v2\/media?parent=16190"}],"wp:term":[{"taxonomy":"category","embeddable":true,"href":"http:\/\/www.emater.ro.gov.br\/ematerro\/wp-json\/wp\/v2\/categories?post=16190"},{"taxonomy":"post_tag","embeddable":true,"href":"http:\/\/www.emater.ro.gov.br\/ematerro\/wp-json\/wp\/v2\/tags?post=16190"}],"curies":[{"name":"wp","href":"https:\/\/api.w.org\/{rel}","templated":true}]}}