{"id":15996,"date":"2024-09-26T12:00:00","date_gmt":"2024-09-26T16:00:00","guid":{"rendered":"http:\/\/www.emater.ro.gov.br\/ematerro\/?p=15996"},"modified":"2024-09-26T08:57:21","modified_gmt":"2024-09-26T12:57:21","slug":"sustentabilidade-no-campo-emater-ro-integra-plano-de-acao-do-governo-estadual-para-reduzir-emissao-de-carbono-na-agropecuaria-de-rondonia","status":"publish","type":"post","link":"http:\/\/www.emater.ro.gov.br\/ematerro\/2024\/09\/26\/sustentabilidade-no-campo-emater-ro-integra-plano-de-acao-do-governo-estadual-para-reduzir-emissao-de-carbono-na-agropecuaria-de-rondonia\/","title":{"rendered":"Sustentabilidade no campo: Emater-RO integra plano de a\u00e7\u00e3o do governo estadual para reduzir emiss\u00e3o de carbono na agropecu\u00e1ria de Rond\u00f4nia"},"content":{"rendered":"<div class=\"wp-block-image\">\n<figure class=\"aligncenter size-large\"><img decoding=\"async\" loading=\"lazy\" width=\"1024\" height=\"568\" src=\"http:\/\/www.emater.ro.gov.br\/ematerro\/wp-content\/uploads\/2024\/09\/20240926-03mar2023-bovinocultura_vale-do-paraiso_irene-mendes-1024x568.jpeg\" alt=\"\" class=\"wp-image-16000\" srcset=\"http:\/\/www.emater.ro.gov.br\/ematerro\/wp-content\/uploads\/2024\/09\/20240926-03mar2023-bovinocultura_vale-do-paraiso_irene-mendes-1024x568.jpeg 1024w, http:\/\/www.emater.ro.gov.br\/ematerro\/wp-content\/uploads\/2024\/09\/20240926-03mar2023-bovinocultura_vale-do-paraiso_irene-mendes-300x166.jpeg 300w, http:\/\/www.emater.ro.gov.br\/ematerro\/wp-content\/uploads\/2024\/09\/20240926-03mar2023-bovinocultura_vale-do-paraiso_irene-mendes-768x426.jpeg 768w, http:\/\/www.emater.ro.gov.br\/ematerro\/wp-content\/uploads\/2024\/09\/20240926-03mar2023-bovinocultura_vale-do-paraiso_irene-mendes-1536x852.jpeg 1536w, http:\/\/www.emater.ro.gov.br\/ematerro\/wp-content\/uploads\/2024\/09\/20240926-03mar2023-bovinocultura_vale-do-paraiso_irene-mendes.jpeg 1600w\" sizes=\"(max-width: 1024px) 100vw, 1024px\" \/><figcaption class=\"wp-element-caption\"><strong><em><sup>Entre os programa definidos pelo PAE\/ABC+RO est\u00e3o: recupera\u00e7\u00e3o de pastagens degradadas, manejo de res\u00edduos da produ\u00e7\u00e3o animal e termina\u00e7\u00e3o intensiva<\/sup><\/em><\/strong><\/figcaption><\/figure><\/div>\n\n\n<p>O governo de Rond\u00f4nia definiu suas a\u00e7\u00f5es para a pr\u00e1tica de uma agricultura sustent\u00e1vel no estado. Atrav\u00e9s do Plano de A\u00e7\u00e3o Estadual (PAE\/ABC+RO) ser\u00e3o adotadas pr\u00e1ticas tecnol\u00f3gicas que visam a redu\u00e7\u00e3o das emiss\u00f5es de gases de efeito estufa amparadas nas pol\u00edticas p\u00fablicas propostas pelo governo federal para controle da emiss\u00e3o de carbono. Para tratar do tema e coordenar essas a\u00e7\u00f5es, a Entidade Aut\u00e1rquica de Assist\u00eancia T\u00e9cnica e Extens\u00e3o Rural (Emater-RO) participou, no \u00faltimo dia 24, em Vilhena, de uma reuni\u00e3o envolvendo as institui\u00e7\u00f5es integrantes do Grupo Gestor Estadual do Plano Setorial para Adapta\u00e7\u00e3o \u00e0 Mudan\u00e7a do Clima, Baixa Emiss\u00e3o de Carbono e Desenvolvimento Sustent\u00e1vel na Agropecu\u00e1ria (GGE\/ABC+\/RO)<\/p>\n\n\n<div class=\"wp-block-image\">\n<figure class=\"alignright size-large is-resized\"><img decoding=\"async\" loading=\"lazy\" src=\"http:\/\/www.emater.ro.gov.br\/ematerro\/wp-content\/uploads\/2024\/09\/20240926-08ago2021-consorcio-irene-mendes-2-1024x682.jpeg\" alt=\"\" class=\"wp-image-16002\" width=\"530\" height=\"354\" srcset=\"http:\/\/www.emater.ro.gov.br\/ematerro\/wp-content\/uploads\/2024\/09\/20240926-08ago2021-consorcio-irene-mendes-2-1024x682.jpeg 1024w, http:\/\/www.emater.ro.gov.br\/ematerro\/wp-content\/uploads\/2024\/09\/20240926-08ago2021-consorcio-irene-mendes-2-300x200.jpeg 300w, http:\/\/www.emater.ro.gov.br\/ematerro\/wp-content\/uploads\/2024\/09\/20240926-08ago2021-consorcio-irene-mendes-2-768x512.jpeg 768w, http:\/\/www.emater.ro.gov.br\/ematerro\/wp-content\/uploads\/2024\/09\/20240926-08ago2021-consorcio-irene-mendes-2-1536x1023.jpeg 1536w, http:\/\/www.emater.ro.gov.br\/ematerro\/wp-content\/uploads\/2024\/09\/20240926-08ago2021-consorcio-irene-mendes-2-480x320.jpeg 480w, http:\/\/www.emater.ro.gov.br\/ematerro\/wp-content\/uploads\/2024\/09\/20240926-08ago2021-consorcio-irene-mendes-2.jpeg 1600w\" sizes=\"(max-width: 530px) 100vw, 530px\" \/><figcaption class=\"wp-element-caption\"><em><strong><sup>Sistemas de integra\u00e7\u00e3o e sistema irrigado fazem parte do Plano de A\u00e7\u00e3o do Estado para redu\u00e7\u00e3o de carbono<\/sup><\/strong><\/em><\/figcaption><\/figure><\/div>\n\n\n<p>O PAE\/ABC+RO \u00e9 um plano que, por meio da Secretaria de Estado da Agricultura (Seagri), Emater-RO e parceiros, busca uma economia associada \u00e0 produ\u00e7\u00e3o de alimentos que utilizem tecnologia de produ\u00e7\u00e3o que emitam menos Gases de Efeito Estufa (GEE), alinhado ao aumento da produtividade, da redu\u00e7\u00e3o de risco de escassez de recursos ambientais e no fortalecimento das cadeias produtivas. O plano tamb\u00e9m tem foco na redu\u00e7\u00e3o da pobreza prevendo a inclus\u00e3o social com a gera\u00e7\u00e3o de emprego e renda e, consequentemente, melhorando o bem-estar humano e social das fam\u00edlias no campo.<\/p>\n\n\n\n<p>A Emater-RO, assim como as entidades inseridas no plano estadual, contribuir\u00e3o para a ado\u00e7\u00e3o dessas tecnologias sustent\u00e1veis que permitir\u00e3o al\u00e9m de ganhos ambientais, maior efici\u00eancia produtiva. Para o diretor-presidente da Emater-RO, Luciano Brand\u00e3o, o PAE\/ABC+RO \u00e9 uma estrat\u00e9gia do governo estadual para o enfrentamento \u00e0s mudan\u00e7as clim\u00e1ticas que vem afetando significativamente o setor produtivo. \u201cA Emater tem um compromisso com o produtor rural que \u00e9 o de incentivar a implementa\u00e7\u00e3o tecnologias que venham ao encontro das exig\u00eancias no campo, e entre essas exig\u00eancias est\u00e1 o enfrentamento \u00e0s mudan\u00e7as clim\u00e1ticas\u201d, diz Brand\u00e3o.<\/p>\n\n\n<div class=\"wp-block-image\">\n<figure class=\"alignleft size-full is-resized\"><img decoding=\"async\" loading=\"lazy\" src=\"http:\/\/www.emater.ro.gov.br\/ematerro\/wp-content\/uploads\/2024\/09\/20240926-09set2024-24-abc-rondonia_vilhena_marcio-2.jpg\" alt=\"\" class=\"wp-image-15997\" width=\"521\" height=\"351\" srcset=\"http:\/\/www.emater.ro.gov.br\/ematerro\/wp-content\/uploads\/2024\/09\/20240926-09set2024-24-abc-rondonia_vilhena_marcio-2.jpg 1021w, http:\/\/www.emater.ro.gov.br\/ematerro\/wp-content\/uploads\/2024\/09\/20240926-09set2024-24-abc-rondonia_vilhena_marcio-2-300x202.jpg 300w, http:\/\/www.emater.ro.gov.br\/ematerro\/wp-content\/uploads\/2024\/09\/20240926-09set2024-24-abc-rondonia_vilhena_marcio-2-768x518.jpg 768w\" sizes=\"(max-width: 521px) 100vw, 521px\" \/><figcaption class=\"wp-element-caption\"><strong><em><sup>Estrat\u00e9gias para conciliar produ\u00e7\u00e3o com a redu\u00e7\u00e3o dos impactos ambientais, utilizando recursos naturais de forma consciente<\/sup><\/em><\/strong><\/figcaption><\/figure><\/div>\n\n\n<p>Para o governador Marcos Rocha, o estado de Rond\u00f4nia tem uma posi\u00e7\u00e3o estrat\u00e9gica pela sua potencialidade como produtor nacional e internacionalmente de alimentos, por isso, realinha e adere ao Plano ABC+ do Governo Federal. Para isso, implementou o PAE\/ABC+RO e j\u00e1 definiu oito programas a serem desenvolvidos junto aos produtores rurais no per\u00edodo de 2020 a 2030, que s\u00e3o: pr\u00e1ticas para recupera\u00e7\u00e3o de pastagens degradadas; sistema de plantio direto; sistemas de integra\u00e7\u00e3o; florestas plantadas; bioinsumos ou fixa\u00e7\u00e3o biol\u00f3gica de nitrog\u00eanio; sistemas irrigados; manejo de res\u00edduos da produ\u00e7\u00e3o animal; e termina\u00e7\u00e3o intensiva. \u201cO estado de Rond\u00f4nia tem compromisso com o meio ambiente, por isso esse plano \u00e9 fundamental para que possamos melhorar as pr\u00e1ticas na agricultura e na pecu\u00e1ria\u201d, disse o governador, salientando que o programa de desenvolvimento ambiental implantado pelo governo j\u00e1 previa essas melhorias nas pr\u00e1ticas agropecu\u00e1rias com respeito \u00e0 natureza.<\/p>\n\n\n\n<p>O plano de a\u00e7\u00e3o estadual para redu\u00e7\u00e3o da emiss\u00e3o de carbono em Rond\u00f4nia est\u00e1 sendo norteado pelos princ\u00edpios e diretrizes do Plano de Desenvolvimento Estadual Sustent\u00e1vel de Rond\u00f4nia (PDES), do Zoneamento Socioecon\u00f4mico-Ecol\u00f3gico do Estado (ZSEE-RO), como um instrumento t\u00e9cnico e pol\u00edtico do planejamento das a\u00e7\u00f5es, como base para implanta\u00e7\u00e3o e consolida\u00e7\u00e3o de projetos de desenvolvimento sustent\u00e1vel, reconhecendo os atributos bi\u00f3ticos e abi\u00f3ticos, est\u00e9ticos e culturais como ativo para desenvolvimento regional. A reuni\u00e3o entre a equipe da Emater-RO e os parceiros na execu\u00e7\u00e3o do PAE\/ABC+RO dever\u00e3o definir estrat\u00e9gias de concilia\u00e7\u00e3o da produ\u00e7\u00e3o com a redu\u00e7\u00e3o dos impactos ambientais, utilizando recursos naturais de forma consciente.<\/p>\n\n\n\n<p class=\"has-text-align-right has-text-color\" style=\"color:#0d6e0b\"><em><strong><sup>Texto: Wania Ressutti<br>Jornalista \u2013 MTE-1744\/RO<br>Fotos: Irene Mendes e Marcio Perin<br>EMATER-RO<\/sup><\/strong><\/em><\/p>\n","protected":false},"excerpt":{"rendered":"<p>O governo de Rond\u00f4nia definiu suas a\u00e7\u00f5es para a pr\u00e1tica de uma agricultura sustent\u00e1vel no estado. Atrav\u00e9s do Plano de A\u00e7\u00e3o Estadual (PAE\/ABC+RO) ser\u00e3o adotadas pr\u00e1ticas tecnol\u00f3gicas que visam a [&hellip;]<\/p>\n","protected":false},"author":9,"featured_media":16003,"comment_status":"closed","ping_status":"closed","sticky":false,"template":"","format":"standard","meta":[],"categories":[10,9,26],"tags":[],"_links":{"self":[{"href":"http:\/\/www.emater.ro.gov.br\/ematerro\/wp-json\/wp\/v2\/posts\/15996"}],"collection":[{"href":"http:\/\/www.emater.ro.gov.br\/ematerro\/wp-json\/wp\/v2\/posts"}],"about":[{"href":"http:\/\/www.emater.ro.gov.br\/ematerro\/wp-json\/wp\/v2\/types\/post"}],"author":[{"embeddable":true,"href":"http:\/\/www.emater.ro.gov.br\/ematerro\/wp-json\/wp\/v2\/users\/9"}],"replies":[{"embeddable":true,"href":"http:\/\/www.emater.ro.gov.br\/ematerro\/wp-json\/wp\/v2\/comments?post=15996"}],"version-history":[{"count":8,"href":"http:\/\/www.emater.ro.gov.br\/ematerro\/wp-json\/wp\/v2\/posts\/15996\/revisions"}],"predecessor-version":[{"id":16009,"href":"http:\/\/www.emater.ro.gov.br\/ematerro\/wp-json\/wp\/v2\/posts\/15996\/revisions\/16009"}],"wp:featuredmedia":[{"embeddable":true,"href":"http:\/\/www.emater.ro.gov.br\/ematerro\/wp-json\/wp\/v2\/media\/16003"}],"wp:attachment":[{"href":"http:\/\/www.emater.ro.gov.br\/ematerro\/wp-json\/wp\/v2\/media?parent=15996"}],"wp:term":[{"taxonomy":"category","embeddable":true,"href":"http:\/\/www.emater.ro.gov.br\/ematerro\/wp-json\/wp\/v2\/categories?post=15996"},{"taxonomy":"post_tag","embeddable":true,"href":"http:\/\/www.emater.ro.gov.br\/ematerro\/wp-json\/wp\/v2\/tags?post=15996"}],"curies":[{"name":"wp","href":"https:\/\/api.w.org\/{rel}","templated":true}]}}