{"id":15940,"date":"2024-09-20T08:44:50","date_gmt":"2024-09-20T12:44:50","guid":{"rendered":"http:\/\/www.emater.ro.gov.br\/ematerro\/?p=15940"},"modified":"2024-09-20T08:44:50","modified_gmt":"2024-09-20T12:44:50","slug":"acoes-sustentaveis-orientadas-pelo-governo-de-ro-ajudam-produtores-a-superar-estiagem-severa-com-produtividade","status":"publish","type":"post","link":"http:\/\/www.emater.ro.gov.br\/ematerro\/2024\/09\/20\/acoes-sustentaveis-orientadas-pelo-governo-de-ro-ajudam-produtores-a-superar-estiagem-severa-com-produtividade\/","title":{"rendered":"A\u00e7\u00f5es sustent\u00e1veis orientadas pelo governo de RO ajudam produtores a superar estiagem severa com produtividade"},"content":{"rendered":"<div class=\"wp-block-image\">\n<figure class=\"aligncenter size-large is-resized\"><img decoding=\"async\" loading=\"lazy\" src=\"http:\/\/www.emater.ro.gov.br\/ematerro\/wp-content\/uploads\/2024\/09\/20240920-cafe-sustentavel_joao-da-luz_ematersetembro-de-2024_fotos-anderson-flores-11-1024x682.jpg\" alt=\"\" class=\"wp-image-15941\" width=\"973\" height=\"648\" srcset=\"http:\/\/www.emater.ro.gov.br\/ematerro\/wp-content\/uploads\/2024\/09\/20240920-cafe-sustentavel_joao-da-luz_ematersetembro-de-2024_fotos-anderson-flores-11-1024x682.jpg 1024w, http:\/\/www.emater.ro.gov.br\/ematerro\/wp-content\/uploads\/2024\/09\/20240920-cafe-sustentavel_joao-da-luz_ematersetembro-de-2024_fotos-anderson-flores-11-300x200.jpg 300w, http:\/\/www.emater.ro.gov.br\/ematerro\/wp-content\/uploads\/2024\/09\/20240920-cafe-sustentavel_joao-da-luz_ematersetembro-de-2024_fotos-anderson-flores-11-768x512.jpg 768w, http:\/\/www.emater.ro.gov.br\/ematerro\/wp-content\/uploads\/2024\/09\/20240920-cafe-sustentavel_joao-da-luz_ematersetembro-de-2024_fotos-anderson-flores-11-480x320.jpg 480w, http:\/\/www.emater.ro.gov.br\/ematerro\/wp-content\/uploads\/2024\/09\/20240920-cafe-sustentavel_joao-da-luz_ematersetembro-de-2024_fotos-anderson-flores-11.jpg 1280w\" sizes=\"(max-width: 973px) 100vw, 973px\" \/><figcaption class=\"wp-element-caption\"><em><sup><strong>Governo tem  impulsionado a sustentabilidade na produ\u00e7\u00e3o de alimentos por meio de diversas a\u00e7\u00f5es<\/strong><\/sup><\/em><\/figcaption><\/figure><\/div>\n\n\n<p>A sustentabilidade trabalhada a partir de pol\u00edticas p\u00fablicas do governo de Rond\u00f4nia est\u00e1 ajudando as lavouras a se manterem produtivas, mesmo atravessando o per\u00edodo de estiagem severa. A combina\u00e7\u00e3o de mudas mais tolerantes a pragas e \u00e0 seca, e a preserva\u00e7\u00e3o das nascentes, t\u00eam feito a lavoura cafeeira prosperar, indo ao encontro das medidas do governo no desenvolvimento do estado, impulsionando o setor de produ\u00e7\u00e3o de alimentos.<\/p>\n\n\n\n<p>Um exemplo de a\u00e7\u00f5es desenvolvidas \u00e9 a produ\u00e7\u00e3o de caf\u00e9 do agricultor Jo\u00e3o da Luz, no munic\u00edpio de Cacoal, onde a preserva\u00e7\u00e3o de nascentes tem feito a produ\u00e7\u00e3o prosperar. O produtor conquistou, em maio deste ano, o<a href=\"http:\/\/www.emater.ro.gov.br\/ematerro\/2024\/05\/28\/cafes-de-rondonia-vencem-cinco-primeiras-colocacoes-na-categoria-especial-torrado-em-premiacao-nacional\/\" target=\"_blank\" rel=\"noreferrer noopener\"> pr\u00eamio de melhor caf\u00e9 especial torrado artesanal do Brasil,<\/a> concedido pela Confedera\u00e7\u00e3o da Agricultura e Pecu\u00e1ria do Brasil (CNA), ocupou o <a href=\"https:\/\/rondonia.ro.gov.br\/rondonia-conquista-todos-os-lugares-do-podio-do-coffee-of-the-year-2022-na-categoria-canefora\/\" target=\"_blank\" rel=\"noreferrer noopener\">2\u00ba lugar no p\u00f3dio do <em>Coffee Of The Year<\/em><\/a><em>,<\/em> em Minais Gerais, e foi ganhador do Concurso de Qualidade e Sustentabilidade do Caf\u00e9 (Concaf\u00e9), promovido pelo governo de Rond\u00f4nia. Neste \u00faltimo, ganhou torrador e trator agr\u00edcola, e est\u00e1 vencendo tamb\u00e9m esse per\u00edodo de seca prolongada.<\/p>\n\n\n<div class=\"wp-block-image\">\n<figure class=\"alignright size-large is-resized\"><img decoding=\"async\" loading=\"lazy\" src=\"http:\/\/www.emater.ro.gov.br\/ematerro\/wp-content\/uploads\/2024\/09\/20240920-cafe-sustentavel_joao-da-luz_ematersetembro-de-2024_fotos-anderson-flores-1-1024x682.jpg\" alt=\"\" class=\"wp-image-15943\" width=\"513\" height=\"341\" srcset=\"http:\/\/www.emater.ro.gov.br\/ematerro\/wp-content\/uploads\/2024\/09\/20240920-cafe-sustentavel_joao-da-luz_ematersetembro-de-2024_fotos-anderson-flores-1-1024x682.jpg 1024w, http:\/\/www.emater.ro.gov.br\/ematerro\/wp-content\/uploads\/2024\/09\/20240920-cafe-sustentavel_joao-da-luz_ematersetembro-de-2024_fotos-anderson-flores-1-300x200.jpg 300w, http:\/\/www.emater.ro.gov.br\/ematerro\/wp-content\/uploads\/2024\/09\/20240920-cafe-sustentavel_joao-da-luz_ematersetembro-de-2024_fotos-anderson-flores-1-768x512.jpg 768w, http:\/\/www.emater.ro.gov.br\/ematerro\/wp-content\/uploads\/2024\/09\/20240920-cafe-sustentavel_joao-da-luz_ematersetembro-de-2024_fotos-anderson-flores-1-480x320.jpg 480w, http:\/\/www.emater.ro.gov.br\/ematerro\/wp-content\/uploads\/2024\/09\/20240920-cafe-sustentavel_joao-da-luz_ematersetembro-de-2024_fotos-anderson-flores-1.jpg 1280w\" sizes=\"(max-width: 513px) 100vw, 513px\" \/><figcaption class=\"wp-element-caption\"><strong><em><sup>produtores de caf\u00e9 destacam assist\u00eancia recebida<\/sup><\/em><\/strong> <\/figcaption><\/figure><\/div>\n\n\n<p>O governo de Rond\u00f4nia tem impulsionado a sustentabilidade na produ\u00e7\u00e3o de alimentos por meio de diversas a\u00e7\u00f5es, entre elas: <a href=\"http:\/\/www.emater.ro.gov.br\/ematerro\/2024\/05\/22\/vitrines-tecnologicas-da-emater-ro-sao-atrativos-para-agricultura-da-amazonia-na-11a-rondonia-rural-show-internacional\/\">Rond\u00f4nia Rural Show Internacional<\/a>: feira agropecu\u00e1ria rondoniense que vem trabalhando temas como uso de inova\u00e7\u00f5es, tecnologias, pesquisas e boas pr\u00e1ticas sustent\u00e1veis para que os neg\u00f3cios rurais sejam n\u00e3o s\u00f3 competitivos, mas estejam em conformidade com a defesa do meio ambiente; premia\u00e7\u00e3o de cadeias produtivas: onde s\u00e3o realizados tr\u00eas tipos de concursos que premiam os melhores caf\u00e9s (Concaf\u00e9), cacaus (Concacau) e queijos (ConQueijos), com a combina\u00e7\u00e3o de qualidade e sustentabilidade e que garante a pontua\u00e7\u00e3o; assist\u00eancia t\u00e9cnica gratuita aos agricultores familiares, com compartilhamento de pr\u00e1ticas sustent\u00e1veis; e apoio \u00e0 produ\u00e7\u00e3o e visibilidade de cadeias produtivas sustent\u00e1veis no mercado global.<\/p>\n\n\n\n<p>O governador de Rond\u00f4nia, Marcos Rocha, defende o desenvolvimento sustent\u00e1vel no estado e orienta os produtores de alimentos \u00e0s boas pr\u00e1ticas sustent\u00e1veis. \u201dEstamos empenhados no trabalho de conscientiza\u00e7\u00e3o sobre a responsabilidade ambiental, por meio de diversas pol\u00edticas p\u00fablicas do governo. Os resultados nas lavouras mostram que as a\u00e7\u00f5es est\u00e3o dando certo, temos produ\u00e7\u00f5es de alimentos prosperando mesmo nesse per\u00edodo t\u00e3o longo sem chuvas\u201d, ressaltou.<\/p>\n\n\n\n<p><strong>NASCENTES PROTEGIDAS<\/strong><br>A propriedade do cafeicultor Jo\u00e3o \u00e9 uma das que recebe assist\u00eancia t\u00e9cnica da Entidade Aut\u00e1rquica de Assist\u00eancia T\u00e9cnica e Extens\u00e3o Rural do Estado de Rond\u00f4nia (Emater-RO), desde os anos 80, sendo orientada sobre a preserva\u00e7\u00e3o das nascentes e mudan\u00e7a para um sistema de irriga\u00e7\u00e3o mais adequado para evitar desperd\u00edcio de \u00e1gua. Na propriedade \u00e9 trabalhada a harmonia com o meio ambiente. \u201dN\u00e3o estamos sendo afetados pela estiagem, pois nossa propriedade tem as \u00e1reas de preserva\u00e7\u00e3o permanentes, e gra\u00e7as a Deus temos bastante \u00e1gua, e estamos usando um sistema de irriga\u00e7\u00e3o de baixa vaz\u00e3o, que gasta bem menos \u00e1gua\u201d, disse Jo\u00e3o.<\/p>\n\n\n<div class=\"wp-block-image\">\n<figure class=\"alignleft size-large is-resized\"><img decoding=\"async\" loading=\"lazy\" src=\"http:\/\/www.emater.ro.gov.br\/ematerro\/wp-content\/uploads\/2024\/09\/20240920-cafe-sustentavel_joao-da-luz_cacoal_emater_setembrode-2024_fotos-anderson-flores-4-1024x576.jpg\" alt=\"\" class=\"wp-image-15947\" width=\"565\" height=\"316\"\/><figcaption class=\"wp-element-caption\"><strong><em><sup> Trabalho em harmonia com o meio ambiente<\/sup><\/em><\/strong><\/figcaption><\/figure><\/div>\n\n\n<p>Os produtores foram incentivados a mudar as lavouras convencionais, originadas de sementes, para o cultivo de clones. H\u00e1 dois anos participam da Rede Estadual de Avalia\u00e7\u00e3o de Clones de Caf\u00e9 no Estado de Rond\u00f4nia (Rede Caf\u00e9), um resultado do investimento do governo de Rond\u00f4nia, em parceria com a Empresa Brasileira de Pesquisa Agropecu\u00e1ria (Embrapa) e produtores de caf\u00e9, que objetiva impulsionar a cafeicultura de Rond\u00f4nia com sustentabilidade. Todos os clones da propriedade do produtor s\u00e3o espec\u00edficos para produ\u00e7\u00e3o do caf\u00e9 especial, com colheita seletiva. A fam\u00edlia est\u00e1 alcan\u00e7ando a colheita de 110 sacas por hectare.<\/p>\n\n\n\n<p><strong>PRESERVA\u00c7\u00c3O<\/strong><br>Para Jo\u00e3o da Luz, o grande pr\u00eamio por trabalhar com caf\u00e9 sustent\u00e1vel \u00e9 saber que est\u00e1 contribuindo com o meio ambiente e a economia verde. Al\u00e9m de ter, pessoalmente, reunido a fam\u00edlia no trabalho de produ\u00e7\u00e3o do caf\u00e9. \u201d\u00c9 um trabalho que fazemos com amor e dedica\u00e7\u00e3o.\u201d<\/p>\n\n\n\n<p>Em busca de melhorar ainda mais as condi\u00e7\u00f5es da propriedade, o cafeicultor est\u00e1 alinhando \u00e0 recupera\u00e7\u00e3o de mais uma nascente na propriedade, por meio do projeto Renascer das \u00c1guas, iniciativa que resulta de parceria do governo de Rond\u00f4nia, por meio da Emater-RO, Secretaria de Estado do Desenvolvimento Ambiental (Sedam) e Secretaria de Estado da Agricultura (Seagri), com o munic\u00edpio de Cacoal.<\/p>\n\n\n\n<p>Um projeto ecologicamente correto e economicamente vi\u00e1vel, onde o governo de Rond\u00f4nia investe com o material para intervir no projeto, como hora m\u00e1quina, pedra rach\u00e3o, canos e cimento, em parceria com os munic\u00edpios. \u201dTalvez n\u00e3o tenha necessidade para mim, mas essa outra nascente a ser recuperada pode ser aproveitada pelos meus vizinhos. Preservar nascentes \u00e9 preservar vidas\u201d, destacou o produtor.<\/p>\n\n\n<div class=\"wp-block-image\">\n<figure class=\"alignright size-large is-resized\"><img decoding=\"async\" loading=\"lazy\" src=\"http:\/\/www.emater.ro.gov.br\/ematerro\/wp-content\/uploads\/2024\/09\/20240920-cafe-sustentavel_joao-da-luz_cacoal_emater_setembrode-2024_fotos-anderson-flores-13-1024x576.jpg\" alt=\"\" class=\"wp-image-15945\" width=\"517\" height=\"291\" srcset=\"http:\/\/www.emater.ro.gov.br\/ematerro\/wp-content\/uploads\/2024\/09\/20240920-cafe-sustentavel_joao-da-luz_cacoal_emater_setembrode-2024_fotos-anderson-flores-13-1024x576.jpg 1024w, http:\/\/www.emater.ro.gov.br\/ematerro\/wp-content\/uploads\/2024\/09\/20240920-cafe-sustentavel_joao-da-luz_cacoal_emater_setembrode-2024_fotos-anderson-flores-13-300x169.jpg 300w, http:\/\/www.emater.ro.gov.br\/ematerro\/wp-content\/uploads\/2024\/09\/20240920-cafe-sustentavel_joao-da-luz_cacoal_emater_setembrode-2024_fotos-anderson-flores-13-768x432.jpg 768w, http:\/\/www.emater.ro.gov.br\/ematerro\/wp-content\/uploads\/2024\/09\/20240920-cafe-sustentavel_joao-da-luz_cacoal_emater_setembrode-2024_fotos-anderson-flores-13.jpg 1280w\" sizes=\"(max-width: 517px) 100vw, 517px\" \/><figcaption class=\"wp-element-caption\"><em><strong><sup>Irriga\u00e7\u00e3o adequada garante a produtividade e sustentabilidade das atividades agr\u00edcolas<\/sup><\/strong><\/em><\/figcaption><\/figure><\/div>\n\n\n<p><strong>DESENVOLVIMENTO<\/strong><br>A combina\u00e7\u00e3o de mudas mais tolerantes a pragas e \u00e0 seca, e a preserva\u00e7\u00e3o das nascentes, t\u00eam feito a lavoura do produtor cafeeiro prosperar. A propriedade tamb\u00e9m funciona com um biodigestor para tratamento do esgoto, a fim de fortalecer a preserva\u00e7\u00e3o do meio ambiente. O extensionista da Emater-RO, Jailton Santana explicou que, essa \u00e9 a recomenda\u00e7\u00e3o para todas as fam\u00edlias de agricultores familiares do estado, que a Emater tem acompanhado e assistido em suas produ\u00e7\u00f5es.<\/p>\n\n\n\n<p>&#8220;J\u00e1 estamos orientando o seu Jo\u00e3o h\u00e1 anos e as nascentes deles est\u00e3o bem protegidas. Inclusive, ele possui outorga para o uso da \u00e1gua. O sistema de irriga\u00e7\u00e3o usado por ele \u00e9 localizado, onde n\u00e3o h\u00e1 desperd\u00edcio de \u00e1gua. Orientamos para a troca do sistema, que antigamente era por aspers\u00e3o. O produtor tamb\u00e9m tem um reservat\u00f3rio para peixes e foi orientado a manter sempre limpo para evitar assoreamentos. S\u00e3o pr\u00e1ticas que estamos instruindo a todos os produtores&#8221;, afirmou.<\/p>\n\n\n\n<p>Entre as recomenda\u00e7\u00f5es da Emater-RO para manuten\u00e7\u00e3o de lavouras sustent\u00e1veis, est\u00e3o:<\/p>\n\n\n\n<ul>\n<li>Recupera\u00e7\u00e3o de nascentes;<\/li>\n\n\n\n<li>Manter um bom sistema de armazenamento de \u00e1gua;<\/li>\n\n\n\n<li>Manter represas limpas;<\/li>\n\n\n\n<li>Racionalizar o uso da \u00e1gua;<\/li>\n\n\n\n<li>Fazer manuten\u00e7\u00e3o no sistema de irriga\u00e7\u00e3o; e<\/li>\n\n\n\n<li>Usar equipamentos modernos que evitem o desperd\u00edcio de \u00e1gua, como o m\u00e9todo por gotejo ou irriga\u00e7\u00e3o localizada.<\/li>\n<\/ul>\n\n\n\n<p class=\"has-text-align-right has-text-color\" style=\"color:#16704c\"><em><strong><sup>Texto: Vanessa Moura<br>Fotos: Anderson Fl\u00f4res<br>Secom &#8211; Governo de Rond\u00f4nia<\/sup><\/strong><\/em><\/p>\n","protected":false},"excerpt":{"rendered":"<p>A sustentabilidade trabalhada a partir de pol\u00edticas p\u00fablicas do governo de Rond\u00f4nia est\u00e1 ajudando as lavouras a se manterem produtivas, mesmo atravessando o per\u00edodo de estiagem severa. A combina\u00e7\u00e3o de [&hellip;]<\/p>\n","protected":false},"author":9,"featured_media":15942,"comment_status":"closed","ping_status":"closed","sticky":false,"template":"","format":"standard","meta":[],"categories":[10,9,12],"tags":[],"_links":{"self":[{"href":"http:\/\/www.emater.ro.gov.br\/ematerro\/wp-json\/wp\/v2\/posts\/15940"}],"collection":[{"href":"http:\/\/www.emater.ro.gov.br\/ematerro\/wp-json\/wp\/v2\/posts"}],"about":[{"href":"http:\/\/www.emater.ro.gov.br\/ematerro\/wp-json\/wp\/v2\/types\/post"}],"author":[{"embeddable":true,"href":"http:\/\/www.emater.ro.gov.br\/ematerro\/wp-json\/wp\/v2\/users\/9"}],"replies":[{"embeddable":true,"href":"http:\/\/www.emater.ro.gov.br\/ematerro\/wp-json\/wp\/v2\/comments?post=15940"}],"version-history":[{"count":4,"href":"http:\/\/www.emater.ro.gov.br\/ematerro\/wp-json\/wp\/v2\/posts\/15940\/revisions"}],"predecessor-version":[{"id":15950,"href":"http:\/\/www.emater.ro.gov.br\/ematerro\/wp-json\/wp\/v2\/posts\/15940\/revisions\/15950"}],"wp:featuredmedia":[{"embeddable":true,"href":"http:\/\/www.emater.ro.gov.br\/ematerro\/wp-json\/wp\/v2\/media\/15942"}],"wp:attachment":[{"href":"http:\/\/www.emater.ro.gov.br\/ematerro\/wp-json\/wp\/v2\/media?parent=15940"}],"wp:term":[{"taxonomy":"category","embeddable":true,"href":"http:\/\/www.emater.ro.gov.br\/ematerro\/wp-json\/wp\/v2\/categories?post=15940"},{"taxonomy":"post_tag","embeddable":true,"href":"http:\/\/www.emater.ro.gov.br\/ematerro\/wp-json\/wp\/v2\/tags?post=15940"}],"curies":[{"name":"wp","href":"https:\/\/api.w.org\/{rel}","templated":true}]}}