{"id":15846,"date":"2024-08-30T16:01:00","date_gmt":"2024-08-30T20:01:00","guid":{"rendered":"http:\/\/www.emater.ro.gov.br\/ematerro\/?p=15846"},"modified":"2024-08-30T13:08:25","modified_gmt":"2024-08-30T17:08:25","slug":"emater-ro-completa-53-anos-cumprindo-seu-papel-de-excelencia-no-desenvolvimento-da-agricultura-familiar-de-rondonia","status":"publish","type":"post","link":"http:\/\/www.emater.ro.gov.br\/ematerro\/2024\/08\/30\/emater-ro-completa-53-anos-cumprindo-seu-papel-de-excelencia-no-desenvolvimento-da-agricultura-familiar-de-rondonia\/","title":{"rendered":"Emater-RO completa 53 anos cumprindo seu papel de excel\u00eancia no desenvolvimento da agricultura familiar de Rond\u00f4nia"},"content":{"rendered":"<div class=\"wp-block-image\">\n<figure class=\"aligncenter size-large\"><img decoding=\"async\" loading=\"lazy\" width=\"1024\" height=\"691\" src=\"http:\/\/www.emater.ro.gov.br\/ematerro\/wp-content\/uploads\/2024\/08\/20240830-rondonia-rural-show-2024_irene-mendes-1024x691.jpg\" alt=\"\" class=\"wp-image-15857\" srcset=\"http:\/\/www.emater.ro.gov.br\/ematerro\/wp-content\/uploads\/2024\/08\/20240830-rondonia-rural-show-2024_irene-mendes-1024x691.jpg 1024w, http:\/\/www.emater.ro.gov.br\/ematerro\/wp-content\/uploads\/2024\/08\/20240830-rondonia-rural-show-2024_irene-mendes-300x202.jpg 300w, http:\/\/www.emater.ro.gov.br\/ematerro\/wp-content\/uploads\/2024\/08\/20240830-rondonia-rural-show-2024_irene-mendes-768x518.jpg 768w, http:\/\/www.emater.ro.gov.br\/ematerro\/wp-content\/uploads\/2024\/08\/20240830-rondonia-rural-show-2024_irene-mendes-1536x1036.jpg 1536w, http:\/\/www.emater.ro.gov.br\/ematerro\/wp-content\/uploads\/2024\/08\/20240830-rondonia-rural-show-2024_irene-mendes.jpg 1580w\" sizes=\"(max-width: 1024px) 100vw, 1024px\" \/><figcaption class=\"wp-element-caption\"><em><strong><sup>O fortalecimento dos servi\u00e7os de assist\u00eancia t\u00e9cnica e extens\u00e3o rural tem contribu\u00eddo para o desenvolvimento da agricultura familiar<\/sup><\/strong><\/em><\/figcaption><\/figure><\/div>\n\n\n<p>Desde 31 de agosto de 1971, a Entidade Aut\u00e1rquica de Assist\u00eancia T\u00e9cnica e Extens\u00e3o Rural (Emater-RO) se dedica a promover o bem-estar econ\u00f4mico e social das fam\u00edlias que tiram seu sustento do campo. S\u00e3o 53 anos de instala\u00e7\u00e3o, marcando presen\u00e7a nos 52 munic\u00edpios de Rond\u00f4nia, com 85 unidade operacionais atuantes e reconhecida como uma das maiores alavancas para o desenvolvimento agroambiental sustent\u00e1vel no estado.<\/p>\n\n\n\n<p>A Emater-RO sempre ganhou destaque pela sua capilaridade e diversidade de sua atua\u00e7\u00e3o nos mais diversos segmentos sociais e econ\u00f4micos para o desenvolvimento agropecu\u00e1rio. Atravessou per\u00edodos de grande crise econ\u00f4mica, como por exemplo, quando da extin\u00e7\u00e3o da Embrater, no in\u00edcio dos anos 90, ou durante a pandemia da covid-19, mas sempre se manteve firme e capaz de assegurar a economia do pa\u00eds.<\/p>\n\n\n\n<p>Todo esse esfor\u00e7o vem trazendo resultados positivos para a produ\u00e7\u00e3o familiar e permitindo aos produtores rurais se igualarem na capacidade produtiva de qualidade e excel\u00eancia na produ\u00e7\u00e3o. Ao longo desses anos, com a contribui\u00e7\u00e3o expressiva da Emater-RO, a produ\u00e7\u00e3o de Rond\u00f4nia ganhou proje\u00e7\u00e3o em n\u00edvel nacional, com destaque para o caf\u00e9, o cacau e o peixe, que hoje carregam o selo de identifica\u00e7\u00e3o geogr\u00e1fica, al\u00e9m de vencerem concursos renomados de qualidade no pa\u00eds e despontar nos grandes mercados internacionais.<\/p>\n\n\n\n<p>N\u00e3o h\u00e1 d\u00favidas que a regi\u00e3o norte, mais especificamente em Rond\u00f4nia, grande parte da for\u00e7a existente no campo deve-se \u00e0 atua\u00e7\u00e3o da Emater-RO. E a busca cont\u00ednua por essa excel\u00eancia e supera\u00e7\u00e3o de obst\u00e1culos, a transformaram em uma institui\u00e7\u00e3o moderna, qualificada, tecnificada e preparada para o desenvolvimento tecnol\u00f3gico.<\/p>\n\n\n<div class=\"wp-block-image\">\n<figure class=\"alignright size-large is-resized\"><img decoding=\"async\" loading=\"lazy\" src=\"http:\/\/www.emater.ro.gov.br\/ematerro\/wp-content\/uploads\/2024\/08\/20240830-03mar2023-07a09-consultec_s-miguel-guapore-irene-mendes-6-1024x691.jpg\" alt=\"\" class=\"wp-image-15858\" width=\"524\" height=\"354\" srcset=\"http:\/\/www.emater.ro.gov.br\/ematerro\/wp-content\/uploads\/2024\/08\/20240830-03mar2023-07a09-consultec_s-miguel-guapore-irene-mendes-6-1024x691.jpg 1024w, http:\/\/www.emater.ro.gov.br\/ematerro\/wp-content\/uploads\/2024\/08\/20240830-03mar2023-07a09-consultec_s-miguel-guapore-irene-mendes-6-300x202.jpg 300w, http:\/\/www.emater.ro.gov.br\/ematerro\/wp-content\/uploads\/2024\/08\/20240830-03mar2023-07a09-consultec_s-miguel-guapore-irene-mendes-6-768x518.jpg 768w, http:\/\/www.emater.ro.gov.br\/ematerro\/wp-content\/uploads\/2024\/08\/20240830-03mar2023-07a09-consultec_s-miguel-guapore-irene-mendes-6.jpg 1482w\" sizes=\"(max-width: 524px) 100vw, 524px\" \/><figcaption class=\"wp-element-caption\"><sup><em><strong>Consultec-Leite visa o desenvolvimento e fortalecimento da cadeia produtiva do leite no estado<\/strong><\/em><\/sup><\/figcaption><\/figure><\/div>\n\n\n<p><strong>CAPACITA\u00c7\u00c3O E TECNOLOGIA<\/strong><br>Para chegar a esse patamar de qualidade, a Emater-RO investiu e continua investindo na for\u00e7a da capacidade humana. A acelera\u00e7\u00e3o na implanta\u00e7\u00e3o de tecnologia para vencer os desafios que foram se apresentando fortaleceu os la\u00e7os com a agricultura familiar sem perder a sua ess\u00eancia. Exemplo disso \u00e9 a Capacita\u00e7\u00e3o em Servi\u00e7os de Ater (Capes). \u201cA Capes oferece um sistema continuado de capacita\u00e7\u00e3o para t\u00e9cnicos e produtores, que podem participar de cursos, palestras, confer\u00eancias e reuni\u00f5es em um n\u00famero muito maior de pessoas com um custo log\u00edstico e financeiro mais reduzido\u201d, explica o diretor-presidente da Emater-RO, Luciano Brand\u00e3o.<\/p>\n\n\n\n<p>O Sistema de Gerenciamento de Ater (Sigater), utilizado pela Emater-RO para gerar e agilizar o acesso \u00e0s informa\u00e7\u00f5es sobre a agricultura familiar tamb\u00e9m tem sido exemplo de moderniza\u00e7\u00e3o nas atividades de assist\u00eancia t\u00e9cnica e extens\u00e3o rural (Ater). O Sigater \u00e9 um sistema de banco de dados que vem sendo consolidado no estado de Rond\u00f4nia e fora dele, com um atendimento r\u00e1pido e em tempo real, trazendo mais efic\u00e1cia nas informa\u00e7\u00f5es lan\u00e7adas. \u201cHoje esse sistema est\u00e1 sendo copiado por diversas emateres do pa\u00eds e j\u00e1 se pensa em uma consolida\u00e7\u00e3o atrav\u00e9s de um sistema \u00fanico de ater (Suater) capaz de reunir todas as informa\u00e7\u00f5es dos sistemas de todas as emateres do Brasil\u201d, conta Brand\u00e3o.<\/p>\n\n\n\n<p><strong>EXTENS\u00c3O RURAL 5.0<\/strong><br>O fortalecimento dos servi\u00e7os de assist\u00eancia t\u00e9cnica e extens\u00e3o rural tem levantado o desafio de consolidar o que se passou a chamar de agricultura 5.0, ou seja o desenvolvimento de processos que envolvem a utiliza\u00e7\u00e3o de ferramentas de intelig\u00eancia artificial e an\u00e1lise de dados di\u00e1rios. Os servi\u00e7os de assist\u00eancia t\u00e9cnica e extens\u00e3o rural tamb\u00e9m seguem por esse caminho e buscam na inova\u00e7\u00e3o tecnol\u00f3gica, investindo fortemente em projetos de ponta.<\/p>\n\n\n\n<p>A implanta\u00e7\u00e3o de programas como a Consultoria T\u00e9cnica em bovinocultura leiteira (Consultec-Leite), para desenvolvimento e fortalecimento da cadeia produtiva do leite no estado, tem se amparado na tecnologia para levar melhorias na qualidade de vida da fam\u00edlia rural, incentivando o aumento da produ\u00e7\u00e3o leiteira sem aumentar utilizada para a produ\u00e7\u00e3o e o n\u00famero de animais do rebanho.<\/p>\n\n\n\n<p>O programa Degusta Caf\u00e9 80+, incentiva produ\u00e7\u00e3o de caf\u00e9 com mais qualidade t\u00e9cnica e cultivos de gr\u00e3o que atinjam pontua\u00e7\u00e3o superior a 80, por meio de demonstra\u00e7\u00e3o de m\u00e9todos do perfil de torra dentro da propriedade da fam\u00edlia, para que ela possa conhecer melhor o seu caf\u00e9 e fazer os manejos necess\u00e1rios para qualificar a produ\u00e7\u00e3o e o produto final. Hoje, Rond\u00f4nia tem caf\u00e9 premiado em v\u00e1rias partes do pa\u00eds e por meio do programa, pretende-se fazer com que novos cafeicultores tamb\u00e9m possam alcan\u00e7ar a excel\u00eancia.<\/p>\n\n\n\n<p>Os produtores de peixe em cativeiro tamb\u00e9m ganharam um incentivo para melhorar a produtividade. Com programa Peixe Saud\u00e1vel, o laborat\u00f3rio m\u00f3vel vai at\u00e9 as propriedades piscicultoras e beneficia o produtor familiar barateando os custos das an\u00e1lises de \u00e1gua e do licenciamento ambiental para manter a qualidade e legalidade de suas atividades.<\/p>\n\n\n\n<p><strong>ASSIST\u00caNCIA T\u00c9CNICA E SUSTENTABILIDADE<\/strong><br>Pensando tamb\u00e9m na sustentabilidade, a Emater-RO trabalha o Programa de Regulariza\u00e7\u00e3o Ambiental (PRA), que \u00e9 uma iniciativa que visa regulamentar e recuperar \u00e1reas degradadas protegidas por lei, como as \u00c1reas de Preserva\u00e7\u00e3o Permanente (APP), Reservas Legais (RL) e \u00e1reas de Uso Restrito (UR). Atrav\u00e9s dos servi\u00e7os da Emater-RO, s\u00e3o priorizadas iniciativas de apoio aos agricultores familiares nos processos de adequa\u00e7\u00e3o ambiental dos im\u00f3veis rurais, incluindo nesse \u00e2mbito, tecnologias e pr\u00e1ticas de produ\u00e7\u00e3o sustent\u00e1veis nas \u00e1reas de uso alternativo do solo.<\/p>\n\n\n<div class=\"wp-block-image\">\n<figure class=\"alignleft size-large is-resized\"><img decoding=\"async\" loading=\"lazy\" src=\"http:\/\/www.emater.ro.gov.br\/ematerro\/wp-content\/uploads\/2024\/08\/20240830-premiacao-cafe_irene-mendes-1024x691.jpg\" alt=\"\" class=\"wp-image-15859\" width=\"585\" height=\"394\" srcset=\"http:\/\/www.emater.ro.gov.br\/ematerro\/wp-content\/uploads\/2024\/08\/20240830-premiacao-cafe_irene-mendes-1024x691.jpg 1024w, http:\/\/www.emater.ro.gov.br\/ematerro\/wp-content\/uploads\/2024\/08\/20240830-premiacao-cafe_irene-mendes-300x202.jpg 300w, http:\/\/www.emater.ro.gov.br\/ematerro\/wp-content\/uploads\/2024\/08\/20240830-premiacao-cafe_irene-mendes-768x518.jpg 768w, http:\/\/www.emater.ro.gov.br\/ematerro\/wp-content\/uploads\/2024\/08\/20240830-premiacao-cafe_irene-mendes-1536x1036.jpg 1536w, http:\/\/www.emater.ro.gov.br\/ematerro\/wp-content\/uploads\/2024\/08\/20240830-premiacao-cafe_irene-mendes.jpg 1580w\" sizes=\"(max-width: 585px) 100vw, 585px\" \/><figcaption class=\"wp-element-caption\"><em><strong><sup>Com a contribui\u00e7\u00e3o expressiva da Emater-RO, a produ\u00e7\u00e3o de Rond\u00f4nia ganhou proje\u00e7\u00e3o em n\u00edvel nacional<\/sup><\/strong><\/em><\/figcaption><\/figure><\/div>\n\n\n<p>Al\u00e9m desses programas, a Emater-RO vem consolidando suas a\u00e7\u00f5es de apoio ao agricultor familiar, atendendo suas demandas e priorizando produ\u00e7\u00f5es de qualidade e competitividade no mercado. Um desses incentivo est\u00e1 na cultura do cacau, cuja produ\u00e7\u00e3o foi resgatada pelo estado e hoje come\u00e7a a despontar entre os melhores cacaus dentro e fora do pa\u00eds.<\/p>\n\n\n\n<p><strong>DIVERSIDADE ECON\u00d4MICA E SOCIAL<\/strong><br>Outros programas tamb\u00e9m s\u00e3o priorizados visando o fortalecimento da agricultura familiar, com o objetivo de promover a diversidade econ\u00f4mica e contribuir em programas de visam minimizar os problemas sociais do pa\u00eds. O incentivo \u00e0 agroind\u00fastria, por exemplo, busca o crescimento econ\u00f4mico da fam\u00edlia rural por meio de beneficiamento e comercializa\u00e7\u00e3o de produtos de qualidade.<\/p>\n\n\n\n<p>O Programa Estadual de Aquisi\u00e7\u00e3o de Alimentos (PEAA) tem papel fundamental no combate a fome do pa\u00eds. Al\u00e9m de garantir a compra direta de produtos da agricultura familiar, o alimento arrecadado \u00e9 distribu\u00eddo \u00e0s fam\u00edlias de grande vulnerabilidade social.<\/p>\n\n\n\n<p>Para que tudo isso possa funcionar com efetividade, a Emater-RO contou com forte apoio do governo estadual, emendas parlamentares e parcerias. Nestes \u00faltimos dois anos, conseguiu reestruturar suas unidades operacionais, promover reformas e adquirir equipamentos para melhor atendimento \u00e0 fam\u00edlia rural, como drones, ve\u00edculos, tablets, Equipamentos de Prote\u00e7\u00e3o Individual (EPI\u2019s) entre outros, visando tanto o bem estar de seus colaboradores como um atendimento de qualidade \u00e0s fam\u00edlias no campo<\/p>\n\n\n\n<p>Para o governador Marcos Rocha, o papel que a Emater-RO desenvolve dentro do estado \u00e9 primordial para impulsionar o setor agropecu\u00e1rio. \u201cRond\u00f4nia tem um setor produtivo forte, com destaque em diversas \u00e1reas como o caf\u00e9, o cacau, a bovinocultura, a piscicultura, entre tantos outros, e com a Emater, temos potencial para avan\u00e7ar mais\u201d enfatizou o governador, parabenizando \u00e0 Emater-RO pela passagem do seu anivers\u00e1rio.<\/p>\n\n\n\n<p>Ao completar 53 anos no dia 31 de agosto de 2024, a Emater-RO cumpre o seu papel de excel\u00eancia nos servi\u00e7os de Ater, buscando a integra\u00e7\u00e3o, a tecnifica\u00e7\u00e3o e a modernidade dos fatores de produ\u00e7\u00e3o com o objetivo de promover o desenvolvimento humano, social e econ\u00f4mico sustent\u00e1vel.<\/p>\n\n\n\n<p class=\"has-text-align-right\"><em><strong><sup>Texto: Wania Ressutti<br>Jornalista \u2013 MTE-1744\/RO<br>Fotos: Irene Mendes<br>Rep\u00f3rter fotogr\u00e1fico \u2013 MTE-1337\/RO<br>EMATER-RO<\/sup><\/strong><\/em><\/p>\n","protected":false},"excerpt":{"rendered":"<p>Desde 31 de agosto de 1971, a Entidade Aut\u00e1rquica de Assist\u00eancia T\u00e9cnica e Extens\u00e3o Rural (Emater-RO) se dedica a promover o bem-estar econ\u00f4mico e social das fam\u00edlias que tiram seu [&hellip;]<\/p>\n","protected":false},"author":9,"featured_media":15863,"comment_status":"closed","ping_status":"closed","sticky":false,"template":"","format":"standard","meta":[],"categories":[10,9,12],"tags":[],"_links":{"self":[{"href":"http:\/\/www.emater.ro.gov.br\/ematerro\/wp-json\/wp\/v2\/posts\/15846"}],"collection":[{"href":"http:\/\/www.emater.ro.gov.br\/ematerro\/wp-json\/wp\/v2\/posts"}],"about":[{"href":"http:\/\/www.emater.ro.gov.br\/ematerro\/wp-json\/wp\/v2\/types\/post"}],"author":[{"embeddable":true,"href":"http:\/\/www.emater.ro.gov.br\/ematerro\/wp-json\/wp\/v2\/users\/9"}],"replies":[{"embeddable":true,"href":"http:\/\/www.emater.ro.gov.br\/ematerro\/wp-json\/wp\/v2\/comments?post=15846"}],"version-history":[{"count":6,"href":"http:\/\/www.emater.ro.gov.br\/ematerro\/wp-json\/wp\/v2\/posts\/15846\/revisions"}],"predecessor-version":[{"id":15864,"href":"http:\/\/www.emater.ro.gov.br\/ematerro\/wp-json\/wp\/v2\/posts\/15846\/revisions\/15864"}],"wp:featuredmedia":[{"embeddable":true,"href":"http:\/\/www.emater.ro.gov.br\/ematerro\/wp-json\/wp\/v2\/media\/15863"}],"wp:attachment":[{"href":"http:\/\/www.emater.ro.gov.br\/ematerro\/wp-json\/wp\/v2\/media?parent=15846"}],"wp:term":[{"taxonomy":"category","embeddable":true,"href":"http:\/\/www.emater.ro.gov.br\/ematerro\/wp-json\/wp\/v2\/categories?post=15846"},{"taxonomy":"post_tag","embeddable":true,"href":"http:\/\/www.emater.ro.gov.br\/ematerro\/wp-json\/wp\/v2\/tags?post=15846"}],"curies":[{"name":"wp","href":"https:\/\/api.w.org\/{rel}","templated":true}]}}