{"id":15833,"date":"2024-08-27T16:00:00","date_gmt":"2024-08-27T20:00:00","guid":{"rendered":"http:\/\/www.emater.ro.gov.br\/ematerro\/?p=15833"},"modified":"2024-08-27T12:18:37","modified_gmt":"2024-08-27T16:18:37","slug":"crise-hidrica-experiencia-de-rondonia-e-discutida-durante-encontro-10-anos-do-monitor-de-seca","status":"publish","type":"post","link":"http:\/\/www.emater.ro.gov.br\/ematerro\/2024\/08\/27\/crise-hidrica-experiencia-de-rondonia-e-discutida-durante-encontro-10-anos-do-monitor-de-seca\/","title":{"rendered":"Crise H\u00eddrica: experi\u00eancia de Rond\u00f4nia \u00e9 discutida durante Encontro 10 anos do Monitor de Seca"},"content":{"rendered":"<div class=\"wp-block-image\">\n<figure class=\"aligncenter size-large\"><img decoding=\"async\" loading=\"lazy\" width=\"1024\" height=\"691\" src=\"http:\/\/www.emater.ro.gov.br\/ematerro\/wp-content\/uploads\/2024\/08\/20240827-encontro-10-monitor-de-seca_arquivo-cledmar-carneiro-1-1024x691.jpg\" alt=\"\" class=\"wp-image-15835\" srcset=\"http:\/\/www.emater.ro.gov.br\/ematerro\/wp-content\/uploads\/2024\/08\/20240827-encontro-10-monitor-de-seca_arquivo-cledmar-carneiro-1-1024x691.jpg 1024w, http:\/\/www.emater.ro.gov.br\/ematerro\/wp-content\/uploads\/2024\/08\/20240827-encontro-10-monitor-de-seca_arquivo-cledmar-carneiro-1-300x203.jpg 300w, http:\/\/www.emater.ro.gov.br\/ematerro\/wp-content\/uploads\/2024\/08\/20240827-encontro-10-monitor-de-seca_arquivo-cledmar-carneiro-1-768x518.jpg 768w, http:\/\/www.emater.ro.gov.br\/ematerro\/wp-content\/uploads\/2024\/08\/20240827-encontro-10-monitor-de-seca_arquivo-cledmar-carneiro-1-1536x1037.jpg 1536w, http:\/\/www.emater.ro.gov.br\/ematerro\/wp-content\/uploads\/2024\/08\/20240827-encontro-10-monitor-de-seca_arquivo-cledmar-carneiro-1.jpg 1600w\" sizes=\"(max-width: 1024px) 100vw, 1024px\" \/><figcaption class=\"wp-element-caption\"><em><strong><sup>O programa Monitor de Secas \u00e9 um processo de acompanhamento regular e peri\u00f3dico da situa\u00e7\u00e3o da seca no Brasil<\/sup><\/strong><\/em><\/figcaption><\/figure><\/div>\n\n\n<p>Com a participa\u00e7\u00e3o de especialistas brasileiros e estrangeiros, o Programa Monitor de Secas, coordenado pela Ag\u00eancia Nacional de \u00c1guas e Saneamento B\u00e1sico (ANA), comemorou 10 anos de atividade e acompanhamento da situa\u00e7\u00e3o da seca no Brasil. Rond\u00f4nia teve participa\u00e7\u00e3o ativa no evento, levando sua experi\u00eancia com a rede de observa\u00e7\u00e3o de impactos e as pol\u00edticas p\u00fablicas para minimiza\u00e7\u00e3o da crise h\u00eddrica que hoje \u00e9 grande preocupa\u00e7\u00e3o em todo o pa\u00eds. O evento foi realizado nos dias 21 e 22 de agosto, em Fortaleza-CE, em parceria com a Funda\u00e7\u00e3o Cearense de Meteorologia e Recursos H\u00eddricos (Funceme).<\/p>\n\n\n<div class=\"wp-block-image\">\n<figure class=\"alignright size-large is-resized\"><img decoding=\"async\" loading=\"lazy\" src=\"http:\/\/www.emater.ro.gov.br\/ematerro\/wp-content\/uploads\/2024\/08\/20240827-08ago2024-22-pluviometro_alessandro-pedrali-2-691x1024.jpg\" alt=\"\" class=\"wp-image-15834\" width=\"316\" height=\"468\" srcset=\"http:\/\/www.emater.ro.gov.br\/ematerro\/wp-content\/uploads\/2024\/08\/20240827-08ago2024-22-pluviometro_alessandro-pedrali-2-691x1024.jpg 691w, http:\/\/www.emater.ro.gov.br\/ematerro\/wp-content\/uploads\/2024\/08\/20240827-08ago2024-22-pluviometro_alessandro-pedrali-2-203x300.jpg 203w, http:\/\/www.emater.ro.gov.br\/ematerro\/wp-content\/uploads\/2024\/08\/20240827-08ago2024-22-pluviometro_alessandro-pedrali-2-768x1137.jpg 768w, http:\/\/www.emater.ro.gov.br\/ematerro\/wp-content\/uploads\/2024\/08\/20240827-08ago2024-22-pluviometro_alessandro-pedrali-2.jpg 900w\" sizes=\"(max-width: 316px) 100vw, 316px\" \/><figcaption class=\"wp-element-caption\"><strong><em><sup>Pluvi\u00f4metros para verifica\u00e7\u00e3o precisa de quantidade e da distribui\u00e7\u00e3o das chuvas<\/sup><\/em><\/strong><\/figcaption><\/figure><\/div>\n\n\n<p>Nos \u00faltimos 30 anos, o Brasil perdeu 15,7% de sua superf\u00edcie de \u00e1gua. Quem aponta esse dado \u00e9 a pesquisa realizada pelo Sistema de Estimativas de Emiss\u00f5es de Gases de Efeito Estufa do Observat\u00f3rio do Clima (SEEG\/OC) que, desde 1991, vem acompanhando a perda florestal e h\u00eddrica no pa\u00eds. \u00c9 uma situa\u00e7\u00e3o preocupante para um pa\u00eds reconhecido como o de maior disponibilidade h\u00eddrica do mundo, com 12% da \u00e1gua doce do planeta.<\/p>\n\n\n\n<p>O programa Monitor de Secas \u00e9 um processo de acompanhamento regular e peri\u00f3dico da situa\u00e7\u00e3o da seca no Brasil. Surgiu em 2014, a partir da grande seca que assolava o Nordeste, na \u00e9poca e que era apontada como a mais grave dos \u00faltimos 100 anos. De l\u00e1 para c\u00e1, o programa vem realizando levantamento de dados cujos resultados consolidados s\u00e3o divulgados por meio do Mapa do Monitor de Secas.<\/p>\n\n\n\n<p><strong>REDE DE OBSERVA\u00c7\u00c3O<\/strong><br>A participa\u00e7\u00e3o de Rond\u00f4nia no Encontro10 anos do Monitor de Seca, se d\u00e1 com a Entidade Aut\u00e1rquica de Assist\u00eancia T\u00e9cnica e Extens\u00e3o Rural (Emater-RO), que tem o extensionista Cledmar Carneiro atuante na Rede de Observa\u00e7\u00e3o de Impactos em Apoio \u00e0 Valida\u00e7\u00e3o dos mapas mensais do Monitor de Secas. Luciano Brand\u00e3o, diretor-presidente da Emater-RO conta que a autarquia recebeu, a t\u00edtulo de doa\u00e7\u00e3o pela Associa\u00e7\u00e3o Brasileira dos Produtores de Soja (Aprosoja), cem pluvi\u00f4metros que foram instalados nos escrit\u00f3rios da entidade e em algumas propriedades rurais assistidas para verifica\u00e7\u00e3o precisa de quantidade e da distribui\u00e7\u00e3o das chuvas no estado. \u201cOs dados s\u00e3o coletados e lan\u00e7ados numa plataforma digital, onde s\u00e3o tratados para compor o mapa do Monitor de Seca, integrando Rond\u00f4nia no mais importante banco de dados sobre pluviosidade\u201d, disse Luciano Brand\u00e3o.<\/p>\n\n\n\n<p>Durante o Encontro 10 anos do Monitor de Seca, o extensionista Carneiro, que \u00e9 engenheiro agr\u00f4nomo, levou as experi\u00eancias de Rond\u00f4nia para minimiza\u00e7\u00e3o da crise h\u00eddrica e, em palestra proferida no evento, enfatizou a import\u00e2ncia dos dados meteorol\u00f3gicos para a agricultura, bem como o planejamento, acompanhamento e obedi\u00eancia as leis da natureza. \u201cCom esses dados meteorol\u00f3gicos vai ser poss\u00edvel o estudo da evapotranspira\u00e7\u00e3o das plantas, determinar a umidade do solo, realizar o estudo ponto de murcha, para com isso evitar a perda da produ\u00e7\u00e3o e a oferta de produto ao consumidor, explica o extensionista.\u201d.<\/p>\n\n\n<div class=\"wp-block-image\">\n<figure class=\"alignleft size-large is-resized\"><img decoding=\"async\" loading=\"lazy\" src=\"http:\/\/www.emater.ro.gov.br\/ematerro\/wp-content\/uploads\/2024\/08\/20240827-pluviometro-nicolly-galvao-1024x691.jpg\" alt=\"\" class=\"wp-image-15837\" width=\"399\" height=\"268\" srcset=\"http:\/\/www.emater.ro.gov.br\/ematerro\/wp-content\/uploads\/2024\/08\/20240827-pluviometro-nicolly-galvao-1024x691.jpg 1024w, http:\/\/www.emater.ro.gov.br\/ematerro\/wp-content\/uploads\/2024\/08\/20240827-pluviometro-nicolly-galvao-300x202.jpg 300w, http:\/\/www.emater.ro.gov.br\/ematerro\/wp-content\/uploads\/2024\/08\/20240827-pluviometro-nicolly-galvao-768x518.jpg 768w, http:\/\/www.emater.ro.gov.br\/ematerro\/wp-content\/uploads\/2024\/08\/20240827-pluviometro-nicolly-galvao.jpg 1510w\" sizes=\"(max-width: 399px) 100vw, 399px\" \/><figcaption class=\"wp-element-caption\"><em><strong><sup>Foram instalados cem pluvi\u00f4metros em Rond\u00f4nia pela Emater-RO<\/sup><\/strong><\/em><\/figcaption><\/figure><\/div>\n\n\n<p><strong>CRISE H\u00cdDRICA EM ROND\u00d4NIA<\/strong><br>A gravidade da crise h\u00eddrica na regi\u00e3o Norte vem preocupando o governo estadual que n\u00e3o tem medido esfor\u00e7os para promover a sensibiliza\u00e7\u00e3o e a educa\u00e7\u00e3o na preserva\u00e7\u00e3o dos recursos h\u00eddricos tanto na agricultura, com aprimoramento dos servi\u00e7os de assist\u00eancia t\u00e9cnica e extens\u00e3o rural, como para a sociedade em geral, atrav\u00e9s de campanhas de conscientiza\u00e7\u00e3o e da educa\u00e7\u00e3o nas escolas. Recentemente, o governador Marcos Rocha declarou <a rel=\"noreferrer noopener\" href=\"http:\/\/ditel.casacivil.ro.gov.br\/COTEL\/Livros\/Files\/D29252.pdf\" target=\"_blank\">situa\u00e7\u00e3o de emerg\u00eancia estadual<\/a> em virtude de estiagem autorizando a mobiliza\u00e7\u00e3o de todos os \u00f3rg\u00e3os estaduais para atuarem sob a coordena\u00e7\u00e3o do <a href=\"https:\/\/leisestaduais.com.br\/ro\/decreto-n-28613-2023-rondonia-institui-o-comite-de-crise-hidrica-no-ambito-do-estado-de-rondonia\" target=\"_blank\" rel=\"noreferrer noopener\">Comit\u00ea de Crise H\u00eddrica<\/a>. \u2018\u2018O Governo de Rond\u00f4nia est\u00e1 adotando as medidas necess\u00e1rias para mitiga\u00e7\u00e3o da estiagem no Estado de Rond\u00f4nia. Estamos enfrentando essa crise h\u00eddrica com responsabilidade, pensando em proteger o bem-estar da nossa popula\u00e7\u00e3o e tamb\u00e9m o desenvolvimento do nosso estado\u2019\u2019, afirmou o governador.<\/p>\n\n\n\n<p>O Encontro que marca os 10 anos de monitoramento da seca atrav\u00e9s do programa tamb\u00e9m serviu para discutir o futuro dessa iniciativa com \u00f3rg\u00e3os e institui\u00e7\u00f5es p\u00fablicas, como o Minist\u00e9rio da Integra\u00e7\u00e3o e do Desenvolvimento Regional (MIDR), e ag\u00eancias, secretarias e especiais, funda\u00e7\u00f5es e entidades ligadas ao segmento que, junto com especialistas brasileiros e estrangeiros debateram as a\u00e7\u00f5es realizadas nessa primeira d\u00e9cada, o alinhamento das a\u00e7\u00f5es junto \u00e0s mais de 60 institui\u00e7\u00f5es federais, estaduais e distrital integrantes e novas perspectivas, como a expans\u00e3o do trabalho para a Am\u00e9rica do Sul.<\/p>\n\n\n\n<p class=\"has-text-align-right has-text-color\" style=\"color:#18460b\"><em><strong><sup>Texto: Wania Ressutti<br>Jornalista \u2013 MTE-1744\/RO<br>Fotos: Alessandro Pedrali e arquivo Cledmar Carneiro<br>EMATER-RO<\/sup><\/strong><\/em><\/p>\n","protected":false},"excerpt":{"rendered":"<p>Com a participa\u00e7\u00e3o de especialistas brasileiros e estrangeiros, o Programa Monitor de Secas, coordenado pela Ag\u00eancia Nacional de \u00c1guas e Saneamento B\u00e1sico (ANA), comemorou 10 anos de atividade e acompanhamento [&hellip;]<\/p>\n","protected":false},"author":9,"featured_media":15836,"comment_status":"closed","ping_status":"closed","sticky":false,"template":"","format":"standard","meta":[],"categories":[10,9,12],"tags":[],"_links":{"self":[{"href":"http:\/\/www.emater.ro.gov.br\/ematerro\/wp-json\/wp\/v2\/posts\/15833"}],"collection":[{"href":"http:\/\/www.emater.ro.gov.br\/ematerro\/wp-json\/wp\/v2\/posts"}],"about":[{"href":"http:\/\/www.emater.ro.gov.br\/ematerro\/wp-json\/wp\/v2\/types\/post"}],"author":[{"embeddable":true,"href":"http:\/\/www.emater.ro.gov.br\/ematerro\/wp-json\/wp\/v2\/users\/9"}],"replies":[{"embeddable":true,"href":"http:\/\/www.emater.ro.gov.br\/ematerro\/wp-json\/wp\/v2\/comments?post=15833"}],"version-history":[{"count":6,"href":"http:\/\/www.emater.ro.gov.br\/ematerro\/wp-json\/wp\/v2\/posts\/15833\/revisions"}],"predecessor-version":[{"id":15843,"href":"http:\/\/www.emater.ro.gov.br\/ematerro\/wp-json\/wp\/v2\/posts\/15833\/revisions\/15843"}],"wp:featuredmedia":[{"embeddable":true,"href":"http:\/\/www.emater.ro.gov.br\/ematerro\/wp-json\/wp\/v2\/media\/15836"}],"wp:attachment":[{"href":"http:\/\/www.emater.ro.gov.br\/ematerro\/wp-json\/wp\/v2\/media?parent=15833"}],"wp:term":[{"taxonomy":"category","embeddable":true,"href":"http:\/\/www.emater.ro.gov.br\/ematerro\/wp-json\/wp\/v2\/categories?post=15833"},{"taxonomy":"post_tag","embeddable":true,"href":"http:\/\/www.emater.ro.gov.br\/ematerro\/wp-json\/wp\/v2\/tags?post=15833"}],"curies":[{"name":"wp","href":"https:\/\/api.w.org\/{rel}","templated":true}]}}