{"id":15814,"date":"2024-08-26T08:00:17","date_gmt":"2024-08-26T12:00:17","guid":{"rendered":"http:\/\/www.emater.ro.gov.br\/ematerro\/?p=15814"},"modified":"2024-09-10T09:30:21","modified_gmt":"2024-09-10T13:30:21","slug":"enfrentando-a-crise-hidrica-emater-ro-capacita-produtores-de-leite-para-enfrentar-estiagem-com-subprodutos-da-mandioca-na-alimentacao-de-bovinos","status":"publish","type":"post","link":"http:\/\/www.emater.ro.gov.br\/ematerro\/2024\/08\/26\/enfrentando-a-crise-hidrica-emater-ro-capacita-produtores-de-leite-para-enfrentar-estiagem-com-subprodutos-da-mandioca-na-alimentacao-de-bovinos\/","title":{"rendered":"Enfrentando a Crise H\u00eddrica: Emater-RO Capacita Produtores de Leite para enfrentar Estiagem com Subprodutos da Mandioca na Alimenta\u00e7\u00e3o de Bovinos"},"content":{"rendered":"\n<p><\/p>\n\n\n\n<p>Produtores de leite na comunidade Morrinhos e proximidades do assentamento Joana D\u2019darc, participaram de uma capacita\u00e7\u00e3o com demonstra\u00e7\u00e3o pr\u00e1tica do uso da casca e ramas de mandioca para alimenta\u00e7\u00e3o das vacas leiteiras. A atividade t\u00e9cnica educativa, ajuda as fam\u00edlias na alimenta\u00e7\u00e3o dos animais, e a continuar na atividade leiteira neste per\u00edodo de escassez de pastagem por causa da estiagem severa, ou de seca extrema, como t\u00eam afirmado os meteorologistas e ambientalistas.<\/p>\n\n\n\n<figure class=\"wp-block-image size-full\"><img decoding=\"async\" loading=\"lazy\" width=\"1000\" height=\"675\" src=\"http:\/\/www.emater.ro.gov.br\/ematerro\/wp-content\/uploads\/2024\/08\/20240826-orientacao-uso-da-mandioca-irene-mendes-agosto-2024.jpg\" alt=\"\" class=\"wp-image-15815\" srcset=\"http:\/\/www.emater.ro.gov.br\/ematerro\/wp-content\/uploads\/2024\/08\/20240826-orientacao-uso-da-mandioca-irene-mendes-agosto-2024.jpg 1000w, http:\/\/www.emater.ro.gov.br\/ematerro\/wp-content\/uploads\/2024\/08\/20240826-orientacao-uso-da-mandioca-irene-mendes-agosto-2024-300x203.jpg 300w, http:\/\/www.emater.ro.gov.br\/ematerro\/wp-content\/uploads\/2024\/08\/20240826-orientacao-uso-da-mandioca-irene-mendes-agosto-2024-768x518.jpg 768w\" sizes=\"(max-width: 1000px) 100vw, 1000px\" \/><figcaption class=\"wp-element-caption\"><em>Capacita\u00e7\u00e3o contou com demonstra\u00e7\u00e3o pr\u00e1tica do uso da casca e ramas de mandioca para alimenta\u00e7\u00e3o das vacas leiteiras<\/em><\/figcaption><\/figure>\n\n\n\n<p>Este trabalho \u00e9 parte das a\u00e7\u00f5es do projeto Consultec, concebido pelo governo de Rond\u00f4nia para apoiar o desenvolvimento da pecu\u00e1ria leiteira, e executado pela Entidade Aut\u00e1rquica de Assist\u00eancia T\u00e9cnica e Extens\u00e3o Rural de Rond\u00f4nia (Emater-RO). O Consultec \u00e9 uma consultoria t\u00e9cnica desenvolvida por especialistas que atuam diretamente na assist\u00eancia t\u00e9cnica \u00e0s fam\u00edlias produtoras de leite, orientando os produtores em pr\u00e1ticas que resultem em melhorias da produtividade e na redu\u00e7\u00e3o dos custos de produ\u00e7\u00e3o.<\/p>\n\n\n\n<p>O extensionista Emater-RO) Jose Renato Alves, respons\u00e1vel pelo projeto Consultec, no escrit\u00f3rio local da Emater-RO em Porto Velho, \u00e9 Zootecnista e mestre em bovinocultura leiteira, que tem se dedicado a orientar os agricultores familiares a solucionar problema da falta de pastagem para a alimenta\u00e7\u00e3o do rebanho, utilizando t\u00e9cnicas para aproveitamento de res\u00edduos, muitas vezes desperdi\u00e7ado, nas propriedades destes mesmos agricultores, e tamb\u00e9m nas pequenas fabricas de farinha de mandioca da regi\u00e3o.<\/p>\n\n\n<div class=\"wp-block-image\">\n<figure class=\"alignleft size-full is-resized\"><img decoding=\"async\" loading=\"lazy\" src=\"http:\/\/www.emater.ro.gov.br\/ematerro\/wp-content\/uploads\/2024\/08\/20240826-mandioca-irene-mendes-agosto-de-2024.jpg\" alt=\"\" class=\"wp-image-15816\" width=\"435\" height=\"294\" srcset=\"http:\/\/www.emater.ro.gov.br\/ematerro\/wp-content\/uploads\/2024\/08\/20240826-mandioca-irene-mendes-agosto-de-2024.jpg 1000w, http:\/\/www.emater.ro.gov.br\/ematerro\/wp-content\/uploads\/2024\/08\/20240826-mandioca-irene-mendes-agosto-de-2024-300x203.jpg 300w, http:\/\/www.emater.ro.gov.br\/ematerro\/wp-content\/uploads\/2024\/08\/20240826-mandioca-irene-mendes-agosto-de-2024-768x518.jpg 768w\" sizes=\"(max-width: 435px) 100vw, 435px\" \/><figcaption class=\"wp-element-caption\">Res\u00edduos de mandioca pode substituir at\u00e9 70% do milho usado na ra\u00e7\u00e3o<\/figcaption><\/figure><\/div>\n\n\n<p>O casal Camile e Jose de Lima s\u00e3o produtores de leite no Rancho CZ na estrada do Assentamento Joana D\u2019arc, munic\u00edpio de Porto Velho, eles estavam com muita dificuldade para continuar produzindo seus queijos, principal atividade econ\u00f4mica da fam\u00edlia, mas depois que aprenderam a processar os res\u00edduos da mandioca, que desidratam e trituram, produzindo uma farelada que fornecem no cocho para as vacas, os animais responderam com mais vigor e produ\u00e7\u00e3o de leite, aumentando a produ\u00e7\u00e3o em mais de 30%, passando de uma produ\u00e7\u00e3o de 60 para 80 litros de leite dia, depois que passaram a fornecer a forragem de mandioca no cocho, disse o produtor.<\/p>\n\n\n\n<p>A parte a\u00e9rea da planta de mandioca, chamada de maniva, ou simplesmente de ramas, se constituem em excelente alimento para o rebanho leiteiro, desde que processado adequadamente na forma de feno, silagem ou mesmo no fornecimento in natura, garante o especialista. A mandioca e seus subprodutos podem substituir at\u00e9 70% do milho utilizado na alimenta\u00e7\u00e3o dos animais, por ser um alimento essencialmente energ\u00e9tico, mas que pode ser muito rico em prote\u00edna, pois suas folhas podem alcan\u00e7ar at\u00e9 28% de prote\u00edna diz o t\u00e9cnico, mas em geral apresenta um teor de prote\u00edna de 15 a 20%.<\/p>\n\n\n\n<p class=\"has-text-align-right\">Texto: Enoque de Oliveira<br>Fotos: Irene Mendes<\/p>\n","protected":false},"excerpt":{"rendered":"<p>Produtores de leite na comunidade Morrinhos e proximidades do assentamento Joana D\u2019darc, participaram de uma capacita\u00e7\u00e3o com demonstra\u00e7\u00e3o pr\u00e1tica do uso da casca e ramas de mandioca para alimenta\u00e7\u00e3o das [&hellip;]<\/p>\n","protected":false},"author":8,"featured_media":15817,"comment_status":"closed","ping_status":"closed","sticky":false,"template":"","format":"standard","meta":[],"categories":[10,9,12],"tags":[],"_links":{"self":[{"href":"http:\/\/www.emater.ro.gov.br\/ematerro\/wp-json\/wp\/v2\/posts\/15814"}],"collection":[{"href":"http:\/\/www.emater.ro.gov.br\/ematerro\/wp-json\/wp\/v2\/posts"}],"about":[{"href":"http:\/\/www.emater.ro.gov.br\/ematerro\/wp-json\/wp\/v2\/types\/post"}],"author":[{"embeddable":true,"href":"http:\/\/www.emater.ro.gov.br\/ematerro\/wp-json\/wp\/v2\/users\/8"}],"replies":[{"embeddable":true,"href":"http:\/\/www.emater.ro.gov.br\/ematerro\/wp-json\/wp\/v2\/comments?post=15814"}],"version-history":[{"count":4,"href":"http:\/\/www.emater.ro.gov.br\/ematerro\/wp-json\/wp\/v2\/posts\/15814\/revisions"}],"predecessor-version":[{"id":15821,"href":"http:\/\/www.emater.ro.gov.br\/ematerro\/wp-json\/wp\/v2\/posts\/15814\/revisions\/15821"}],"wp:featuredmedia":[{"embeddable":true,"href":"http:\/\/www.emater.ro.gov.br\/ematerro\/wp-json\/wp\/v2\/media\/15817"}],"wp:attachment":[{"href":"http:\/\/www.emater.ro.gov.br\/ematerro\/wp-json\/wp\/v2\/media?parent=15814"}],"wp:term":[{"taxonomy":"category","embeddable":true,"href":"http:\/\/www.emater.ro.gov.br\/ematerro\/wp-json\/wp\/v2\/categories?post=15814"},{"taxonomy":"post_tag","embeddable":true,"href":"http:\/\/www.emater.ro.gov.br\/ematerro\/wp-json\/wp\/v2\/tags?post=15814"}],"curies":[{"name":"wp","href":"https:\/\/api.w.org\/{rel}","templated":true}]}}