{"id":15781,"date":"2024-08-16T16:00:00","date_gmt":"2024-08-16T20:00:00","guid":{"rendered":"http:\/\/www.emater.ro.gov.br\/ematerro\/?p=15781"},"modified":"2024-08-16T11:01:43","modified_gmt":"2024-08-16T15:01:43","slug":"curso-de-panificacao-fortalece-empreendedorismo-na-comunidade-indigena-de-sao-miguel-do-guapore","status":"publish","type":"post","link":"http:\/\/www.emater.ro.gov.br\/ematerro\/2024\/08\/16\/curso-de-panificacao-fortalece-empreendedorismo-na-comunidade-indigena-de-sao-miguel-do-guapore\/","title":{"rendered":"Curso de panifica\u00e7\u00e3o fortalece empreendedorismo na comunidade ind\u00edgena de S\u00e3o Miguel do Guapor\u00e9"},"content":{"rendered":"<div class=\"wp-block-image\">\n<figure class=\"aligncenter size-large\"><img decoding=\"async\" loading=\"lazy\" width=\"1024\" height=\"691\" src=\"http:\/\/www.emater.ro.gov.br\/ematerro\/wp-content\/uploads\/2024\/08\/20240816-11nov2006-24-panificacao_irene-mendes-2-1024x691.jpg\" alt=\"\" class=\"wp-image-15787\" srcset=\"http:\/\/www.emater.ro.gov.br\/ematerro\/wp-content\/uploads\/2024\/08\/20240816-11nov2006-24-panificacao_irene-mendes-2-1024x691.jpg 1024w, http:\/\/www.emater.ro.gov.br\/ematerro\/wp-content\/uploads\/2024\/08\/20240816-11nov2006-24-panificacao_irene-mendes-2-300x203.jpg 300w, http:\/\/www.emater.ro.gov.br\/ematerro\/wp-content\/uploads\/2024\/08\/20240816-11nov2006-24-panificacao_irene-mendes-2-768x518.jpg 768w, http:\/\/www.emater.ro.gov.br\/ematerro\/wp-content\/uploads\/2024\/08\/20240816-11nov2006-24-panificacao_irene-mendes-2-1536x1037.jpg 1536w, http:\/\/www.emater.ro.gov.br\/ematerro\/wp-content\/uploads\/2024\/08\/20240816-11nov2006-24-panificacao_irene-mendes-2.jpg 1600w\" sizes=\"(max-width: 1024px) 100vw, 1024px\" \/><figcaption class=\"wp-element-caption\"><strong><em><sup>O curso de panifica\u00e7\u00e3o \u00e9 uma ferramenta para a emancipa\u00e7\u00e3o econ\u00f4mica e cultural das comunidade ind\u00edgena.<\/sup><\/em><\/strong><\/figcaption><\/figure><\/div>\n\n\n<p>Incentivar a produ\u00e7\u00e3o agr\u00edcola, gerar renda e promover o desenvolvimento sustent\u00e1vel em terras ind\u00edgenas tamb\u00e9m fazem parte da pol\u00edtica p\u00fablica de assist\u00eancia t\u00e9cnica e extens\u00e3o rural (Ater) que o governo estadual viabiliza para os povos que nelas habitam. Por meio do projeto Ater ind\u00edgena, a comunidade recebe apoio com o objetivo de atender as demandas e resgatar seus costumes e culturas, ao mesmo tempo em que oferece alternativas para um desenvolvimento rural sustent\u00e1vel. A capacita\u00e7\u00e3o em panifica\u00e7\u00e3o, al\u00e9m de incentivar a autonomia aos povos ind\u00edgenas, abre novos caminhos para o sustento familiar e promove o desenvolvimento local de maneira inclusiva e sustent\u00e1vel.<\/p>\n\n\n\n<p>O projeto Ater ind\u00edgena, executado pela Entidade Aut\u00e1rquica de Assist\u00eancia T\u00e9cnica e Extens\u00e3o Rural (Emater-RO), traz uma nova perspectiva para os povos ind\u00edgenas fortalecendo suas comunidades por meio de incentivo ao empreendedorismo e gera\u00e7\u00e3o de renda para sua fam\u00edlia. O curso de panifica\u00e7\u00e3o, realizado de 14 a 16 de agosto, na Aldeia Trindade, em S\u00e3o Miguel do Guapor\u00e9, capacitou 20 membros das comunidades ind\u00edgenas Tupari, Kamp\u00e9 e Acap\u00e9.<\/p>\n\n\n<div class=\"wp-block-image\">\n<figure class=\"alignleft size-large is-resized\"><img decoding=\"async\" loading=\"lazy\" src=\"http:\/\/www.emater.ro.gov.br\/ematerro\/wp-content\/uploads\/2024\/08\/20240816-08ago2024-14a16-curso-panificacao_vale-do-guapore_tatiane-ribeiro-2-1024x691.jpg\" alt=\"\" class=\"wp-image-15783\" width=\"392\" height=\"264\" srcset=\"http:\/\/www.emater.ro.gov.br\/ematerro\/wp-content\/uploads\/2024\/08\/20240816-08ago2024-14a16-curso-panificacao_vale-do-guapore_tatiane-ribeiro-2-1024x691.jpg 1024w, http:\/\/www.emater.ro.gov.br\/ematerro\/wp-content\/uploads\/2024\/08\/20240816-08ago2024-14a16-curso-panificacao_vale-do-guapore_tatiane-ribeiro-2-300x203.jpg 300w, http:\/\/www.emater.ro.gov.br\/ematerro\/wp-content\/uploads\/2024\/08\/20240816-08ago2024-14a16-curso-panificacao_vale-do-guapore_tatiane-ribeiro-2-768x518.jpg 768w, http:\/\/www.emater.ro.gov.br\/ematerro\/wp-content\/uploads\/2024\/08\/20240816-08ago2024-14a16-curso-panificacao_vale-do-guapore_tatiane-ribeiro-2-1536x1037.jpg 1536w, http:\/\/www.emater.ro.gov.br\/ematerro\/wp-content\/uploads\/2024\/08\/20240816-08ago2024-14a16-curso-panificacao_vale-do-guapore_tatiane-ribeiro-2.jpg 1600w\" sizes=\"(max-width: 392px) 100vw, 392px\" \/><figcaption class=\"wp-element-caption\"><em><strong><sup>Empreendedorismo e gera\u00e7\u00e3o de renda para a fam\u00edlia ind\u00edgena.<\/sup><\/strong><\/em><\/figcaption><\/figure><\/div>\n\n\n<p>Para a gerente regional da Emater-RO no territ\u00f3rio Vale do Guapor\u00e9, esse curso foi um marco para aquela comunidade, pois mais que uma capacita\u00e7\u00e3o t\u00e9cnica, o curso \u00e9 uma ferramenta para a emancipa\u00e7\u00e3o econ\u00f4mica e cultural dos participantes. \u201cAtrav\u00e9s da panifica\u00e7\u00e3o, eles n\u00e3o apenas aprendem uma nova habilidade, mas tamb\u00e9m refor\u00e7am sua identidade e tradi\u00e7\u00e3o, promovendo o desenvolvimento sustent\u00e1vel da comunidade&#8221;, explica Jaqueline.<\/p>\n\n\n\n<p>O diretor-presidente da Emater-RO, Luciano Brand\u00e3o, destaca que as comunidades ind\u00edgenas v\u00eam se destacando na produ\u00e7\u00e3o sustent\u00e1vel, produzindo castanha, caf\u00e9 e buscando cada vez mais novos empreendimentos e n\u00f3s, enquanto governo, intensificamos a assist\u00eancia t\u00e9cnica oficial, garantindo acesso \u00e0s pol\u00edticas p\u00fablicas do estado. \u201c\u00c9 um incentivo que n\u00e3o traz apenas conhecimento, mas aprimora as habilidades dos participantes e lhes abre novas possibilidades para o desenvolvimento econ\u00f4mico da comunidade, que poder\u00e1 produzir e comercializar seus pr\u00f3prios produtos\u201d, diz Brand\u00e3o.<\/p>\n\n\n\n<p>Para o governador Marcos Rocha \u00e9 importante enfatizar o impacto positivo que as capacita\u00e7\u00f5es de Ater promovem na preserva\u00e7\u00e3o cultura, permitindo que os conhecimentos adquiridos possam ser repassados entres as gera\u00e7\u00f5es e fortalecer a identidade daquela comunidade. \u201cEssa capacita\u00e7\u00e3o realizada pela Emater \u00e9 um exemplo de como a assist\u00eancia t\u00e9cnica e extens\u00e3o rural pode ser adaptada para atender as necessidades espec\u00edficas das comunidades ind\u00edgenas, promovendo o desenvolvimento local de maneira inclusiva e sustent\u00e1vel\u201d, finaliza o governador.<\/p>\n\n\n\n<p class=\"has-text-align-right\"><em><strong><sup>Texto: Wania Ressutti<br>Jornalista \u2013 MTE-1744\/RO<br>Fotos: Irene Mendes e Tatiane Ribeiro<br>EMATER-RO<\/sup><\/strong><\/em><\/p>\n","protected":false},"excerpt":{"rendered":"<p>Incentivar a produ\u00e7\u00e3o agr\u00edcola, gerar renda e promover o desenvolvimento sustent\u00e1vel em terras ind\u00edgenas tamb\u00e9m fazem parte da pol\u00edtica p\u00fablica de assist\u00eancia t\u00e9cnica e extens\u00e3o rural (Ater) que o governo [&hellip;]<\/p>\n","protected":false},"author":9,"featured_media":15784,"comment_status":"closed","ping_status":"closed","sticky":false,"template":"","format":"standard","meta":[],"categories":[10,9,12],"tags":[],"_links":{"self":[{"href":"http:\/\/www.emater.ro.gov.br\/ematerro\/wp-json\/wp\/v2\/posts\/15781"}],"collection":[{"href":"http:\/\/www.emater.ro.gov.br\/ematerro\/wp-json\/wp\/v2\/posts"}],"about":[{"href":"http:\/\/www.emater.ro.gov.br\/ematerro\/wp-json\/wp\/v2\/types\/post"}],"author":[{"embeddable":true,"href":"http:\/\/www.emater.ro.gov.br\/ematerro\/wp-json\/wp\/v2\/users\/9"}],"replies":[{"embeddable":true,"href":"http:\/\/www.emater.ro.gov.br\/ematerro\/wp-json\/wp\/v2\/comments?post=15781"}],"version-history":[{"count":4,"href":"http:\/\/www.emater.ro.gov.br\/ematerro\/wp-json\/wp\/v2\/posts\/15781\/revisions"}],"predecessor-version":[{"id":15789,"href":"http:\/\/www.emater.ro.gov.br\/ematerro\/wp-json\/wp\/v2\/posts\/15781\/revisions\/15789"}],"wp:featuredmedia":[{"embeddable":true,"href":"http:\/\/www.emater.ro.gov.br\/ematerro\/wp-json\/wp\/v2\/media\/15784"}],"wp:attachment":[{"href":"http:\/\/www.emater.ro.gov.br\/ematerro\/wp-json\/wp\/v2\/media?parent=15781"}],"wp:term":[{"taxonomy":"category","embeddable":true,"href":"http:\/\/www.emater.ro.gov.br\/ematerro\/wp-json\/wp\/v2\/categories?post=15781"},{"taxonomy":"post_tag","embeddable":true,"href":"http:\/\/www.emater.ro.gov.br\/ematerro\/wp-json\/wp\/v2\/tags?post=15781"}],"curies":[{"name":"wp","href":"https:\/\/api.w.org\/{rel}","templated":true}]}}