{"id":15761,"date":"2024-08-14T07:00:00","date_gmt":"2024-08-14T11:00:00","guid":{"rendered":"http:\/\/www.emater.ro.gov.br\/ematerro\/?p=15761"},"modified":"2024-08-14T07:47:49","modified_gmt":"2024-08-14T11:47:49","slug":"cadastro-da-agricultura-familiar-garante-acesso-as-politicas-publicas-de-desenvolvimento-sustentavel-e-fortalece-comunidades-quilombolas","status":"publish","type":"post","link":"http:\/\/www.emater.ro.gov.br\/ematerro\/2024\/08\/14\/cadastro-da-agricultura-familiar-garante-acesso-as-politicas-publicas-de-desenvolvimento-sustentavel-e-fortalece-comunidades-quilombolas\/","title":{"rendered":"Cadastro da Agricultura Familiar garante acesso \u00e0s pol\u00edticas p\u00fablicas de desenvolvimento sustent\u00e1vel e fortalece comunidades quilombolas"},"content":{"rendered":"<div class=\"wp-block-image\">\n<figure class=\"aligncenter size-large\"><img decoding=\"async\" loading=\"lazy\" width=\"1024\" height=\"691\" src=\"http:\/\/www.emater.ro.gov.br\/ematerro\/wp-content\/uploads\/2024\/08\/20240813-08ago2024-08-caf-quilombolas_vale-do-guapore_jaqueline-rosa-e-magnaueli-3-1024x691.jpg\" alt=\"\" class=\"wp-image-15763\" srcset=\"http:\/\/www.emater.ro.gov.br\/ematerro\/wp-content\/uploads\/2024\/08\/20240813-08ago2024-08-caf-quilombolas_vale-do-guapore_jaqueline-rosa-e-magnaueli-3-1024x691.jpg 1024w, http:\/\/www.emater.ro.gov.br\/ematerro\/wp-content\/uploads\/2024\/08\/20240813-08ago2024-08-caf-quilombolas_vale-do-guapore_jaqueline-rosa-e-magnaueli-3-300x203.jpg 300w, http:\/\/www.emater.ro.gov.br\/ematerro\/wp-content\/uploads\/2024\/08\/20240813-08ago2024-08-caf-quilombolas_vale-do-guapore_jaqueline-rosa-e-magnaueli-3-768x518.jpg 768w, http:\/\/www.emater.ro.gov.br\/ematerro\/wp-content\/uploads\/2024\/08\/20240813-08ago2024-08-caf-quilombolas_vale-do-guapore_jaqueline-rosa-e-magnaueli-3.jpg 1280w\" sizes=\"(max-width: 1024px) 100vw, 1024px\" \/><figcaption class=\"wp-element-caption\"><em><strong><sup>O CAF \u00e9 um documento essencial para que os agricultores familiares possam ter acesso \u00e0s pol\u00edticas p\u00fablicas<\/sup><\/strong><\/em><\/figcaption><\/figure><\/div>\n\n\n<p>Uma parceria estrat\u00e9gica entre a Entidade Aut\u00e1rquica de Assist\u00eancia T\u00e9cnica e Extens\u00e3o Rural do Estado de Rond\u00f4nia (Emater-RO) e o Instituto Chico Mendes de Conserva\u00e7\u00e3o da Biodiversidade (ICMBio) resultou na realiza\u00e7\u00e3o de um mutir\u00e3o para a elabora\u00e7\u00e3o do Cadastro da Agricultura Familiar (CAF) junto \u00e0s comunidades quilombolas na regi\u00e3o do Vale do Guapor\u00e9. Este esfor\u00e7o conjunto visa apoiar a agricultura familiar e garantir que pequenos produtores rurais tenham acesso \u00e0s pol\u00edticas p\u00fablicas voltadas ao desenvolvimento sustent\u00e1vel e continuem contribuindo para a economia local e conserva\u00e7\u00e3o do meio ambiente.<\/p>\n\n\n\n<p>O CAF \u00e9 um documento essencial para agricultores familiares, permitindo o acesso a uma s\u00e9rie de benef\u00edcios governamentais, como cr\u00e9dito rural, programas de assist\u00eancia t\u00e9cnica e pol\u00edticas de incentivo ao desenvolvimento agr\u00edcola. \u201cCom a substitui\u00e7\u00e3o da DAP (Declara\u00e7\u00e3o de Aptid\u00e3o ao Pronaf) pelo CAF, tornou-se crucial que os agricultores familiares estejam regularizados para continuar acessando esses benef\u00edcios\u201d, relata a gerente regional da Emater-RO do Territ\u00f3rio Vale do Guapor\u00e9, Jaqueline Ribeiro Rosa.<\/p>\n\n\n<div class=\"wp-block-image\">\n<figure class=\"alignleft size-large is-resized\"><img decoding=\"async\" loading=\"lazy\" src=\"http:\/\/www.emater.ro.gov.br\/ematerro\/wp-content\/uploads\/2024\/08\/20240813-08ago2024-08-caf-quilombolas_vale-do-guapore_jaqueline-rosa-e-magnaueli-2-1024x691.jpg\" alt=\"\" class=\"wp-image-15764\" width=\"430\" height=\"290\" srcset=\"http:\/\/www.emater.ro.gov.br\/ematerro\/wp-content\/uploads\/2024\/08\/20240813-08ago2024-08-caf-quilombolas_vale-do-guapore_jaqueline-rosa-e-magnaueli-2-1024x691.jpg 1024w, http:\/\/www.emater.ro.gov.br\/ematerro\/wp-content\/uploads\/2024\/08\/20240813-08ago2024-08-caf-quilombolas_vale-do-guapore_jaqueline-rosa-e-magnaueli-2-300x203.jpg 300w, http:\/\/www.emater.ro.gov.br\/ematerro\/wp-content\/uploads\/2024\/08\/20240813-08ago2024-08-caf-quilombolas_vale-do-guapore_jaqueline-rosa-e-magnaueli-2-768x518.jpg 768w, http:\/\/www.emater.ro.gov.br\/ematerro\/wp-content\/uploads\/2024\/08\/20240813-08ago2024-08-caf-quilombolas_vale-do-guapore_jaqueline-rosa-e-magnaueli-2.jpg 1280w\" sizes=\"(max-width: 430px) 100vw, 430px\" \/><figcaption class=\"wp-element-caption\"><em><strong><sup>O mutir\u00e3o tamb\u00e9m refor\u00e7a o v\u00ednculo entre a comunidade e as institui\u00e7\u00f5es de apoio<\/sup><\/strong><\/em><\/figcaption><\/figure><\/div>\n\n\n<p>O mutir\u00e3o promovido pela Emater-RO em parceria com o ICMBio oi realizado no in\u00edcio do m\u00eas de agosto para atender \u00e0 demanda de regulariza\u00e7\u00e3o dos produtores rurais no Vale do Guapor\u00e9, principalmente da comunidade quilombola de Santo Ant\u00f4nio do Guapor\u00e9, que vive naquela regi\u00e3o. Jaqueline explica que essa comunidade possui uma rica hist\u00f3ria cultural e \u00e9 reconhecida por sua contribui\u00e7\u00e3o para a preserva\u00e7\u00e3o ambiental, e a produ\u00e7\u00e3o agr\u00edcola sustent\u00e1vel foi uma das principais beneficiadas pelo mutir\u00e3o.<\/p>\n\n\n\n<p>O diretor-presidente da Emater-RO, Luciano Brand\u00e3o enfatiza que a\u00e7\u00f5es como essa realizada na comunidade quilombola Santo Ant\u00f4nio do Guapor\u00e9 \u00e9 imprescind\u00edvel para o fortalecimento da agricultura familiar local. \u201cAl\u00e9m de fortalecer a agricultura familiar na regi\u00e3o e garantir que essas fam\u00edlias possam continuar contribuindo para a economia local e para a conserva\u00e7\u00e3o ambiental, o mutir\u00e3o tamb\u00e9m refor\u00e7a o v\u00ednculo entre a comunidade e as institui\u00e7\u00f5es de apoio, promovendo uma rela\u00e7\u00e3o mais pr\u00f3xima e colaborativa\u201d, diz Brand\u00e3o.<\/p>\n\n\n\n<p>Para o governador Marcos Rocha, essa a\u00e7\u00e3o promovida pela parceria entre Emater-RO e ICMBio no Territ\u00f3rio do Vale do Guapor\u00e9 \u00e9 um exemplo de como a coopera\u00e7\u00e3o interinstitucional pode gerar impactos positivos para a sociedade e para o meio ambiente. \u201cAs comunidades quilombolas se destacam pela resist\u00eancia de manterem suas culturas vivas, principalmente as pr\u00e1ticas agr\u00edcolas sustent\u00e1veis que s\u00e3o exemplo para todos os agricultores e n\u00f3s, enquanto governo, buscamos refor\u00e7ar essa resist\u00eancia levando as pol\u00edticas p\u00fablicas inclusivas e efetivas necess\u00e1rias para essa viv\u00eancia\u201d, enfatiza o governador.<\/p>\n\n\n\n<p>Com o sucesso deste mutir\u00e3o, espera-se que novas a\u00e7\u00f5es conjuntas possam ser desenvolvidas, ampliando o alcance e os benef\u00edcios para outras comunidades em Rond\u00f4nia<\/p>\n\n\n\n<p class=\"has-text-align-right has-vivid-green-cyan-color has-text-color\"><em><strong><sup>Texto: Wania Ressutti<br>Jornalista \u2013 MTE-1744\/RO<br>Fotos: Jaqueline Rosa e Magnauele Gon\u00e7alves<br>EMATER-RO<\/sup><\/strong><\/em><\/p>\n","protected":false},"excerpt":{"rendered":"<p>Uma parceria estrat\u00e9gica entre a Entidade Aut\u00e1rquica de Assist\u00eancia T\u00e9cnica e Extens\u00e3o Rural do Estado de Rond\u00f4nia (Emater-RO) e o Instituto Chico Mendes de Conserva\u00e7\u00e3o da Biodiversidade (ICMBio) resultou na [&hellip;]<\/p>\n","protected":false},"author":9,"featured_media":15768,"comment_status":"closed","ping_status":"closed","sticky":false,"template":"","format":"standard","meta":[],"categories":[10,9,12],"tags":[],"_links":{"self":[{"href":"http:\/\/www.emater.ro.gov.br\/ematerro\/wp-json\/wp\/v2\/posts\/15761"}],"collection":[{"href":"http:\/\/www.emater.ro.gov.br\/ematerro\/wp-json\/wp\/v2\/posts"}],"about":[{"href":"http:\/\/www.emater.ro.gov.br\/ematerro\/wp-json\/wp\/v2\/types\/post"}],"author":[{"embeddable":true,"href":"http:\/\/www.emater.ro.gov.br\/ematerro\/wp-json\/wp\/v2\/users\/9"}],"replies":[{"embeddable":true,"href":"http:\/\/www.emater.ro.gov.br\/ematerro\/wp-json\/wp\/v2\/comments?post=15761"}],"version-history":[{"count":5,"href":"http:\/\/www.emater.ro.gov.br\/ematerro\/wp-json\/wp\/v2\/posts\/15761\/revisions"}],"predecessor-version":[{"id":15770,"href":"http:\/\/www.emater.ro.gov.br\/ematerro\/wp-json\/wp\/v2\/posts\/15761\/revisions\/15770"}],"wp:featuredmedia":[{"embeddable":true,"href":"http:\/\/www.emater.ro.gov.br\/ematerro\/wp-json\/wp\/v2\/media\/15768"}],"wp:attachment":[{"href":"http:\/\/www.emater.ro.gov.br\/ematerro\/wp-json\/wp\/v2\/media?parent=15761"}],"wp:term":[{"taxonomy":"category","embeddable":true,"href":"http:\/\/www.emater.ro.gov.br\/ematerro\/wp-json\/wp\/v2\/categories?post=15761"},{"taxonomy":"post_tag","embeddable":true,"href":"http:\/\/www.emater.ro.gov.br\/ematerro\/wp-json\/wp\/v2\/tags?post=15761"}],"curies":[{"name":"wp","href":"https:\/\/api.w.org\/{rel}","templated":true}]}}