{"id":15754,"date":"2024-08-13T10:41:19","date_gmt":"2024-08-13T14:41:19","guid":{"rendered":"http:\/\/www.emater.ro.gov.br\/ematerro\/?p=15754"},"modified":"2024-08-13T10:41:19","modified_gmt":"2024-08-13T14:41:19","slug":"primeira-etapa-do-paa-estadual-contempla-sete-municipios-na-regiao-cone-sul","status":"publish","type":"post","link":"http:\/\/www.emater.ro.gov.br\/ematerro\/2024\/08\/13\/primeira-etapa-do-paa-estadual-contempla-sete-municipios-na-regiao-cone-sul\/","title":{"rendered":"Primeira etapa do PAA Estadual contempla sete munic\u00edpios na regi\u00e3o cone sul"},"content":{"rendered":"<div class=\"wp-block-image\">\n<figure class=\"aligncenter size-full\"><img decoding=\"async\" loading=\"lazy\" width=\"854\" height=\"576\" src=\"http:\/\/www.emater.ro.gov.br\/ematerro\/wp-content\/uploads\/2024\/08\/20240813-08ago2024-06-paa-estadual-cone-sul_enoelma-nunes-2.jpg\" alt=\"\" class=\"wp-image-15756\" srcset=\"http:\/\/www.emater.ro.gov.br\/ematerro\/wp-content\/uploads\/2024\/08\/20240813-08ago2024-06-paa-estadual-cone-sul_enoelma-nunes-2.jpg 854w, http:\/\/www.emater.ro.gov.br\/ematerro\/wp-content\/uploads\/2024\/08\/20240813-08ago2024-06-paa-estadual-cone-sul_enoelma-nunes-2-300x202.jpg 300w, http:\/\/www.emater.ro.gov.br\/ematerro\/wp-content\/uploads\/2024\/08\/20240813-08ago2024-06-paa-estadual-cone-sul_enoelma-nunes-2-768x518.jpg 768w\" sizes=\"(max-width: 854px) 100vw, 854px\" \/><figcaption class=\"wp-element-caption\"><sup><strong><em>Foram disponibilizados cerca de R$ 3 milh\u00f5es para aquisi\u00e7\u00e3o de alimentos da agricultura familiar<\/em><\/strong><\/sup><\/figcaption><\/figure><\/div>\n\n\n<p>Com o recebimento dos alimentos dos munic\u00edpios de Cerejeiras, Cabixi e Pimenteiras do Oeste, o escrit\u00f3rio regional da Entidade Aut\u00e1rquica de Assist\u00eancia T\u00e9cnica e Extens\u00e3o Rural (Emater-RO) encerra a primeira etapa do Programa Estadual de Aquisi\u00e7\u00e3o de Alimentos (PAA Estadual). Os primeiros produtores beneficiados foram do munic\u00edpio de Colorado do Oeste e Chupinguaia, seguidos de Vilhena e Corumbiara.<\/p>\n\n\n\n<p>O PAA Estadual 2024 foi lan\u00e7ado em abril deste ano, quando o governador Marcos Rocha anunciou a disponibilidade de cerca de R$ 3 milh\u00f5es para aquisi\u00e7\u00e3o de alimentos da agricultura familiar. O programa, que conta com a parceria da Secretaria de Estado da Agricultura (Seagri) e da Emater-RO, deve beneficiar 730 produtores, dos quais 558 s\u00e3o individuais que receber\u00e3o em torno de R$ 2 milh\u00f5es, e 172 produtores que, por meio de 10 cooperativas receber\u00e3o um montante de aproximadamente R$ 1 milh\u00e3o.<\/p>\n\n\n<div class=\"wp-block-image\">\n<figure class=\"alignleft size-large is-resized\"><img decoding=\"async\" loading=\"lazy\" src=\"http:\/\/www.emater.ro.gov.br\/ematerro\/wp-content\/uploads\/2024\/08\/20240813-08ago2024-06-paa-estadual-cone-sul_enoelma-nunes-9-1024x691.jpg\" alt=\"\" class=\"wp-image-15757\" width=\"457\" height=\"308\" srcset=\"http:\/\/www.emater.ro.gov.br\/ematerro\/wp-content\/uploads\/2024\/08\/20240813-08ago2024-06-paa-estadual-cone-sul_enoelma-nunes-9-1024x691.jpg 1024w, http:\/\/www.emater.ro.gov.br\/ematerro\/wp-content\/uploads\/2024\/08\/20240813-08ago2024-06-paa-estadual-cone-sul_enoelma-nunes-9-300x203.jpg 300w, http:\/\/www.emater.ro.gov.br\/ematerro\/wp-content\/uploads\/2024\/08\/20240813-08ago2024-06-paa-estadual-cone-sul_enoelma-nunes-9-768x518.jpg 768w, http:\/\/www.emater.ro.gov.br\/ematerro\/wp-content\/uploads\/2024\/08\/20240813-08ago2024-06-paa-estadual-cone-sul_enoelma-nunes-9-1536x1037.jpg 1536w, http:\/\/www.emater.ro.gov.br\/ematerro\/wp-content\/uploads\/2024\/08\/20240813-08ago2024-06-paa-estadual-cone-sul_enoelma-nunes-9.jpg 1600w\" sizes=\"(max-width: 457px) 100vw, 457px\" \/><figcaption class=\"wp-element-caption\"><strong><em><sup>Gera\u00e7\u00e3o de emprego no campo e seguran\u00e7a alimentar para as fam\u00edlias em vulnerabilidade<\/sup><\/em><\/strong><\/figcaption><\/figure><\/div>\n\n\n<p>Al\u00e9m de beneficiar as fam\u00edlias rurais com a compra direta dos produtos da agricultura familiar, o PAA Estadual contribui para a garantia da seguran\u00e7a alimentar de pessoas em situa\u00e7\u00e3o de vulnerabilidade. As doa\u00e7\u00f5es s\u00e3o simult\u00e2neas e realizada em parceria com s prefeituras por meio dos Centros de Refer\u00eancia de Assist\u00eancia Social (Cras). \u201cA Emater-RO recebe os produtos diretamente dos agricultores familiares e repassam ao Cras para que este possa fazer a distribui\u00e7\u00e3o \u00e0s fam\u00edlias e entidades cadastradas\u201d, explica, a extensionista Aldenora Cristina Vaz Lustosa, da Gerencia T\u00e9cnica da Emater-RO.<\/p>\n\n\n\n<p>Para o diretor-presidente da Emater-RO, Luciano Brand\u00e3o, o programa de aquisi\u00e7\u00e3o de alimentos institu\u00eddo pelo governo estadual est\u00e1 sendo executado em todo o estado e \u00e9 mais um incentivo que o governador Marcos Rocha oferece ao pequeno produtor rural. \u201cCom a garantia do PAA, o produtor pode produzir com mais tranquilidade sabendo que j\u00e1 tem garantida parte da venda de seus produtos\u201d, afirma Brand\u00e3o.<\/p>\n\n\n\n<p>J\u00e1, para o governador Marcos Rocha o fortalecimento da cadeia produtiva alimentar \u00e9 uma forma eficiente para incentivar os produtores a produzir cada vez mais com qualidade e efici\u00eancia. \u201cCom mais est\u00edmulo, os produtores t\u00eam oportunidade para aumentar sua renda familiar, melhorar as condi\u00e7\u00f5es de perman\u00eancia no campo e ainda garantir alimenta\u00e7\u00e3o \u00e0s fam\u00edlias de menor poder aquisitivo\u201d.<\/p>\n\n\n\n<p class=\"has-text-align-right\"><sup><em><strong>Texto: Wania Ressutti<br>Jornalista \u2013 MTE-1744\/RO<br>Fotos: Irene Mendes e Enoelma Nunes<br>EMATER-RO<\/strong><\/em><\/sup><\/p>\n","protected":false},"excerpt":{"rendered":"<p>Com o recebimento dos alimentos dos munic\u00edpios de Cerejeiras, Cabixi e Pimenteiras do Oeste, o escrit\u00f3rio regional da Entidade Aut\u00e1rquica de Assist\u00eancia T\u00e9cnica e Extens\u00e3o Rural (Emater-RO) encerra a primeira [&hellip;]<\/p>\n","protected":false},"author":9,"featured_media":15755,"comment_status":"closed","ping_status":"closed","sticky":false,"template":"","format":"standard","meta":[],"categories":[10,9,12],"tags":[],"_links":{"self":[{"href":"http:\/\/www.emater.ro.gov.br\/ematerro\/wp-json\/wp\/v2\/posts\/15754"}],"collection":[{"href":"http:\/\/www.emater.ro.gov.br\/ematerro\/wp-json\/wp\/v2\/posts"}],"about":[{"href":"http:\/\/www.emater.ro.gov.br\/ematerro\/wp-json\/wp\/v2\/types\/post"}],"author":[{"embeddable":true,"href":"http:\/\/www.emater.ro.gov.br\/ematerro\/wp-json\/wp\/v2\/users\/9"}],"replies":[{"embeddable":true,"href":"http:\/\/www.emater.ro.gov.br\/ematerro\/wp-json\/wp\/v2\/comments?post=15754"}],"version-history":[{"count":3,"href":"http:\/\/www.emater.ro.gov.br\/ematerro\/wp-json\/wp\/v2\/posts\/15754\/revisions"}],"predecessor-version":[{"id":15760,"href":"http:\/\/www.emater.ro.gov.br\/ematerro\/wp-json\/wp\/v2\/posts\/15754\/revisions\/15760"}],"wp:featuredmedia":[{"embeddable":true,"href":"http:\/\/www.emater.ro.gov.br\/ematerro\/wp-json\/wp\/v2\/media\/15755"}],"wp:attachment":[{"href":"http:\/\/www.emater.ro.gov.br\/ematerro\/wp-json\/wp\/v2\/media?parent=15754"}],"wp:term":[{"taxonomy":"category","embeddable":true,"href":"http:\/\/www.emater.ro.gov.br\/ematerro\/wp-json\/wp\/v2\/categories?post=15754"},{"taxonomy":"post_tag","embeddable":true,"href":"http:\/\/www.emater.ro.gov.br\/ematerro\/wp-json\/wp\/v2\/tags?post=15754"}],"curies":[{"name":"wp","href":"https:\/\/api.w.org\/{rel}","templated":true}]}}