{"id":15746,"date":"2024-08-09T16:00:00","date_gmt":"2024-08-09T20:00:00","guid":{"rendered":"http:\/\/www.emater.ro.gov.br\/ematerro\/?p=15746"},"modified":"2024-08-09T11:38:11","modified_gmt":"2024-08-09T15:38:11","slug":"consorcio-prioriza-fortalecimento-dos-servicos-de-assistencia-tecnica-extensao-rural-e-sustentabilidade-durante-forum-de-governadores-da-amazonia-legal","status":"publish","type":"post","link":"http:\/\/www.emater.ro.gov.br\/ematerro\/2024\/08\/09\/consorcio-prioriza-fortalecimento-dos-servicos-de-assistencia-tecnica-extensao-rural-e-sustentabilidade-durante-forum-de-governadores-da-amazonia-legal\/","title":{"rendered":"Cons\u00f3rcio prioriza fortalecimento dos servi\u00e7os de assist\u00eancia t\u00e9cnica, extens\u00e3o rural e sustentabilidade durante F\u00f3rum de Governadores da Amaz\u00f4nia Legal"},"content":{"rendered":"<div class=\"wp-block-image\">\n<figure class=\"aligncenter size-large\"><img decoding=\"async\" loading=\"lazy\" width=\"1024\" height=\"691\" src=\"http:\/\/www.emater.ro.gov.br\/ematerro\/wp-content\/uploads\/2024\/08\/20240809-08ago2024-08-consorcio-forum-governadores_rayne-andrade-7-1024x691.jpg\" alt=\"\" class=\"wp-image-15749\" srcset=\"http:\/\/www.emater.ro.gov.br\/ematerro\/wp-content\/uploads\/2024\/08\/20240809-08ago2024-08-consorcio-forum-governadores_rayne-andrade-7-1024x691.jpg 1024w, http:\/\/www.emater.ro.gov.br\/ematerro\/wp-content\/uploads\/2024\/08\/20240809-08ago2024-08-consorcio-forum-governadores_rayne-andrade-7-300x203.jpg 300w, http:\/\/www.emater.ro.gov.br\/ematerro\/wp-content\/uploads\/2024\/08\/20240809-08ago2024-08-consorcio-forum-governadores_rayne-andrade-7-768x518.jpg 768w, http:\/\/www.emater.ro.gov.br\/ematerro\/wp-content\/uploads\/2024\/08\/20240809-08ago2024-08-consorcio-forum-governadores_rayne-andrade-7-1536x1037.jpg 1536w, http:\/\/www.emater.ro.gov.br\/ematerro\/wp-content\/uploads\/2024\/08\/20240809-08ago2024-08-consorcio-forum-governadores_rayne-andrade-7-2048x1382.jpg 2048w\" sizes=\"(max-width: 1024px) 100vw, 1024px\" \/><figcaption class=\"wp-element-caption\"><strong><em><sup>Cons\u00f3rcio destaca capilaridade e o potencial das entidades de assist\u00eancia t\u00e9cnica e extens\u00e3o rural nos estados da Amaz\u00f4nia Legal<\/sup><\/em><\/strong><\/figcaption><\/figure><\/div>\n\n\n<p>Representantes da agricultura e agricultura familiar da Amaz\u00f4nia participaram, neste \u00faltimo dia 8, no Pal\u00e1cio Rio Madeira, em Porto Velho, da reuni\u00e3o da C\u00e2mara setorial do segmento para discutir a\u00e7\u00f5es de fomento aos servi\u00e7os de assist\u00eancia t\u00e9cnica extens\u00e3o rural (Ater) na Amaz\u00f4nia Legal. O encontro fez parte da 28\u00aa edi\u00e7\u00e3o do F\u00f3rum de Governadores da Amaz\u00f4nia Legal, realizado em Rond\u00f4nia e que reuniu os noves estados que integram a Amaz\u00f4nia brasileira. Dentre os temas priorizados, destacam-se a solu\u00e7\u00e3o para os problemas clim\u00e1ticos, o combate a fome e a regulariza\u00e7\u00e3o fundi\u00e1ria e ambiental.<\/p>\n\n\n\n<p>O F\u00f3rum de Governadores reuniu representantes do executivo e da agricultura dos estados do Acre, Amap\u00e1, Amazonas, Maranh\u00e3o, Mato Grosso, Para, Rond\u00f4nia, Roraima e Tocantins para discutir temas como: governan\u00e7a fundi\u00e1ria; agricultura e economia verde; seguran\u00e7a P\u00fablica; infraestrutura e transporte; e meio ambiente e desenvolvimento sustent\u00e1vel. Paralelamente ao encontro dos governadores, representantes do segmento de desenvolvimento da agricultura e agricultura familiar discutiram o panorama geral sobre os projetos de Ater que vem sendo elaborado pelos extensionistas da regi\u00e3o com foco sem seguran\u00e7a e soberania alimentar e recupera\u00e7\u00e3o das \u00e1reas degradas, uma das grandes preocupa\u00e7\u00f5es na emiss\u00e3o de g\u00e1s carbono na atmosfera.<\/p>\n\n\n<div class=\"wp-block-image\">\n<figure class=\"alignleft size-large is-resized\"><img decoding=\"async\" loading=\"lazy\" src=\"http:\/\/www.emater.ro.gov.br\/ematerro\/wp-content\/uploads\/2024\/08\/20240809-08ago2024-08-consorcio-forum-governadores_rayne-andrade-3-1024x691.jpg\" alt=\"\" class=\"wp-image-15747\" width=\"469\" height=\"315\" srcset=\"http:\/\/www.emater.ro.gov.br\/ematerro\/wp-content\/uploads\/2024\/08\/20240809-08ago2024-08-consorcio-forum-governadores_rayne-andrade-3-1024x691.jpg 1024w, http:\/\/www.emater.ro.gov.br\/ematerro\/wp-content\/uploads\/2024\/08\/20240809-08ago2024-08-consorcio-forum-governadores_rayne-andrade-3-300x202.jpg 300w, http:\/\/www.emater.ro.gov.br\/ematerro\/wp-content\/uploads\/2024\/08\/20240809-08ago2024-08-consorcio-forum-governadores_rayne-andrade-3-768x518.jpg 768w, http:\/\/www.emater.ro.gov.br\/ematerro\/wp-content\/uploads\/2024\/08\/20240809-08ago2024-08-consorcio-forum-governadores_rayne-andrade-3-1536x1036.jpg 1536w, http:\/\/www.emater.ro.gov.br\/ematerro\/wp-content\/uploads\/2024\/08\/20240809-08ago2024-08-consorcio-forum-governadores_rayne-andrade-3.jpg 1580w\" sizes=\"(max-width: 469px) 100vw, 469px\" \/><figcaption class=\"wp-element-caption\"><em><sup><strong>Presidente da Asbraer, Luciano Brand\u00e3o: &#8220;necessidade de captar recursos financeiros para os servi\u00e7os de Ater&#8221;<\/strong><\/sup><\/em><\/figcaption><\/figure><\/div>\n\n\n<p>O presidente da Associa\u00e7\u00e3o Brasileira das Entidades de Assist\u00eancia T\u00e9cnica e Extens\u00e3o Rural, Pesquisa Agropecu\u00e1ria e Regulariza\u00e7\u00e3o Fundi\u00e1ria (Asbraer), Luciano Brand\u00e3o foi um dos representantes que abordou a necessidade de mobiliza\u00e7\u00e3o para a capta\u00e7\u00e3o de recursos financeiros capaz de potencializar o servi\u00e7o essencial de Ater no meio rural. Brand\u00e3o, que tamb\u00e9m \u00e9 diretor-presidente da Entidade Aut\u00e1rquica de Assist\u00eancia T\u00e9cnica e Extens\u00e3o Rural (Emater), em Rond\u00f4nia, salientou que hoje, os estados aportam mais recursos para a extens\u00e3o rural, do que o governo federal e que \u00e9 preciso captar recursos para desenvolver as atividades que s\u00e3o extremamente necess\u00e1rias para o pa\u00eds, atualmente. \u201cS\u00f3 na regi\u00e3o Amaz\u00f4nia, aqui representada pelo cons\u00f3rcio, temos 772 munic\u00edpios, dos quais 743 (96,24%) s\u00e3o assistidos pelos servi\u00e7os de Ater e a Ater p\u00fablica \u00e9 a que mais atende, diz o presidente da Asbraer.<\/p>\n\n\n\n<p>Para o governador Marcos Rocha, anfitri\u00e3o do F\u00f3rum de Governadores da Amaz\u00f4nia Legal, os estados amaz\u00f4nicos t\u00eam grande potencial produtivo, com uma agricultura crescente que investe em sustentabilidade. \u201cTanto Rond\u00f4nia, como os outros estados da Amaz\u00f4nia t\u00eam produtos que v\u00eam ganhando destaque, inclusive no mercado internacional., por isso precisamos nos fortalecer nesse segmento para juntos defendermos a valoriza\u00e7\u00e3o de nossos produtos\u201d, enfatiza o governador.<\/p>\n\n\n\n<p>O encontro dos representantes da agricultura e agricultura familiar da Amaz\u00f4nia Legal exaltou ainda os servi\u00e7os de Ater destacando a capilaridade e o potencial das entidades estaduais. \u201cA rede p\u00fablica de ater \u00e9 a que tem maior capilaridade para fazer os servi\u00e7os e temos uma for\u00e7a muito grande para o fomento das pol\u00edticas p\u00fablicas e para contribuir com a mitiga\u00e7\u00e3o dos problemas clim\u00e1ticos e da fome do pa\u00eds, principalmente quando h\u00e1 harmonia entre as secretarias de estado da agricultura e as ateres dos estados\u201d, finaliza Brand\u00e3o, enfatizando a necessidade de se criar uma rede para potencializar esses servi\u00e7os essenciais<\/p>\n\n\n\n<p class=\"has-text-align-right\"><em><sup>Texto: Wania Ressutti<br>Jornalista \u2013 MTE-1744\/RO<br>Fotos: Rayne Andrade<br>EMATER-RO<\/sup><\/em><\/p>\n","protected":false},"excerpt":{"rendered":"<p>Representantes da agricultura e agricultura familiar da Amaz\u00f4nia participaram, neste \u00faltimo dia 8, no Pal\u00e1cio Rio Madeira, em Porto Velho, da reuni\u00e3o da C\u00e2mara setorial do segmento para discutir a\u00e7\u00f5es [&hellip;]<\/p>\n","protected":false},"author":9,"featured_media":15748,"comment_status":"closed","ping_status":"closed","sticky":false,"template":"","format":"standard","meta":[],"categories":[10,9,12],"tags":[],"_links":{"self":[{"href":"http:\/\/www.emater.ro.gov.br\/ematerro\/wp-json\/wp\/v2\/posts\/15746"}],"collection":[{"href":"http:\/\/www.emater.ro.gov.br\/ematerro\/wp-json\/wp\/v2\/posts"}],"about":[{"href":"http:\/\/www.emater.ro.gov.br\/ematerro\/wp-json\/wp\/v2\/types\/post"}],"author":[{"embeddable":true,"href":"http:\/\/www.emater.ro.gov.br\/ematerro\/wp-json\/wp\/v2\/users\/9"}],"replies":[{"embeddable":true,"href":"http:\/\/www.emater.ro.gov.br\/ematerro\/wp-json\/wp\/v2\/comments?post=15746"}],"version-history":[{"count":2,"href":"http:\/\/www.emater.ro.gov.br\/ematerro\/wp-json\/wp\/v2\/posts\/15746\/revisions"}],"predecessor-version":[{"id":15751,"href":"http:\/\/www.emater.ro.gov.br\/ematerro\/wp-json\/wp\/v2\/posts\/15746\/revisions\/15751"}],"wp:featuredmedia":[{"embeddable":true,"href":"http:\/\/www.emater.ro.gov.br\/ematerro\/wp-json\/wp\/v2\/media\/15748"}],"wp:attachment":[{"href":"http:\/\/www.emater.ro.gov.br\/ematerro\/wp-json\/wp\/v2\/media?parent=15746"}],"wp:term":[{"taxonomy":"category","embeddable":true,"href":"http:\/\/www.emater.ro.gov.br\/ematerro\/wp-json\/wp\/v2\/categories?post=15746"},{"taxonomy":"post_tag","embeddable":true,"href":"http:\/\/www.emater.ro.gov.br\/ematerro\/wp-json\/wp\/v2\/tags?post=15746"}],"curies":[{"name":"wp","href":"https:\/\/api.w.org\/{rel}","templated":true}]}}