{"id":15711,"date":"2024-08-02T11:49:57","date_gmt":"2024-08-02T15:49:57","guid":{"rendered":"http:\/\/www.emater.ro.gov.br\/ematerro\/?p=15711"},"modified":"2024-08-13T08:13:21","modified_gmt":"2024-08-13T12:13:21","slug":"programa-de-aquisicao-de-alimentos-do-governado-estadual-beneficia-agricultores-familiares-na-regiao-do-cone-sul-de-rondonia","status":"publish","type":"post","link":"http:\/\/www.emater.ro.gov.br\/ematerro\/2024\/08\/02\/programa-de-aquisicao-de-alimentos-do-governado-estadual-beneficia-agricultores-familiares-na-regiao-do-cone-sul-de-rondonia\/","title":{"rendered":"Programa de Aquisi\u00e7\u00e3o de Alimentos do governo estadual beneficia agricultores familiares na regi\u00e3o do cone sul de Rond\u00f4nia"},"content":{"rendered":"<div class=\"wp-block-image\">\n<figure class=\"aligncenter size-large\"><img decoding=\"async\" loading=\"lazy\" width=\"1024\" height=\"691\" src=\"http:\/\/www.emater.ro.gov.br\/ematerro\/wp-content\/uploads\/2024\/08\/20240802-08ago2024-01-paa-estadual_-colorado-do-oeste_enoelma-18-1024x691.jpg\" alt=\"\" class=\"wp-image-15714\" srcset=\"http:\/\/www.emater.ro.gov.br\/ematerro\/wp-content\/uploads\/2024\/08\/20240802-08ago2024-01-paa-estadual_-colorado-do-oeste_enoelma-18-1024x691.jpg 1024w, http:\/\/www.emater.ro.gov.br\/ematerro\/wp-content\/uploads\/2024\/08\/20240802-08ago2024-01-paa-estadual_-colorado-do-oeste_enoelma-18-300x203.jpg 300w, http:\/\/www.emater.ro.gov.br\/ematerro\/wp-content\/uploads\/2024\/08\/20240802-08ago2024-01-paa-estadual_-colorado-do-oeste_enoelma-18-768x518.jpg 768w, http:\/\/www.emater.ro.gov.br\/ematerro\/wp-content\/uploads\/2024\/08\/20240802-08ago2024-01-paa-estadual_-colorado-do-oeste_enoelma-18-1536x1037.jpg 1536w, http:\/\/www.emater.ro.gov.br\/ematerro\/wp-content\/uploads\/2024\/08\/20240802-08ago2024-01-paa-estadual_-colorado-do-oeste_enoelma-18.jpg 1600w\" sizes=\"(max-width: 1024px) 100vw, 1024px\" \/><figcaption class=\"wp-element-caption\"><em><strong><sup>Os produtos podem ser adquiridos in natura ou processados pela agroind\u00fastria familiar, devendo a mat\u00e9ria-prima ser produzida na propriedade.<\/sup><\/strong><\/em><\/figcaption><\/figure><\/div>\n\n\n<p>O m\u00eas de agosto iniciou com boas not\u00edcias para os produtores rurais familiares benefici\u00e1rios do Programa Estadual de Aquisi\u00e7\u00e3o de Alimento (PAA Estadual) dos munic\u00edpios da regi\u00e3o do cone sul do estado. A Entidade Aut\u00e1rquica de Assist\u00eancia T\u00e9cnica e Extens\u00e3o Rural (Emater-RO) come\u00e7ou a receber os produtos que far\u00e3o parte do programa de compra direta com distribui\u00e7\u00e3o simult\u00e2nea \u00e0s pessoas em situa\u00e7\u00e3o de vulnerabilidade.<\/p>\n\n\n\n<p>O PAA Estadual \u00e9 um programa de apoio e incentivo \u00e0 agricultura familiar que possibilita \u00e0s fam\u00edlias rurais comercializarem sua produ\u00e7\u00e3o diretamente ao governo, garantindo renda com a venda dos produtos a pre\u00e7o justo. O programa tamb\u00e9m traz um forte incentivo \u00e0 diversidade de produ\u00e7\u00e3o e contribui para a erradica\u00e7\u00e3o da fome com a distribui\u00e7\u00e3o dos produtos \u00e0s fam\u00edlias ou entidades que atuam com pessoas de baixa renda em extrema situa\u00e7\u00e3o de vulnerabilidade alimentar.<\/p>\n\n\n<div class=\"wp-block-image\">\n<figure class=\"alignleft size-large is-resized\"><img decoding=\"async\" loading=\"lazy\" src=\"http:\/\/www.emater.ro.gov.br\/ematerro\/wp-content\/uploads\/2024\/08\/20240802-08ago2024-01-paa-estadual_-colorado-do-oeste_enoelma-10-1024x691.jpg\" alt=\"\" class=\"wp-image-15716\" width=\"482\" height=\"324\" srcset=\"http:\/\/www.emater.ro.gov.br\/ematerro\/wp-content\/uploads\/2024\/08\/20240802-08ago2024-01-paa-estadual_-colorado-do-oeste_enoelma-10-1024x691.jpg 1024w, http:\/\/www.emater.ro.gov.br\/ematerro\/wp-content\/uploads\/2024\/08\/20240802-08ago2024-01-paa-estadual_-colorado-do-oeste_enoelma-10-300x202.jpg 300w, http:\/\/www.emater.ro.gov.br\/ematerro\/wp-content\/uploads\/2024\/08\/20240802-08ago2024-01-paa-estadual_-colorado-do-oeste_enoelma-10-768x518.jpg 768w, http:\/\/www.emater.ro.gov.br\/ematerro\/wp-content\/uploads\/2024\/08\/20240802-08ago2024-01-paa-estadual_-colorado-do-oeste_enoelma-10-1536x1037.jpg 1536w, http:\/\/www.emater.ro.gov.br\/ematerro\/wp-content\/uploads\/2024\/08\/20240802-08ago2024-01-paa-estadual_-colorado-do-oeste_enoelma-10.jpg 1553w\" sizes=\"(max-width: 482px) 100vw, 482px\" \/><figcaption class=\"wp-element-caption\">Compra direta do produtor com entrega simult\u00e2neas \u00e0s entidades.<\/figcaption><\/figure><\/div>\n\n\n<p>A extensionista da Emater-RO, Enoelma Nunes conta que nessa etapa, nos munic\u00edpios de Colorado do Oeste, Corumbiara e Chupinguaia, foram contemplados 12 produtores familiares, beneficiando 12 entidades locais, entre escolas, igrejas e Tiro de Guerra. \u201cForam arrecadados 1.100 quilos de produtos em Colorado do Oeste e aproximadamente dois mil quilos em Corumbiara e Chupinguaia\u201d, diz a extensionistas, destacando a diversidade de produtos entregues como: tomate, ab\u00f3bora, banana, amendoim, alface, pepino, batata doce, laranja, coco, entre outros.<\/p>\n\n\n\n<p>O diretor-presidente da Emater-RO, Luciano Brand\u00e3o conta que o governador Marcos Rocha j\u00e1 destinou cerca de tr\u00eas milh\u00f5es de reais para compra direta de produtos da agricultura familiar. \u201cOs produtos podem ser adquiridos in natura ou processados pela agroind\u00fastria familiar, devendo a mat\u00e9ria-prima ser produzida na propriedade\u201d, salienta<\/p>\n\n\n\n<p>Para o governador Marcos Rocha, o PAA Estadual \u00e9 um forte aliado da agricultura familiar e da economia local, pois oferece aos produtores rurais a oportunidade de comercializarem seus produtores e cumprirem com seu papel na sociedade. \u201cAl\u00e9m de fortalecer a agricultura familiar, o PAA Estadual tamb\u00e9m contribui com a seguran\u00e7a alimentar, produzindo alimenta\u00e7\u00e3o saud\u00e1vel e farta na mesa cidad\u00e3o\u201d, finaliza o governador.<\/p>\n\n\n\n<p class=\"has-text-align-right has-vivid-green-cyan-color has-text-color\"><em><strong><sup>Texto: Wania Ressutti<br>Jornalista \u2013 MTE-1744\/RO<br>Fotos: Rosangela Gazolla<br>EMATER-RO<\/sup><\/strong><\/em><\/p>\n","protected":false},"excerpt":{"rendered":"<p>O m\u00eas de agosto iniciou com boas not\u00edcias para os produtores rurais familiares benefici\u00e1rios do Programa Estadual de Aquisi\u00e7\u00e3o de Alimento (PAA Estadual) dos munic\u00edpios da regi\u00e3o do cone sul [&hellip;]<\/p>\n","protected":false},"author":9,"featured_media":15712,"comment_status":"closed","ping_status":"closed","sticky":false,"template":"","format":"standard","meta":[],"categories":[10,9,12],"tags":[],"_links":{"self":[{"href":"http:\/\/www.emater.ro.gov.br\/ematerro\/wp-json\/wp\/v2\/posts\/15711"}],"collection":[{"href":"http:\/\/www.emater.ro.gov.br\/ematerro\/wp-json\/wp\/v2\/posts"}],"about":[{"href":"http:\/\/www.emater.ro.gov.br\/ematerro\/wp-json\/wp\/v2\/types\/post"}],"author":[{"embeddable":true,"href":"http:\/\/www.emater.ro.gov.br\/ematerro\/wp-json\/wp\/v2\/users\/9"}],"replies":[{"embeddable":true,"href":"http:\/\/www.emater.ro.gov.br\/ematerro\/wp-json\/wp\/v2\/comments?post=15711"}],"version-history":[{"count":5,"href":"http:\/\/www.emater.ro.gov.br\/ematerro\/wp-json\/wp\/v2\/posts\/15711\/revisions"}],"predecessor-version":[{"id":15753,"href":"http:\/\/www.emater.ro.gov.br\/ematerro\/wp-json\/wp\/v2\/posts\/15711\/revisions\/15753"}],"wp:featuredmedia":[{"embeddable":true,"href":"http:\/\/www.emater.ro.gov.br\/ematerro\/wp-json\/wp\/v2\/media\/15712"}],"wp:attachment":[{"href":"http:\/\/www.emater.ro.gov.br\/ematerro\/wp-json\/wp\/v2\/media?parent=15711"}],"wp:term":[{"taxonomy":"category","embeddable":true,"href":"http:\/\/www.emater.ro.gov.br\/ematerro\/wp-json\/wp\/v2\/categories?post=15711"},{"taxonomy":"post_tag","embeddable":true,"href":"http:\/\/www.emater.ro.gov.br\/ematerro\/wp-json\/wp\/v2\/tags?post=15711"}],"curies":[{"name":"wp","href":"https:\/\/api.w.org\/{rel}","templated":true}]}}