{"id":15651,"date":"2024-07-24T11:57:02","date_gmt":"2024-07-24T15:57:02","guid":{"rendered":"http:\/\/www.emater.ro.gov.br\/ematerro\/?p=15651"},"modified":"2024-07-24T11:57:02","modified_gmt":"2024-07-24T15:57:02","slug":"agricultores-familiares-de-porto-verde-recebem-40-toneladas-de-calcario","status":"publish","type":"post","link":"http:\/\/www.emater.ro.gov.br\/ematerro\/2024\/07\/24\/agricultores-familiares-de-porto-verde-recebem-40-toneladas-de-calcario\/","title":{"rendered":"Agricultores familiares de Porto Verde recebem 40 toneladas de calc\u00e1rio"},"content":{"rendered":"\n<p>Assistidos pela Entidade Aut\u00e1rquica de Assist\u00eancia T\u00e9cnica e Extens\u00e3o Rural (Emater-RO), cerca de cem produtores familiares do distrito de Porto Verde, em Porto Velho, receberam 40 toneladas de calc\u00e1rio.<\/p>\n\n\n\n<p>O calc\u00e1rio foi disponibilizado por meio de emenda parlamentar e distribu\u00eddos para os produtores de acordo com a demanda de cada fam\u00edlia. &#8220;Cada produtor recebeu, em m\u00e9dia, entre 10 a 15 sacas de 40 quilos de calc\u00e1rio, de acordo com a necessidade levantada&#8221;, diz Gilberto Serviuc Danas, gerente da Emater-RO local.<\/p>\n\n\n\n<p>Gilberto diz ainda que Porto Verde tem grande potencial na produ\u00e7\u00e3o de frut\u00edferas e hortali\u00e7as, em especial mandioca e banana e que o calc\u00e1rio ser\u00e1 \u00fatil na corre\u00e7\u00e3o da acidez do solo, muito comum na regi\u00e3o.<\/p>\n\n\n\n<p class=\"has-text-align-right has-vivid-green-cyan-color has-text-color\"><sup><em>Wania Ressutti<br>Fotos: Esloc Porto Verde<br>EMATER-RO<\/em><\/sup><\/p>\n\n\n\n<figure class=\"wp-block-gallery has-nested-images columns-default is-cropped wp-block-gallery-1 is-layout-flex\">\n<figure class=\"wp-block-image size-large\"><img decoding=\"async\" loading=\"lazy\" width=\"1024\" height=\"691\" data-id=\"15652\"  src=\"http:\/\/www.emater.ro.gov.br\/ematerro\/wp-content\/uploads\/2024\/07\/20240724-07jul2024-23-distribuicao-de-calcario_porto-verde_gilberto-1-1024x691.jpg\" alt=\"\" class=\"wp-image-15652\" srcset=\"http:\/\/www.emater.ro.gov.br\/ematerro\/wp-content\/uploads\/2024\/07\/20240724-07jul2024-23-distribuicao-de-calcario_porto-verde_gilberto-1-1024x691.jpg 1024w, http:\/\/www.emater.ro.gov.br\/ematerro\/wp-content\/uploads\/2024\/07\/20240724-07jul2024-23-distribuicao-de-calcario_porto-verde_gilberto-1-300x203.jpg 300w, http:\/\/www.emater.ro.gov.br\/ematerro\/wp-content\/uploads\/2024\/07\/20240724-07jul2024-23-distribuicao-de-calcario_porto-verde_gilberto-1-768x518.jpg 768w, http:\/\/www.emater.ro.gov.br\/ematerro\/wp-content\/uploads\/2024\/07\/20240724-07jul2024-23-distribuicao-de-calcario_porto-verde_gilberto-1-1536x1037.jpg 1536w, http:\/\/www.emater.ro.gov.br\/ematerro\/wp-content\/uploads\/2024\/07\/20240724-07jul2024-23-distribuicao-de-calcario_porto-verde_gilberto-1.jpg 1600w\" sizes=\"(max-width: 1024px) 100vw, 1024px\" \/><\/figure>\n\n\n\n<figure class=\"wp-block-image size-large\"><img decoding=\"async\" loading=\"lazy\" width=\"1024\" height=\"691\" data-id=\"15653\"  src=\"http:\/\/www.emater.ro.gov.br\/ematerro\/wp-content\/uploads\/2024\/07\/20240724-07jul2024-23-distribuicao-de-calcario_porto-verde_gilberto-2-1024x691.jpg\" alt=\"\" class=\"wp-image-15653\" srcset=\"http:\/\/www.emater.ro.gov.br\/ematerro\/wp-content\/uploads\/2024\/07\/20240724-07jul2024-23-distribuicao-de-calcario_porto-verde_gilberto-2-1024x691.jpg 1024w, http:\/\/www.emater.ro.gov.br\/ematerro\/wp-content\/uploads\/2024\/07\/20240724-07jul2024-23-distribuicao-de-calcario_porto-verde_gilberto-2-300x203.jpg 300w, http:\/\/www.emater.ro.gov.br\/ematerro\/wp-content\/uploads\/2024\/07\/20240724-07jul2024-23-distribuicao-de-calcario_porto-verde_gilberto-2-768x518.jpg 768w, http:\/\/www.emater.ro.gov.br\/ematerro\/wp-content\/uploads\/2024\/07\/20240724-07jul2024-23-distribuicao-de-calcario_porto-verde_gilberto-2-1536x1037.jpg 1536w, http:\/\/www.emater.ro.gov.br\/ematerro\/wp-content\/uploads\/2024\/07\/20240724-07jul2024-23-distribuicao-de-calcario_porto-verde_gilberto-2.jpg 1600w\" sizes=\"(max-width: 1024px) 100vw, 1024px\" \/><\/figure>\n\n\n\n<figure class=\"wp-block-image size-large\"><img decoding=\"async\" loading=\"lazy\" width=\"1024\" height=\"691\" data-id=\"15654\"  src=\"http:\/\/www.emater.ro.gov.br\/ematerro\/wp-content\/uploads\/2024\/07\/20240724-07jul2024-23-distribuicao-de-calcario_porto-verde_gilberto-3-1024x691.jpg\" alt=\"\" class=\"wp-image-15654\" srcset=\"http:\/\/www.emater.ro.gov.br\/ematerro\/wp-content\/uploads\/2024\/07\/20240724-07jul2024-23-distribuicao-de-calcario_porto-verde_gilberto-3-1024x691.jpg 1024w, http:\/\/www.emater.ro.gov.br\/ematerro\/wp-content\/uploads\/2024\/07\/20240724-07jul2024-23-distribuicao-de-calcario_porto-verde_gilberto-3-300x203.jpg 300w, http:\/\/www.emater.ro.gov.br\/ematerro\/wp-content\/uploads\/2024\/07\/20240724-07jul2024-23-distribuicao-de-calcario_porto-verde_gilberto-3-768x518.jpg 768w, http:\/\/www.emater.ro.gov.br\/ematerro\/wp-content\/uploads\/2024\/07\/20240724-07jul2024-23-distribuicao-de-calcario_porto-verde_gilberto-3-1536x1037.jpg 1536w, http:\/\/www.emater.ro.gov.br\/ematerro\/wp-content\/uploads\/2024\/07\/20240724-07jul2024-23-distribuicao-de-calcario_porto-verde_gilberto-3.jpg 1600w\" sizes=\"(max-width: 1024px) 100vw, 1024px\" \/><\/figure>\n\n\n\n<figure class=\"wp-block-image size-large\"><img decoding=\"async\" loading=\"lazy\" width=\"1024\" height=\"691\" data-id=\"15655\"  src=\"http:\/\/www.emater.ro.gov.br\/ematerro\/wp-content\/uploads\/2024\/07\/20240724-07jul2024-23-distribuicao-de-calcario_porto-verde_gilberto-8-1024x691.jpg\" alt=\"\" class=\"wp-image-15655\" srcset=\"http:\/\/www.emater.ro.gov.br\/ematerro\/wp-content\/uploads\/2024\/07\/20240724-07jul2024-23-distribuicao-de-calcario_porto-verde_gilberto-8-1024x691.jpg 1024w, http:\/\/www.emater.ro.gov.br\/ematerro\/wp-content\/uploads\/2024\/07\/20240724-07jul2024-23-distribuicao-de-calcario_porto-verde_gilberto-8-300x203.jpg 300w, http:\/\/www.emater.ro.gov.br\/ematerro\/wp-content\/uploads\/2024\/07\/20240724-07jul2024-23-distribuicao-de-calcario_porto-verde_gilberto-8-768x518.jpg 768w, http:\/\/www.emater.ro.gov.br\/ematerro\/wp-content\/uploads\/2024\/07\/20240724-07jul2024-23-distribuicao-de-calcario_porto-verde_gilberto-8.jpg 1517w\" sizes=\"(max-width: 1024px) 100vw, 1024px\" \/><\/figure>\n\n\n\n<figure class=\"wp-block-image size-large\"><img decoding=\"async\" loading=\"lazy\" width=\"1024\" height=\"691\" data-id=\"15656\"  src=\"http:\/\/www.emater.ro.gov.br\/ematerro\/wp-content\/uploads\/2024\/07\/20240724-07jul2024-23-distribuicao-de-calcario_porto-verde_gilberto-13-1024x691.jpg\" alt=\"\" class=\"wp-image-15656\" srcset=\"http:\/\/www.emater.ro.gov.br\/ematerro\/wp-content\/uploads\/2024\/07\/20240724-07jul2024-23-distribuicao-de-calcario_porto-verde_gilberto-13-1024x691.jpg 1024w, http:\/\/www.emater.ro.gov.br\/ematerro\/wp-content\/uploads\/2024\/07\/20240724-07jul2024-23-distribuicao-de-calcario_porto-verde_gilberto-13-300x203.jpg 300w, http:\/\/www.emater.ro.gov.br\/ematerro\/wp-content\/uploads\/2024\/07\/20240724-07jul2024-23-distribuicao-de-calcario_porto-verde_gilberto-13-768x518.jpg 768w, http:\/\/www.emater.ro.gov.br\/ematerro\/wp-content\/uploads\/2024\/07\/20240724-07jul2024-23-distribuicao-de-calcario_porto-verde_gilberto-13-1536x1037.jpg 1536w, http:\/\/www.emater.ro.gov.br\/ematerro\/wp-content\/uploads\/2024\/07\/20240724-07jul2024-23-distribuicao-de-calcario_porto-verde_gilberto-13.jpg 1600w\" sizes=\"(max-width: 1024px) 100vw, 1024px\" \/><\/figure>\n\n\n\n<figure class=\"wp-block-image size-large\"><img decoding=\"async\" loading=\"lazy\" width=\"1024\" height=\"691\" data-id=\"15657\"  src=\"http:\/\/www.emater.ro.gov.br\/ematerro\/wp-content\/uploads\/2024\/07\/20240724-07jul2024-23-distribuicao-de-calcario_porto-verde_gilberto-15-1024x691.jpg\" alt=\"\" class=\"wp-image-15657\" srcset=\"http:\/\/www.emater.ro.gov.br\/ematerro\/wp-content\/uploads\/2024\/07\/20240724-07jul2024-23-distribuicao-de-calcario_porto-verde_gilberto-15-1024x691.jpg 1024w, http:\/\/www.emater.ro.gov.br\/ematerro\/wp-content\/uploads\/2024\/07\/20240724-07jul2024-23-distribuicao-de-calcario_porto-verde_gilberto-15-300x203.jpg 300w, http:\/\/www.emater.ro.gov.br\/ematerro\/wp-content\/uploads\/2024\/07\/20240724-07jul2024-23-distribuicao-de-calcario_porto-verde_gilberto-15-768x518.jpg 768w, http:\/\/www.emater.ro.gov.br\/ematerro\/wp-content\/uploads\/2024\/07\/20240724-07jul2024-23-distribuicao-de-calcario_porto-verde_gilberto-15-1536x1037.jpg 1536w, http:\/\/www.emater.ro.gov.br\/ematerro\/wp-content\/uploads\/2024\/07\/20240724-07jul2024-23-distribuicao-de-calcario_porto-verde_gilberto-15.jpg 1600w\" sizes=\"(max-width: 1024px) 100vw, 1024px\" \/><\/figure>\n\n\n\n<figure class=\"wp-block-image size-large\"><img decoding=\"async\" loading=\"lazy\" width=\"1024\" height=\"691\" data-id=\"15658\"  src=\"http:\/\/www.emater.ro.gov.br\/ematerro\/wp-content\/uploads\/2024\/07\/20240724-07jul2024-23-distribuicao-de-calcario_porto-verde_gilberto-16-1024x691.jpg\" alt=\"\" class=\"wp-image-15658\" srcset=\"http:\/\/www.emater.ro.gov.br\/ematerro\/wp-content\/uploads\/2024\/07\/20240724-07jul2024-23-distribuicao-de-calcario_porto-verde_gilberto-16-1024x691.jpg 1024w, http:\/\/www.emater.ro.gov.br\/ematerro\/wp-content\/uploads\/2024\/07\/20240724-07jul2024-23-distribuicao-de-calcario_porto-verde_gilberto-16-300x203.jpg 300w, http:\/\/www.emater.ro.gov.br\/ematerro\/wp-content\/uploads\/2024\/07\/20240724-07jul2024-23-distribuicao-de-calcario_porto-verde_gilberto-16-768x518.jpg 768w, http:\/\/www.emater.ro.gov.br\/ematerro\/wp-content\/uploads\/2024\/07\/20240724-07jul2024-23-distribuicao-de-calcario_porto-verde_gilberto-16-1536x1037.jpg 1536w, http:\/\/www.emater.ro.gov.br\/ematerro\/wp-content\/uploads\/2024\/07\/20240724-07jul2024-23-distribuicao-de-calcario_porto-verde_gilberto-16.jpg 1600w\" sizes=\"(max-width: 1024px) 100vw, 1024px\" \/><\/figure>\n\n\n\n<figure class=\"wp-block-image size-large\"><img decoding=\"async\" loading=\"lazy\" width=\"1024\" height=\"691\" data-id=\"15659\"  src=\"http:\/\/www.emater.ro.gov.br\/ematerro\/wp-content\/uploads\/2024\/07\/20240724-07jul2024-23-distribuicao-de-calcario_porto-verde_gilberto-18-1024x691.jpg\" alt=\"\" class=\"wp-image-15659\" srcset=\"http:\/\/www.emater.ro.gov.br\/ematerro\/wp-content\/uploads\/2024\/07\/20240724-07jul2024-23-distribuicao-de-calcario_porto-verde_gilberto-18-1024x691.jpg 1024w, http:\/\/www.emater.ro.gov.br\/ematerro\/wp-content\/uploads\/2024\/07\/20240724-07jul2024-23-distribuicao-de-calcario_porto-verde_gilberto-18-300x203.jpg 300w, http:\/\/www.emater.ro.gov.br\/ematerro\/wp-content\/uploads\/2024\/07\/20240724-07jul2024-23-distribuicao-de-calcario_porto-verde_gilberto-18-768x518.jpg 768w, http:\/\/www.emater.ro.gov.br\/ematerro\/wp-content\/uploads\/2024\/07\/20240724-07jul2024-23-distribuicao-de-calcario_porto-verde_gilberto-18-1536x1037.jpg 1536w, http:\/\/www.emater.ro.gov.br\/ematerro\/wp-content\/uploads\/2024\/07\/20240724-07jul2024-23-distribuicao-de-calcario_porto-verde_gilberto-18.jpg 1600w\" sizes=\"(max-width: 1024px) 100vw, 1024px\" \/><\/figure>\n\n\n\n<figure class=\"wp-block-image size-large\"><img decoding=\"async\" loading=\"lazy\" width=\"1024\" height=\"691\" data-id=\"15660\"  src=\"http:\/\/www.emater.ro.gov.br\/ematerro\/wp-content\/uploads\/2024\/07\/20240724-07jul2024-23-distribuicao-de-calcario_porto-verde_gilberto-19-1024x691.jpg\" alt=\"\" class=\"wp-image-15660\" srcset=\"http:\/\/www.emater.ro.gov.br\/ematerro\/wp-content\/uploads\/2024\/07\/20240724-07jul2024-23-distribuicao-de-calcario_porto-verde_gilberto-19-1024x691.jpg 1024w, http:\/\/www.emater.ro.gov.br\/ematerro\/wp-content\/uploads\/2024\/07\/20240724-07jul2024-23-distribuicao-de-calcario_porto-verde_gilberto-19-300x203.jpg 300w, http:\/\/www.emater.ro.gov.br\/ematerro\/wp-content\/uploads\/2024\/07\/20240724-07jul2024-23-distribuicao-de-calcario_porto-verde_gilberto-19-768x518.jpg 768w, http:\/\/www.emater.ro.gov.br\/ematerro\/wp-content\/uploads\/2024\/07\/20240724-07jul2024-23-distribuicao-de-calcario_porto-verde_gilberto-19-1536x1037.jpg 1536w, http:\/\/www.emater.ro.gov.br\/ematerro\/wp-content\/uploads\/2024\/07\/20240724-07jul2024-23-distribuicao-de-calcario_porto-verde_gilberto-19.jpg 1600w\" sizes=\"(max-width: 1024px) 100vw, 1024px\" \/><\/figure>\n\n\n\n<figure class=\"wp-block-image size-large\"><img decoding=\"async\" loading=\"lazy\" width=\"1024\" height=\"691\" data-id=\"15661\"  src=\"http:\/\/www.emater.ro.gov.br\/ematerro\/wp-content\/uploads\/2024\/07\/20240724-07jul2024-23-distribuicao-de-calcario_porto-verde_gilberto-20-1024x691.jpg\" alt=\"\" class=\"wp-image-15661\" srcset=\"http:\/\/www.emater.ro.gov.br\/ematerro\/wp-content\/uploads\/2024\/07\/20240724-07jul2024-23-distribuicao-de-calcario_porto-verde_gilberto-20-1024x691.jpg 1024w, http:\/\/www.emater.ro.gov.br\/ematerro\/wp-content\/uploads\/2024\/07\/20240724-07jul2024-23-distribuicao-de-calcario_porto-verde_gilberto-20-300x203.jpg 300w, http:\/\/www.emater.ro.gov.br\/ematerro\/wp-content\/uploads\/2024\/07\/20240724-07jul2024-23-distribuicao-de-calcario_porto-verde_gilberto-20-768x518.jpg 768w, http:\/\/www.emater.ro.gov.br\/ematerro\/wp-content\/uploads\/2024\/07\/20240724-07jul2024-23-distribuicao-de-calcario_porto-verde_gilberto-20-1536x1037.jpg 1536w, http:\/\/www.emater.ro.gov.br\/ematerro\/wp-content\/uploads\/2024\/07\/20240724-07jul2024-23-distribuicao-de-calcario_porto-verde_gilberto-20.jpg 1600w\" sizes=\"(max-width: 1024px) 100vw, 1024px\" \/><\/figure>\n\n\n\n<figure class=\"wp-block-image size-large\"><img decoding=\"async\" loading=\"lazy\" width=\"1024\" height=\"691\" data-id=\"15662\"  src=\"http:\/\/www.emater.ro.gov.br\/ematerro\/wp-content\/uploads\/2024\/07\/20240724-07jul2024-23-distribuicao-de-calcario_porto-verde_gilberto-21-1024x691.jpg\" alt=\"\" class=\"wp-image-15662\" srcset=\"http:\/\/www.emater.ro.gov.br\/ematerro\/wp-content\/uploads\/2024\/07\/20240724-07jul2024-23-distribuicao-de-calcario_porto-verde_gilberto-21-1024x691.jpg 1024w, http:\/\/www.emater.ro.gov.br\/ematerro\/wp-content\/uploads\/2024\/07\/20240724-07jul2024-23-distribuicao-de-calcario_porto-verde_gilberto-21-300x203.jpg 300w, http:\/\/www.emater.ro.gov.br\/ematerro\/wp-content\/uploads\/2024\/07\/20240724-07jul2024-23-distribuicao-de-calcario_porto-verde_gilberto-21-768x518.jpg 768w, http:\/\/www.emater.ro.gov.br\/ematerro\/wp-content\/uploads\/2024\/07\/20240724-07jul2024-23-distribuicao-de-calcario_porto-verde_gilberto-21-1536x1037.jpg 1536w, http:\/\/www.emater.ro.gov.br\/ematerro\/wp-content\/uploads\/2024\/07\/20240724-07jul2024-23-distribuicao-de-calcario_porto-verde_gilberto-21.jpg 1600w\" sizes=\"(max-width: 1024px) 100vw, 1024px\" \/><\/figure>\n\n\n\n<figure class=\"wp-block-image size-large\"><img decoding=\"async\" loading=\"lazy\" width=\"1024\" height=\"691\" data-id=\"15663\"  src=\"http:\/\/www.emater.ro.gov.br\/ematerro\/wp-content\/uploads\/2024\/07\/20240724-07jul2024-23-distribuicao-de-calcario_porto-verde_gilberto-22-1024x691.jpg\" alt=\"\" class=\"wp-image-15663\" srcset=\"http:\/\/www.emater.ro.gov.br\/ematerro\/wp-content\/uploads\/2024\/07\/20240724-07jul2024-23-distribuicao-de-calcario_porto-verde_gilberto-22-1024x691.jpg 1024w, http:\/\/www.emater.ro.gov.br\/ematerro\/wp-content\/uploads\/2024\/07\/20240724-07jul2024-23-distribuicao-de-calcario_porto-verde_gilberto-22-300x203.jpg 300w, http:\/\/www.emater.ro.gov.br\/ematerro\/wp-content\/uploads\/2024\/07\/20240724-07jul2024-23-distribuicao-de-calcario_porto-verde_gilberto-22-768x518.jpg 768w, http:\/\/www.emater.ro.gov.br\/ematerro\/wp-content\/uploads\/2024\/07\/20240724-07jul2024-23-distribuicao-de-calcario_porto-verde_gilberto-22-1536x1037.jpg 1536w, http:\/\/www.emater.ro.gov.br\/ematerro\/wp-content\/uploads\/2024\/07\/20240724-07jul2024-23-distribuicao-de-calcario_porto-verde_gilberto-22.jpg 1600w\" sizes=\"(max-width: 1024px) 100vw, 1024px\" \/><\/figure>\n\n\n\n<figure class=\"wp-block-image size-large\"><img decoding=\"async\" loading=\"lazy\" width=\"1024\" height=\"691\" data-id=\"15664\"  src=\"http:\/\/www.emater.ro.gov.br\/ematerro\/wp-content\/uploads\/2024\/07\/20240724-07jul2024-23-distribuicao-de-calcario_porto-verde_gilberto-23-1024x691.jpg\" alt=\"\" class=\"wp-image-15664\" srcset=\"http:\/\/www.emater.ro.gov.br\/ematerro\/wp-content\/uploads\/2024\/07\/20240724-07jul2024-23-distribuicao-de-calcario_porto-verde_gilberto-23-1024x691.jpg 1024w, http:\/\/www.emater.ro.gov.br\/ematerro\/wp-content\/uploads\/2024\/07\/20240724-07jul2024-23-distribuicao-de-calcario_porto-verde_gilberto-23-300x203.jpg 300w, http:\/\/www.emater.ro.gov.br\/ematerro\/wp-content\/uploads\/2024\/07\/20240724-07jul2024-23-distribuicao-de-calcario_porto-verde_gilberto-23-768x518.jpg 768w, http:\/\/www.emater.ro.gov.br\/ematerro\/wp-content\/uploads\/2024\/07\/20240724-07jul2024-23-distribuicao-de-calcario_porto-verde_gilberto-23-1536x1037.jpg 1536w, http:\/\/www.emater.ro.gov.br\/ematerro\/wp-content\/uploads\/2024\/07\/20240724-07jul2024-23-distribuicao-de-calcario_porto-verde_gilberto-23.jpg 1600w\" sizes=\"(max-width: 1024px) 100vw, 1024px\" \/><\/figure>\n\n\n\n<figure class=\"wp-block-image size-large\"><img decoding=\"async\" loading=\"lazy\" width=\"1024\" height=\"691\" data-id=\"15665\"  src=\"http:\/\/www.emater.ro.gov.br\/ematerro\/wp-content\/uploads\/2024\/07\/20240724-07jul2024-23-distribuicao-de-calcario_porto-verde_gilberto-24-1024x691.jpg\" alt=\"\" class=\"wp-image-15665\" srcset=\"http:\/\/www.emater.ro.gov.br\/ematerro\/wp-content\/uploads\/2024\/07\/20240724-07jul2024-23-distribuicao-de-calcario_porto-verde_gilberto-24-1024x691.jpg 1024w, http:\/\/www.emater.ro.gov.br\/ematerro\/wp-content\/uploads\/2024\/07\/20240724-07jul2024-23-distribuicao-de-calcario_porto-verde_gilberto-24-300x203.jpg 300w, http:\/\/www.emater.ro.gov.br\/ematerro\/wp-content\/uploads\/2024\/07\/20240724-07jul2024-23-distribuicao-de-calcario_porto-verde_gilberto-24-768x518.jpg 768w, http:\/\/www.emater.ro.gov.br\/ematerro\/wp-content\/uploads\/2024\/07\/20240724-07jul2024-23-distribuicao-de-calcario_porto-verde_gilberto-24-1536x1037.jpg 1536w, http:\/\/www.emater.ro.gov.br\/ematerro\/wp-content\/uploads\/2024\/07\/20240724-07jul2024-23-distribuicao-de-calcario_porto-verde_gilberto-24.jpg 1600w\" sizes=\"(max-width: 1024px) 100vw, 1024px\" \/><\/figure>\n\n\n\n<figure class=\"wp-block-image size-large\"><img decoding=\"async\" loading=\"lazy\" width=\"1024\" height=\"692\" data-id=\"15666\"  src=\"http:\/\/www.emater.ro.gov.br\/ematerro\/wp-content\/uploads\/2024\/07\/20240724-07jul2024-23-distribuicao-de-calcario_porto-verde_gilberto-25-1024x692.jpg\" alt=\"\" class=\"wp-image-15666\" srcset=\"http:\/\/www.emater.ro.gov.br\/ematerro\/wp-content\/uploads\/2024\/07\/20240724-07jul2024-23-distribuicao-de-calcario_porto-verde_gilberto-25-1024x692.jpg 1024w, http:\/\/www.emater.ro.gov.br\/ematerro\/wp-content\/uploads\/2024\/07\/20240724-07jul2024-23-distribuicao-de-calcario_porto-verde_gilberto-25-300x203.jpg 300w, http:\/\/www.emater.ro.gov.br\/ematerro\/wp-content\/uploads\/2024\/07\/20240724-07jul2024-23-distribuicao-de-calcario_porto-verde_gilberto-25-768x519.jpg 768w, http:\/\/www.emater.ro.gov.br\/ematerro\/wp-content\/uploads\/2024\/07\/20240724-07jul2024-23-distribuicao-de-calcario_porto-verde_gilberto-25-1536x1038.jpg 1536w, http:\/\/www.emater.ro.gov.br\/ematerro\/wp-content\/uploads\/2024\/07\/20240724-07jul2024-23-distribuicao-de-calcario_porto-verde_gilberto-25.jpg 1800w\" sizes=\"(max-width: 1024px) 100vw, 1024px\" \/><\/figure>\n\n\n\n<figure class=\"wp-block-image size-large\"><img decoding=\"async\" loading=\"lazy\" width=\"1024\" height=\"691\" data-id=\"15667\"  src=\"http:\/\/www.emater.ro.gov.br\/ematerro\/wp-content\/uploads\/2024\/07\/20240724-07jul2024-23-distribuicao-de-calcario_porto-verde_gilberto-26-1024x691.jpg\" alt=\"\" class=\"wp-image-15667\" srcset=\"http:\/\/www.emater.ro.gov.br\/ematerro\/wp-content\/uploads\/2024\/07\/20240724-07jul2024-23-distribuicao-de-calcario_porto-verde_gilberto-26-1024x691.jpg 1024w, http:\/\/www.emater.ro.gov.br\/ematerro\/wp-content\/uploads\/2024\/07\/20240724-07jul2024-23-distribuicao-de-calcario_porto-verde_gilberto-26-300x203.jpg 300w, http:\/\/www.emater.ro.gov.br\/ematerro\/wp-content\/uploads\/2024\/07\/20240724-07jul2024-23-distribuicao-de-calcario_porto-verde_gilberto-26-768x518.jpg 768w, http:\/\/www.emater.ro.gov.br\/ematerro\/wp-content\/uploads\/2024\/07\/20240724-07jul2024-23-distribuicao-de-calcario_porto-verde_gilberto-26.jpg 1280w\" sizes=\"(max-width: 1024px) 100vw, 1024px\" \/><\/figure>\n\n\n\n<figure class=\"wp-block-image size-large\"><img decoding=\"async\" loading=\"lazy\" width=\"1024\" height=\"691\" data-id=\"15668\"  src=\"http:\/\/www.emater.ro.gov.br\/ematerro\/wp-content\/uploads\/2024\/07\/20240724-07jul2024-23-distribuicao-de-calcario_porto-verde_gilberto-28-1024x691.jpg\" alt=\"\" class=\"wp-image-15668\" srcset=\"http:\/\/www.emater.ro.gov.br\/ematerro\/wp-content\/uploads\/2024\/07\/20240724-07jul2024-23-distribuicao-de-calcario_porto-verde_gilberto-28-1024x691.jpg 1024w, http:\/\/www.emater.ro.gov.br\/ematerro\/wp-content\/uploads\/2024\/07\/20240724-07jul2024-23-distribuicao-de-calcario_porto-verde_gilberto-28-300x202.jpg 300w, http:\/\/www.emater.ro.gov.br\/ematerro\/wp-content\/uploads\/2024\/07\/20240724-07jul2024-23-distribuicao-de-calcario_porto-verde_gilberto-28-768x518.jpg 768w, http:\/\/www.emater.ro.gov.br\/ematerro\/wp-content\/uploads\/2024\/07\/20240724-07jul2024-23-distribuicao-de-calcario_porto-verde_gilberto-28-1536x1036.jpg 1536w, http:\/\/www.emater.ro.gov.br\/ematerro\/wp-content\/uploads\/2024\/07\/20240724-07jul2024-23-distribuicao-de-calcario_porto-verde_gilberto-28.jpg 1800w\" sizes=\"(max-width: 1024px) 100vw, 1024px\" \/><\/figure>\n\n\n\n<figure class=\"wp-block-image size-large\"><img decoding=\"async\" loading=\"lazy\" width=\"1024\" height=\"691\" data-id=\"15669\"  src=\"http:\/\/www.emater.ro.gov.br\/ematerro\/wp-content\/uploads\/2024\/07\/20240724-07jul2024-23-distribuicao-de-calcario_porto-verde_gilberto-30-1024x691.jpg\" alt=\"\" class=\"wp-image-15669\" srcset=\"http:\/\/www.emater.ro.gov.br\/ematerro\/wp-content\/uploads\/2024\/07\/20240724-07jul2024-23-distribuicao-de-calcario_porto-verde_gilberto-30-1024x691.jpg 1024w, http:\/\/www.emater.ro.gov.br\/ematerro\/wp-content\/uploads\/2024\/07\/20240724-07jul2024-23-distribuicao-de-calcario_porto-verde_gilberto-30-300x203.jpg 300w, http:\/\/www.emater.ro.gov.br\/ematerro\/wp-content\/uploads\/2024\/07\/20240724-07jul2024-23-distribuicao-de-calcario_porto-verde_gilberto-30-768x518.jpg 768w, http:\/\/www.emater.ro.gov.br\/ematerro\/wp-content\/uploads\/2024\/07\/20240724-07jul2024-23-distribuicao-de-calcario_porto-verde_gilberto-30-1536x1037.jpg 1536w, http:\/\/www.emater.ro.gov.br\/ematerro\/wp-content\/uploads\/2024\/07\/20240724-07jul2024-23-distribuicao-de-calcario_porto-verde_gilberto-30.jpg 1600w\" sizes=\"(max-width: 1024px) 100vw, 1024px\" \/><\/figure>\n\n\n\n<figure class=\"wp-block-image size-large\"><img decoding=\"async\" loading=\"lazy\" width=\"1024\" height=\"691\" data-id=\"15670\"  src=\"http:\/\/www.emater.ro.gov.br\/ematerro\/wp-content\/uploads\/2024\/07\/20240724-07jul2024-23-distribuicao-de-calcario_porto-verde_gilberto-31-1024x691.jpg\" alt=\"\" class=\"wp-image-15670\" srcset=\"http:\/\/www.emater.ro.gov.br\/ematerro\/wp-content\/uploads\/2024\/07\/20240724-07jul2024-23-distribuicao-de-calcario_porto-verde_gilberto-31-1024x691.jpg 1024w, http:\/\/www.emater.ro.gov.br\/ematerro\/wp-content\/uploads\/2024\/07\/20240724-07jul2024-23-distribuicao-de-calcario_porto-verde_gilberto-31-300x203.jpg 300w, http:\/\/www.emater.ro.gov.br\/ematerro\/wp-content\/uploads\/2024\/07\/20240724-07jul2024-23-distribuicao-de-calcario_porto-verde_gilberto-31-768x518.jpg 768w, http:\/\/www.emater.ro.gov.br\/ematerro\/wp-content\/uploads\/2024\/07\/20240724-07jul2024-23-distribuicao-de-calcario_porto-verde_gilberto-31-1536x1037.jpg 1536w, http:\/\/www.emater.ro.gov.br\/ematerro\/wp-content\/uploads\/2024\/07\/20240724-07jul2024-23-distribuicao-de-calcario_porto-verde_gilberto-31.jpg 1600w\" sizes=\"(max-width: 1024px) 100vw, 1024px\" \/><\/figure>\n\n\n\n<figure class=\"wp-block-image size-large\"><img decoding=\"async\" loading=\"lazy\" width=\"1024\" height=\"691\" data-id=\"15671\"  src=\"http:\/\/www.emater.ro.gov.br\/ematerro\/wp-content\/uploads\/2024\/07\/20240724-07jul2024-23-distribuicao-de-calcario_porto-verde_gilberto-32-1024x691.jpg\" alt=\"\" class=\"wp-image-15671\" srcset=\"http:\/\/www.emater.ro.gov.br\/ematerro\/wp-content\/uploads\/2024\/07\/20240724-07jul2024-23-distribuicao-de-calcario_porto-verde_gilberto-32-1024x691.jpg 1024w, http:\/\/www.emater.ro.gov.br\/ematerro\/wp-content\/uploads\/2024\/07\/20240724-07jul2024-23-distribuicao-de-calcario_porto-verde_gilberto-32-300x203.jpg 300w, http:\/\/www.emater.ro.gov.br\/ematerro\/wp-content\/uploads\/2024\/07\/20240724-07jul2024-23-distribuicao-de-calcario_porto-verde_gilberto-32-768x518.jpg 768w, http:\/\/www.emater.ro.gov.br\/ematerro\/wp-content\/uploads\/2024\/07\/20240724-07jul2024-23-distribuicao-de-calcario_porto-verde_gilberto-32-1536x1037.jpg 1536w, http:\/\/www.emater.ro.gov.br\/ematerro\/wp-content\/uploads\/2024\/07\/20240724-07jul2024-23-distribuicao-de-calcario_porto-verde_gilberto-32.jpg 1600w\" sizes=\"(max-width: 1024px) 100vw, 1024px\" \/><\/figure>\n\n\n\n<figure class=\"wp-block-image size-large\"><img decoding=\"async\" loading=\"lazy\" width=\"1024\" height=\"691\" data-id=\"15672\"  src=\"http:\/\/www.emater.ro.gov.br\/ematerro\/wp-content\/uploads\/2024\/07\/20240724-07jul2024-23-distribuicao-de-calcario_porto-verde_gilberto-37-1024x691.jpg\" alt=\"\" class=\"wp-image-15672\" srcset=\"http:\/\/www.emater.ro.gov.br\/ematerro\/wp-content\/uploads\/2024\/07\/20240724-07jul2024-23-distribuicao-de-calcario_porto-verde_gilberto-37-1024x691.jpg 1024w, http:\/\/www.emater.ro.gov.br\/ematerro\/wp-content\/uploads\/2024\/07\/20240724-07jul2024-23-distribuicao-de-calcario_porto-verde_gilberto-37-300x203.jpg 300w, http:\/\/www.emater.ro.gov.br\/ematerro\/wp-content\/uploads\/2024\/07\/20240724-07jul2024-23-distribuicao-de-calcario_porto-verde_gilberto-37-768x518.jpg 768w, http:\/\/www.emater.ro.gov.br\/ematerro\/wp-content\/uploads\/2024\/07\/20240724-07jul2024-23-distribuicao-de-calcario_porto-verde_gilberto-37-1536x1037.jpg 1536w, http:\/\/www.emater.ro.gov.br\/ematerro\/wp-content\/uploads\/2024\/07\/20240724-07jul2024-23-distribuicao-de-calcario_porto-verde_gilberto-37.jpg 1600w\" sizes=\"(max-width: 1024px) 100vw, 1024px\" \/><\/figure>\n\n\n\n<figure class=\"wp-block-image size-large\"><img decoding=\"async\" loading=\"lazy\" width=\"1024\" height=\"691\" data-id=\"15673\"  src=\"http:\/\/www.emater.ro.gov.br\/ematerro\/wp-content\/uploads\/2024\/07\/20240724-07jul2024-23-distribuicao-de-calcario_porto-verde_gilberto-38-1024x691.jpg\" alt=\"\" class=\"wp-image-15673\" srcset=\"http:\/\/www.emater.ro.gov.br\/ematerro\/wp-content\/uploads\/2024\/07\/20240724-07jul2024-23-distribuicao-de-calcario_porto-verde_gilberto-38-1024x691.jpg 1024w, http:\/\/www.emater.ro.gov.br\/ematerro\/wp-content\/uploads\/2024\/07\/20240724-07jul2024-23-distribuicao-de-calcario_porto-verde_gilberto-38-300x203.jpg 300w, http:\/\/www.emater.ro.gov.br\/ematerro\/wp-content\/uploads\/2024\/07\/20240724-07jul2024-23-distribuicao-de-calcario_porto-verde_gilberto-38-768x518.jpg 768w, http:\/\/www.emater.ro.gov.br\/ematerro\/wp-content\/uploads\/2024\/07\/20240724-07jul2024-23-distribuicao-de-calcario_porto-verde_gilberto-38-1536x1037.jpg 1536w, http:\/\/www.emater.ro.gov.br\/ematerro\/wp-content\/uploads\/2024\/07\/20240724-07jul2024-23-distribuicao-de-calcario_porto-verde_gilberto-38.jpg 1600w\" sizes=\"(max-width: 1024px) 100vw, 1024px\" \/><\/figure>\n\n\n\n<figure class=\"wp-block-image size-large\"><img decoding=\"async\" loading=\"lazy\" width=\"1024\" height=\"691\" data-id=\"15674\"  src=\"http:\/\/www.emater.ro.gov.br\/ematerro\/wp-content\/uploads\/2024\/07\/20240724-07jul2024-23-distribuicao-de-calcario_porto-verde_gilberto-39-1024x691.jpg\" alt=\"\" class=\"wp-image-15674\" srcset=\"http:\/\/www.emater.ro.gov.br\/ematerro\/wp-content\/uploads\/2024\/07\/20240724-07jul2024-23-distribuicao-de-calcario_porto-verde_gilberto-39-1024x691.jpg 1024w, http:\/\/www.emater.ro.gov.br\/ematerro\/wp-content\/uploads\/2024\/07\/20240724-07jul2024-23-distribuicao-de-calcario_porto-verde_gilberto-39-300x203.jpg 300w, http:\/\/www.emater.ro.gov.br\/ematerro\/wp-content\/uploads\/2024\/07\/20240724-07jul2024-23-distribuicao-de-calcario_porto-verde_gilberto-39-768x518.jpg 768w, http:\/\/www.emater.ro.gov.br\/ematerro\/wp-content\/uploads\/2024\/07\/20240724-07jul2024-23-distribuicao-de-calcario_porto-verde_gilberto-39-1536x1037.jpg 1536w, http:\/\/www.emater.ro.gov.br\/ematerro\/wp-content\/uploads\/2024\/07\/20240724-07jul2024-23-distribuicao-de-calcario_porto-verde_gilberto-39.jpg 1600w\" sizes=\"(max-width: 1024px) 100vw, 1024px\" \/><\/figure>\n\n\n\n<figure class=\"wp-block-image size-large\"><img decoding=\"async\" loading=\"lazy\" width=\"1024\" height=\"691\" data-id=\"15675\"  src=\"http:\/\/www.emater.ro.gov.br\/ematerro\/wp-content\/uploads\/2024\/07\/20240724-07jul2024-23-distribuicao-de-calcario_porto-verde_gilberto-41-1024x691.jpg\" alt=\"\" class=\"wp-image-15675\" srcset=\"http:\/\/www.emater.ro.gov.br\/ematerro\/wp-content\/uploads\/2024\/07\/20240724-07jul2024-23-distribuicao-de-calcario_porto-verde_gilberto-41-1024x691.jpg 1024w, http:\/\/www.emater.ro.gov.br\/ematerro\/wp-content\/uploads\/2024\/07\/20240724-07jul2024-23-distribuicao-de-calcario_porto-verde_gilberto-41-300x203.jpg 300w, http:\/\/www.emater.ro.gov.br\/ematerro\/wp-content\/uploads\/2024\/07\/20240724-07jul2024-23-distribuicao-de-calcario_porto-verde_gilberto-41-768x518.jpg 768w, http:\/\/www.emater.ro.gov.br\/ematerro\/wp-content\/uploads\/2024\/07\/20240724-07jul2024-23-distribuicao-de-calcario_porto-verde_gilberto-41-1536x1037.jpg 1536w, http:\/\/www.emater.ro.gov.br\/ematerro\/wp-content\/uploads\/2024\/07\/20240724-07jul2024-23-distribuicao-de-calcario_porto-verde_gilberto-41.jpg 1600w\" sizes=\"(max-width: 1024px) 100vw, 1024px\" \/><\/figure>\n<\/figure>\n","protected":false},"excerpt":{"rendered":"<p>Assistidos pela Entidade Aut\u00e1rquica de Assist\u00eancia T\u00e9cnica e Extens\u00e3o Rural (Emater-RO), cerca de cem produtores familiares do distrito de Porto Verde, em Porto Velho, receberam 40 toneladas de calc\u00e1rio. O [&hellip;]<\/p>\n","protected":false},"author":9,"featured_media":15658,"comment_status":"closed","ping_status":"closed","sticky":false,"template":"","format":"standard","meta":[],"categories":[10,11],"tags":[],"_links":{"self":[{"href":"http:\/\/www.emater.ro.gov.br\/ematerro\/wp-json\/wp\/v2\/posts\/15651"}],"collection":[{"href":"http:\/\/www.emater.ro.gov.br\/ematerro\/wp-json\/wp\/v2\/posts"}],"about":[{"href":"http:\/\/www.emater.ro.gov.br\/ematerro\/wp-json\/wp\/v2\/types\/post"}],"author":[{"embeddable":true,"href":"http:\/\/www.emater.ro.gov.br\/ematerro\/wp-json\/wp\/v2\/users\/9"}],"replies":[{"embeddable":true,"href":"http:\/\/www.emater.ro.gov.br\/ematerro\/wp-json\/wp\/v2\/comments?post=15651"}],"version-history":[{"count":2,"href":"http:\/\/www.emater.ro.gov.br\/ematerro\/wp-json\/wp\/v2\/posts\/15651\/revisions"}],"predecessor-version":[{"id":15677,"href":"http:\/\/www.emater.ro.gov.br\/ematerro\/wp-json\/wp\/v2\/posts\/15651\/revisions\/15677"}],"wp:featuredmedia":[{"embeddable":true,"href":"http:\/\/www.emater.ro.gov.br\/ematerro\/wp-json\/wp\/v2\/media\/15658"}],"wp:attachment":[{"href":"http:\/\/www.emater.ro.gov.br\/ematerro\/wp-json\/wp\/v2\/media?parent=15651"}],"wp:term":[{"taxonomy":"category","embeddable":true,"href":"http:\/\/www.emater.ro.gov.br\/ematerro\/wp-json\/wp\/v2\/categories?post=15651"},{"taxonomy":"post_tag","embeddable":true,"href":"http:\/\/www.emater.ro.gov.br\/ematerro\/wp-json\/wp\/v2\/tags?post=15651"}],"curies":[{"name":"wp","href":"https:\/\/api.w.org\/{rel}","templated":true}]}}