{"id":15644,"date":"2024-07-25T07:56:43","date_gmt":"2024-07-25T11:56:43","guid":{"rendered":"http:\/\/www.emater.ro.gov.br\/ematerro\/?p=15644"},"modified":"2024-07-25T07:56:43","modified_gmt":"2024-07-25T11:56:43","slug":"emater-ro-promove-acoes-de-desenvolvimento-regional-sustentavel-no-vale-do-guapore","status":"publish","type":"post","link":"http:\/\/www.emater.ro.gov.br\/ematerro\/2024\/07\/25\/emater-ro-promove-acoes-de-desenvolvimento-regional-sustentavel-no-vale-do-guapore\/","title":{"rendered":"Emater-RO promove a\u00e7\u00f5es de desenvolvimento regional sustent\u00e1vel no Vale do Guapor\u00e9"},"content":{"rendered":"\n<figure class=\"wp-block-image size-large\"><img decoding=\"async\" loading=\"lazy\" width=\"1024\" height=\"768\" src=\"http:\/\/www.emater.ro.gov.br\/ematerro\/wp-content\/uploads\/2024\/07\/20240724-processamento-de-pirarucu-vale-do-guapore-1024x768.jpg\" alt=\"\" class=\"wp-image-15646\" srcset=\"http:\/\/www.emater.ro.gov.br\/ematerro\/wp-content\/uploads\/2024\/07\/20240724-processamento-de-pirarucu-vale-do-guapore-1024x768.jpg 1024w, http:\/\/www.emater.ro.gov.br\/ematerro\/wp-content\/uploads\/2024\/07\/20240724-processamento-de-pirarucu-vale-do-guapore-300x225.jpg 300w, http:\/\/www.emater.ro.gov.br\/ematerro\/wp-content\/uploads\/2024\/07\/20240724-processamento-de-pirarucu-vale-do-guapore-768x576.jpg 768w, http:\/\/www.emater.ro.gov.br\/ematerro\/wp-content\/uploads\/2024\/07\/20240724-processamento-de-pirarucu-vale-do-guapore-640x480.jpg 640w, http:\/\/www.emater.ro.gov.br\/ematerro\/wp-content\/uploads\/2024\/07\/20240724-processamento-de-pirarucu-vale-do-guapore.jpg 1280w\" sizes=\"(max-width: 1024px) 100vw, 1024px\" \/><figcaption class=\"wp-element-caption\"><em>Extensionistas orientam acerca das boas pr\u00e1ticas no processamento do Pirarucu<\/em><\/figcaption><\/figure>\n\n\n\n<p>Extensionistas da Entidade Aut\u00e1rquica de Assist\u00eancia T\u00e9cnica e Extens\u00e3o Rural de Rond\u00f4nia ( Emater-RO) est\u00e3o desenvolvendo junto as comunidades tradicionais do Vale do Guapor\u00e9 um trabalho de valoriza\u00e7\u00e3o e aproveitamento do potencial produtivo da regi\u00e3o. A inten\u00e7\u00e3o \u00e9 dar escala econ\u00f4mica \u00e0 produ\u00e7\u00e3o de objetos e alimentos tradicionais, confeccionados com materiais existentes na natureza, como sementes e fibras, usadas na produ\u00e7\u00e3o de adere\u00e7os pessoais, e produtos aliment\u00edcios usados na culin\u00e1ria tradicional.<\/p>\n\n\n\n<p>As comunidades tradicionais e quilombolas do Vale do Guapor\u00e9 possuem uma enorme diversidade cultural, que vem sendo transmitida atrav\u00e9s das gera\u00e7\u00f5es, s\u00e3o conhecimentos desenvolvidos pelos povos origin\u00e1rios da Amaz\u00f4nia, e outros trazidos pelos colonizadores ou por pessoas escravizadas trazidas da \u00c1frica, perpetuados por seus descendentes. A mistura desses povos deu origem \u00e0s comunidades que habitam as margens do Rio Guapor\u00e9 e seus afluentes, bem como \u00e0 riqueza cultural, material e imaterial, dessa regi\u00e3o.<\/p>\n\n\n<div class=\"wp-block-image\">\n<figure class=\"alignleft size-large is-resized\"><img decoding=\"async\" loading=\"lazy\" src=\"http:\/\/www.emater.ro.gov.br\/ematerro\/wp-content\/uploads\/2024\/07\/20240724-producao-de-biojoias-vale-do-guapore-771x1024.jpg\" alt=\"\" class=\"wp-image-15648\" width=\"350\" height=\"465\" srcset=\"http:\/\/www.emater.ro.gov.br\/ematerro\/wp-content\/uploads\/2024\/07\/20240724-producao-de-biojoias-vale-do-guapore-771x1024.jpg 771w, http:\/\/www.emater.ro.gov.br\/ematerro\/wp-content\/uploads\/2024\/07\/20240724-producao-de-biojoias-vale-do-guapore-226x300.jpg 226w, http:\/\/www.emater.ro.gov.br\/ematerro\/wp-content\/uploads\/2024\/07\/20240724-producao-de-biojoias-vale-do-guapore-768x1021.jpg 768w, http:\/\/www.emater.ro.gov.br\/ematerro\/wp-content\/uploads\/2024\/07\/20240724-producao-de-biojoias-vale-do-guapore-1156x1536.jpg 1156w, http:\/\/www.emater.ro.gov.br\/ematerro\/wp-content\/uploads\/2024\/07\/20240724-producao-de-biojoias-vale-do-guapore.jpg 1204w\" sizes=\"(max-width: 350px) 100vw, 350px\" \/><figcaption class=\"wp-element-caption\"><em>Produtoras rurais de comunidades tradicionais do Vale do Guapor\u00e9 s\u00e3o orientadas na produ\u00e7\u00e3o de arte<\/em>santos<\/figcaption><\/figure><\/div>\n\n\n<p>No munic\u00edpio de Costa Marques a equipe local da Emater-RO vem realizando diversas atividades entre elas a realiza\u00e7\u00e3o de cursos para produ\u00e7\u00e3o de adere\u00e7os pessoais tradicionais confeccionados com materiais extra\u00eddos da natureza, introduzindo na pr\u00e1tica artesanal algumas t\u00e9cnicas contempor\u00e2neas para potencializar a escala de produ\u00e7\u00e3o, disse Jaqueline Ribeiro Rosa, gerente Regional da Emater-RO, na regi\u00e3o do Vale Guapor\u00e9.<br>A culin\u00e1ria regional tamb\u00e9m \u00e9 enfatizada em cursos de boas pr\u00e1ticas de produ\u00e7\u00e3o de alimentos, produtos confeccionados com mat\u00e9ria prima da agricultura familiar ou extra\u00eddos da natureza, atrav\u00e9s da coleta na floresta ou da pesca artesanal nos rios e lagos local. O desenvolvimento sustent\u00e1vel da regi\u00e3o depende da capacita\u00e7\u00e3o da popula\u00e7\u00e3o para atender as demandas do turismo ambiental consciente.<\/p>\n\n\n\n<p><strong>Tradi\u00e7\u00e3o e sustentabilidade<\/strong><\/p>\n\n\n\n<p>A sustentabilidade \u00e9 prioridade, entre os principais produtos tirados da natureza pelos ribeirinhos do Guapor\u00e9, est\u00e3o as sementes, frutos e peixes, como: a Castanha do Brasil (Bertholletia Excelsa), utilizada na culin\u00e1ria e no artesanato, e o Pirarucu (Arapaima Gigas), peixe considerado invasor no Vale do Guapor\u00e9, porque at\u00e9 2014 n\u00e3o havia registro da presen\u00e7a desse animal na regi\u00e3o, motivo pelo qual \u00e9 exigido o manejo da esp\u00e9cie, e o consequente aproveitamento na alimenta\u00e7\u00e3o.<\/p>\n\n\n\n<p>A capacita\u00e7\u00e3o da popula\u00e7\u00e3o nas comunidades tradicionais do Vale do Guapor\u00e9 pelos extensionistas da Emater-RO j\u00e1 atendeu comunidades desde os distritos de Porto Rolim e Pedras Negras, munic\u00edpio de Alta Floresta, at\u00e9 comunidades abaixo da cidade de Costa Marques, \u00e1rea potencial para o turismo da pesca esportiva e contempla\u00e7\u00e3o da natureza.<\/p>\n\n\n\n<p>As capacita\u00e7\u00f5es s\u00e3o fundamentais para habilitar os ribeirinhos para atender o turismo na regi\u00e3o, como disse o governador durante a expoturismo 2024 no inicio de julho, \u201cA troca de conhecimentos e experi\u00eancias \u00e9 fundamental para promover o desenvolvimento econ\u00f4mico e preservar os recursos naturais da nossa regi\u00e3o\u201d enfatizou o governador Marcos Rocha.<\/p>\n\n\n\n<p><\/p>\n\n\n\n<div class=\"wp-block-group is-content-justification-right is-nowrap is-layout-flex wp-container-2\">\n<div class=\"wp-block-group is-vertical is-layout-flex wp-container-1\">\n<p>Texto: Enoque de Oliveira<\/p>\n\n\n\n<p>Fotos: Jaqueline Ribeiro Rosa<\/p>\n<\/div>\n<\/div>\n\n\n\n<p><\/p>\n","protected":false},"excerpt":{"rendered":"<p>Extensionistas da Entidade Aut\u00e1rquica de Assist\u00eancia T\u00e9cnica e Extens\u00e3o Rural de Rond\u00f4nia ( Emater-RO) est\u00e3o desenvolvendo junto as comunidades tradicionais do Vale do Guapor\u00e9 um trabalho de valoriza\u00e7\u00e3o e aproveitamento [&hellip;]<\/p>\n","protected":false},"author":8,"featured_media":15647,"comment_status":"closed","ping_status":"closed","sticky":false,"template":"","format":"standard","meta":[],"categories":[10,9,12],"tags":[],"_links":{"self":[{"href":"http:\/\/www.emater.ro.gov.br\/ematerro\/wp-json\/wp\/v2\/posts\/15644"}],"collection":[{"href":"http:\/\/www.emater.ro.gov.br\/ematerro\/wp-json\/wp\/v2\/posts"}],"about":[{"href":"http:\/\/www.emater.ro.gov.br\/ematerro\/wp-json\/wp\/v2\/types\/post"}],"author":[{"embeddable":true,"href":"http:\/\/www.emater.ro.gov.br\/ematerro\/wp-json\/wp\/v2\/users\/8"}],"replies":[{"embeddable":true,"href":"http:\/\/www.emater.ro.gov.br\/ematerro\/wp-json\/wp\/v2\/comments?post=15644"}],"version-history":[{"count":3,"href":"http:\/\/www.emater.ro.gov.br\/ematerro\/wp-json\/wp\/v2\/posts\/15644\/revisions"}],"predecessor-version":[{"id":15678,"href":"http:\/\/www.emater.ro.gov.br\/ematerro\/wp-json\/wp\/v2\/posts\/15644\/revisions\/15678"}],"wp:featuredmedia":[{"embeddable":true,"href":"http:\/\/www.emater.ro.gov.br\/ematerro\/wp-json\/wp\/v2\/media\/15647"}],"wp:attachment":[{"href":"http:\/\/www.emater.ro.gov.br\/ematerro\/wp-json\/wp\/v2\/media?parent=15644"}],"wp:term":[{"taxonomy":"category","embeddable":true,"href":"http:\/\/www.emater.ro.gov.br\/ematerro\/wp-json\/wp\/v2\/categories?post=15644"},{"taxonomy":"post_tag","embeddable":true,"href":"http:\/\/www.emater.ro.gov.br\/ematerro\/wp-json\/wp\/v2\/tags?post=15644"}],"curies":[{"name":"wp","href":"https:\/\/api.w.org\/{rel}","templated":true}]}}