{"id":15630,"date":"2024-07-17T10:44:38","date_gmt":"2024-07-17T14:44:38","guid":{"rendered":"http:\/\/www.emater.ro.gov.br\/ematerro\/?p=15630"},"modified":"2024-07-17T10:44:38","modified_gmt":"2024-07-17T14:44:38","slug":"paa-estadual-beneficia-pessoas-em-situacao-de-vulnerabilidade-em-todos-os-municipios","status":"publish","type":"post","link":"http:\/\/www.emater.ro.gov.br\/ematerro\/2024\/07\/17\/paa-estadual-beneficia-pessoas-em-situacao-de-vulnerabilidade-em-todos-os-municipios\/","title":{"rendered":"PAA estadual beneficia pessoas em situa\u00e7\u00e3o de vulnerabilidade em todos os munic\u00edpios"},"content":{"rendered":"\n<figure class=\"wp-block-image size-full\"><img decoding=\"async\" loading=\"lazy\" width=\"1000\" height=\"675\" src=\"http:\/\/www.emater.ro.gov.br\/ematerro\/wp-content\/uploads\/2024\/07\/20240715-vilhena-paa-estadual.jpg\" alt=\"\" class=\"wp-image-15623\" srcset=\"http:\/\/www.emater.ro.gov.br\/ematerro\/wp-content\/uploads\/2024\/07\/20240715-vilhena-paa-estadual.jpg 1000w, http:\/\/www.emater.ro.gov.br\/ematerro\/wp-content\/uploads\/2024\/07\/20240715-vilhena-paa-estadual-300x203.jpg 300w, http:\/\/www.emater.ro.gov.br\/ematerro\/wp-content\/uploads\/2024\/07\/20240715-vilhena-paa-estadual-768x518.jpg 768w\" sizes=\"(max-width: 1000px) 100vw, 1000px\" \/><\/figure>\n\n\n\n<p>O Programa de Aquisi\u00e7\u00e3o de Alimentos do Estado de Rond\u00f4nia (PAA estadual) j\u00e1 est\u00e1 em plena execu\u00e7\u00e3o, esta semana em todo o Estado, foram iniciadas as compras de produtos da agricultura familiar para doa\u00e7\u00e3o simult\u00e2nea a pessoais ou entidades socioassistenciais, cadastradas nos conselhos municipais. A compra e distribui\u00e7\u00e3o  come\u00e7ou esta semana nos munic\u00edpios de Vale do Paraiso, Rolim de Moura, Vilhena, e em v\u00e1rios outros as equipes da Entidade Aut\u00e1rquica de Assist\u00eancia T\u00e9cnica e Extens\u00e3o Rural de Rond\u00f4nia (Emater-RO) est\u00e3o em processo de organiza\u00e7\u00e3o para recep\u00e7\u00e3o dos alimentos. <\/p>\n\n\n\n<p>O PAA Estadual \u00e9 parte da pol\u00edtica p\u00fablica do governo de Rond\u00f4nia, institu\u00edda na Secretaria de Estado da Agricultura (Seagri) e executado pela Emater-RO, que \u00e0 semelhan\u00e7a do seus cong\u00eaneres federal e municipal, tem como objetivo atender pessoas em situa\u00e7\u00e3o de vulnerabilidade social e inseguran\u00e7a alimentar, e ao mesmo tempo apoiar a agricultura familiar.<\/p>\n\n\n<div class=\"wp-block-image\">\n<figure class=\"alignleft size-full is-resized\"><img decoding=\"async\" loading=\"lazy\" src=\"http:\/\/www.emater.ro.gov.br\/ematerro\/wp-content\/uploads\/2024\/07\/20240715-vilhena-paa-estadual-6.jpg\" alt=\"\" class=\"wp-image-15622\" width=\"401\" height=\"271\" srcset=\"http:\/\/www.emater.ro.gov.br\/ematerro\/wp-content\/uploads\/2024\/07\/20240715-vilhena-paa-estadual-6.jpg 1000w, http:\/\/www.emater.ro.gov.br\/ematerro\/wp-content\/uploads\/2024\/07\/20240715-vilhena-paa-estadual-6-300x203.jpg 300w, http:\/\/www.emater.ro.gov.br\/ematerro\/wp-content\/uploads\/2024\/07\/20240715-vilhena-paa-estadual-6-768x518.jpg 768w\" sizes=\"(max-width: 401px) 100vw, 401px\" \/><\/figure><\/div>\n\n\n<p>Trata-se de um programa social que prev\u00ea a compra direta de produtos aliment\u00edcios da agricultura familiar com dispensa do processo de licita\u00e7\u00e3o, seguindo, no entanto, as normas e metodologia institu\u00eddas pelo Grupo Gestor do Programa Alimenta Brasil, que exige pre\u00e7os compat\u00edveis com os do mercado local ou regional, nos termos do artigo 5\u00ba do decreto federal n\u00ba 10880 de dezembro de 2021.<\/p>\n\n\n\n<p>O governo de Rond\u00f4nia destinou tr\u00eas milh\u00f5es de reais para compra direta de agricultores familiares individualmente ou organizados em cooperativas. Ser\u00e3o adquiridos produtos in natura da safra vigente, ou processados em agroind\u00fastria familiar, desde que a mat\u00e9ria prima para fabrica\u00e7\u00e3o do produto seja produzida na unidade familiar.<\/p>\n\n\n\n<p>O servi\u00e7o de cadastramento, recebimento e conferencia de conformidade dos produtos exige esfor\u00e7o e conhecimento t\u00e9cnico dos extensionistas sociais e rurais, acompanhados pelo comit\u00ea gestor da Seagri, a \u201cEmater-RO executa a pol\u00edtica p\u00fablica determinada pelo governador Marcos Rocha, e para isso conta com um corpo t\u00e9cnico competente que faz chegar os benef\u00edcios do estado \u00e0s pessoas que mais precisam\u201d, disse Luciano Brand\u00e3o, Presidente da Emater-RO.<\/p>\n\n\n\n<p class=\"has-text-align-right\"><sup>Texto:Enoque de Oliveira<\/sup><sup><br>Fotos: Joise Nunes Machado<\/sup><\/p>\n","protected":false},"excerpt":{"rendered":"<p>O Programa de Aquisi\u00e7\u00e3o de Alimentos do Estado de Rond\u00f4nia (PAA estadual) j\u00e1 est\u00e1 em plena execu\u00e7\u00e3o, esta semana em todo o Estado, foram iniciadas as compras de produtos da [&hellip;]<\/p>\n","protected":false},"author":8,"featured_media":15632,"comment_status":"closed","ping_status":"closed","sticky":false,"template":"","format":"standard","meta":[],"categories":[9],"tags":[],"_links":{"self":[{"href":"http:\/\/www.emater.ro.gov.br\/ematerro\/wp-json\/wp\/v2\/posts\/15630"}],"collection":[{"href":"http:\/\/www.emater.ro.gov.br\/ematerro\/wp-json\/wp\/v2\/posts"}],"about":[{"href":"http:\/\/www.emater.ro.gov.br\/ematerro\/wp-json\/wp\/v2\/types\/post"}],"author":[{"embeddable":true,"href":"http:\/\/www.emater.ro.gov.br\/ematerro\/wp-json\/wp\/v2\/users\/8"}],"replies":[{"embeddable":true,"href":"http:\/\/www.emater.ro.gov.br\/ematerro\/wp-json\/wp\/v2\/comments?post=15630"}],"version-history":[{"count":4,"href":"http:\/\/www.emater.ro.gov.br\/ematerro\/wp-json\/wp\/v2\/posts\/15630\/revisions"}],"predecessor-version":[{"id":15636,"href":"http:\/\/www.emater.ro.gov.br\/ematerro\/wp-json\/wp\/v2\/posts\/15630\/revisions\/15636"}],"wp:featuredmedia":[{"embeddable":true,"href":"http:\/\/www.emater.ro.gov.br\/ematerro\/wp-json\/wp\/v2\/media\/15632"}],"wp:attachment":[{"href":"http:\/\/www.emater.ro.gov.br\/ematerro\/wp-json\/wp\/v2\/media?parent=15630"}],"wp:term":[{"taxonomy":"category","embeddable":true,"href":"http:\/\/www.emater.ro.gov.br\/ematerro\/wp-json\/wp\/v2\/categories?post=15630"},{"taxonomy":"post_tag","embeddable":true,"href":"http:\/\/www.emater.ro.gov.br\/ematerro\/wp-json\/wp\/v2\/tags?post=15630"}],"curies":[{"name":"wp","href":"https:\/\/api.w.org\/{rel}","templated":true}]}}