{"id":15617,"date":"2024-07-15T11:06:03","date_gmt":"2024-07-15T15:06:03","guid":{"rendered":"http:\/\/www.emater.ro.gov.br\/ematerro\/?p=15617"},"modified":"2024-07-15T11:09:13","modified_gmt":"2024-07-15T15:09:13","slug":"programa-paa-estadual-atende-instituicoes-filantropicas-de-vilhena","status":"publish","type":"post","link":"http:\/\/www.emater.ro.gov.br\/ematerro\/2024\/07\/15\/programa-paa-estadual-atende-instituicoes-filantropicas-de-vilhena\/","title":{"rendered":"Programa PAA estadual atende institui\u00e7\u00f5es filantr\u00f3picas de Vilhena"},"content":{"rendered":"\n<p><\/p>\n\n\n\n<p>Escrit\u00f3rio local da Emater-RO de Vilhena, na regi\u00e3o do cone sul de Rond\u00f4nia fez a primeira entrega de produtos aliment\u00edcios adquiridos com recursos do Programa Estadual de Aquisi\u00e7\u00e3o de Alimentos ( PAA) vers\u00e3o estadual 2024. Embora o munic\u00edpio tamb\u00e9m seja benefici\u00e1rio do programa PAA vers\u00e3o federal, as entidades beneficentes participantes do programa, destacam a relev\u00e2ncia do PAA estadual como contribui\u00e7\u00e3o direta do Governo de Rond\u00f4nia, no atendimento de pessoas em situa\u00e7\u00e3o de vulnerabilidade no munic\u00edpio, atendidos atrav\u00e9s das institui\u00e7\u00f5es Lar do Idoso e Casa de Apoio. \u00a0<\/p>\n\n\n\n<p>Texto: Enoque de Oliveira<br>Fotos:Joise Nunes Machado\u00a0\u00a0\u00a0\u00a0<\/p>\n\n\n\n<figure class=\"wp-block-gallery has-nested-images columns-default is-cropped wp-block-gallery-1 is-layout-flex\">\n<figure class=\"wp-block-image size-large\"><img decoding=\"async\" loading=\"lazy\" width=\"1000\" height=\"750\" data-id=\"15618\"  src=\"http:\/\/www.emater.ro.gov.br\/ematerro\/wp-content\/uploads\/2024\/07\/20240715-vilheana-paa-estadual-4.jpg\" alt=\"\" class=\"wp-image-15618\" srcset=\"http:\/\/www.emater.ro.gov.br\/ematerro\/wp-content\/uploads\/2024\/07\/20240715-vilheana-paa-estadual-4.jpg 1000w, http:\/\/www.emater.ro.gov.br\/ematerro\/wp-content\/uploads\/2024\/07\/20240715-vilheana-paa-estadual-4-300x225.jpg 300w, http:\/\/www.emater.ro.gov.br\/ematerro\/wp-content\/uploads\/2024\/07\/20240715-vilheana-paa-estadual-4-768x576.jpg 768w, http:\/\/www.emater.ro.gov.br\/ematerro\/wp-content\/uploads\/2024\/07\/20240715-vilheana-paa-estadual-4-640x480.jpg 640w\" sizes=\"(max-width: 1000px) 100vw, 1000px\" \/><\/figure>\n\n\n\n<figure class=\"wp-block-image size-large\"><img decoding=\"async\" loading=\"lazy\" width=\"1000\" height=\"675\" data-id=\"15619\"  src=\"http:\/\/www.emater.ro.gov.br\/ematerro\/wp-content\/uploads\/2024\/07\/20240715-vilhena-paa-estadual-1.jpg\" alt=\"\" class=\"wp-image-15619\" srcset=\"http:\/\/www.emater.ro.gov.br\/ematerro\/wp-content\/uploads\/2024\/07\/20240715-vilhena-paa-estadual-1.jpg 1000w, http:\/\/www.emater.ro.gov.br\/ematerro\/wp-content\/uploads\/2024\/07\/20240715-vilhena-paa-estadual-1-300x203.jpg 300w, http:\/\/www.emater.ro.gov.br\/ematerro\/wp-content\/uploads\/2024\/07\/20240715-vilhena-paa-estadual-1-768x518.jpg 768w\" sizes=\"(max-width: 1000px) 100vw, 1000px\" \/><\/figure>\n\n\n\n<figure class=\"wp-block-image size-large\"><img decoding=\"async\" loading=\"lazy\" width=\"1000\" height=\"675\" data-id=\"15620\"  src=\"http:\/\/www.emater.ro.gov.br\/ematerro\/wp-content\/uploads\/2024\/07\/20240715-vilhena-paa-estadual-3.jpg\" alt=\"\" class=\"wp-image-15620\" srcset=\"http:\/\/www.emater.ro.gov.br\/ematerro\/wp-content\/uploads\/2024\/07\/20240715-vilhena-paa-estadual-3.jpg 1000w, http:\/\/www.emater.ro.gov.br\/ematerro\/wp-content\/uploads\/2024\/07\/20240715-vilhena-paa-estadual-3-300x203.jpg 300w, http:\/\/www.emater.ro.gov.br\/ematerro\/wp-content\/uploads\/2024\/07\/20240715-vilhena-paa-estadual-3-768x518.jpg 768w\" sizes=\"(max-width: 1000px) 100vw, 1000px\" \/><\/figure>\n\n\n\n<figure class=\"wp-block-image size-large\"><img decoding=\"async\" loading=\"lazy\" width=\"1000\" height=\"675\" data-id=\"15621\"  src=\"http:\/\/www.emater.ro.gov.br\/ematerro\/wp-content\/uploads\/2024\/07\/20240715-vilhena-paa-estadual-5.jpg\" alt=\"\" class=\"wp-image-15621\" srcset=\"http:\/\/www.emater.ro.gov.br\/ematerro\/wp-content\/uploads\/2024\/07\/20240715-vilhena-paa-estadual-5.jpg 1000w, http:\/\/www.emater.ro.gov.br\/ematerro\/wp-content\/uploads\/2024\/07\/20240715-vilhena-paa-estadual-5-300x203.jpg 300w, http:\/\/www.emater.ro.gov.br\/ematerro\/wp-content\/uploads\/2024\/07\/20240715-vilhena-paa-estadual-5-768x518.jpg 768w\" sizes=\"(max-width: 1000px) 100vw, 1000px\" \/><\/figure>\n\n\n\n<figure class=\"wp-block-image size-large\"><img decoding=\"async\" loading=\"lazy\" width=\"1000\" height=\"675\" data-id=\"15622\"  src=\"http:\/\/www.emater.ro.gov.br\/ematerro\/wp-content\/uploads\/2024\/07\/20240715-vilhena-paa-estadual-6.jpg\" alt=\"\" class=\"wp-image-15622\" srcset=\"http:\/\/www.emater.ro.gov.br\/ematerro\/wp-content\/uploads\/2024\/07\/20240715-vilhena-paa-estadual-6.jpg 1000w, http:\/\/www.emater.ro.gov.br\/ematerro\/wp-content\/uploads\/2024\/07\/20240715-vilhena-paa-estadual-6-300x203.jpg 300w, http:\/\/www.emater.ro.gov.br\/ematerro\/wp-content\/uploads\/2024\/07\/20240715-vilhena-paa-estadual-6-768x518.jpg 768w\" sizes=\"(max-width: 1000px) 100vw, 1000px\" \/><\/figure>\n\n\n\n<figure class=\"wp-block-image size-large\"><img decoding=\"async\" loading=\"lazy\" width=\"1000\" height=\"675\" data-id=\"15623\"  src=\"http:\/\/www.emater.ro.gov.br\/ematerro\/wp-content\/uploads\/2024\/07\/20240715-vilhena-paa-estadual.jpg\" alt=\"\" class=\"wp-image-15623\" srcset=\"http:\/\/www.emater.ro.gov.br\/ematerro\/wp-content\/uploads\/2024\/07\/20240715-vilhena-paa-estadual.jpg 1000w, http:\/\/www.emater.ro.gov.br\/ematerro\/wp-content\/uploads\/2024\/07\/20240715-vilhena-paa-estadual-300x203.jpg 300w, http:\/\/www.emater.ro.gov.br\/ematerro\/wp-content\/uploads\/2024\/07\/20240715-vilhena-paa-estadual-768x518.jpg 768w\" sizes=\"(max-width: 1000px) 100vw, 1000px\" \/><\/figure>\n<\/figure>\n","protected":false},"excerpt":{"rendered":"<p>Escrit\u00f3rio local da Emater-RO de Vilhena, na regi\u00e3o do cone sul de Rond\u00f4nia fez a primeira entrega de produtos aliment\u00edcios adquiridos com recursos do Programa Estadual de Aquisi\u00e7\u00e3o de Alimentos [&hellip;]<\/p>\n","protected":false},"author":8,"featured_media":15623,"comment_status":"closed","ping_status":"closed","sticky":false,"template":"","format":"standard","meta":[],"categories":[11],"tags":[],"_links":{"self":[{"href":"http:\/\/www.emater.ro.gov.br\/ematerro\/wp-json\/wp\/v2\/posts\/15617"}],"collection":[{"href":"http:\/\/www.emater.ro.gov.br\/ematerro\/wp-json\/wp\/v2\/posts"}],"about":[{"href":"http:\/\/www.emater.ro.gov.br\/ematerro\/wp-json\/wp\/v2\/types\/post"}],"author":[{"embeddable":true,"href":"http:\/\/www.emater.ro.gov.br\/ematerro\/wp-json\/wp\/v2\/users\/8"}],"replies":[{"embeddable":true,"href":"http:\/\/www.emater.ro.gov.br\/ematerro\/wp-json\/wp\/v2\/comments?post=15617"}],"version-history":[{"count":3,"href":"http:\/\/www.emater.ro.gov.br\/ematerro\/wp-json\/wp\/v2\/posts\/15617\/revisions"}],"predecessor-version":[{"id":15626,"href":"http:\/\/www.emater.ro.gov.br\/ematerro\/wp-json\/wp\/v2\/posts\/15617\/revisions\/15626"}],"wp:featuredmedia":[{"embeddable":true,"href":"http:\/\/www.emater.ro.gov.br\/ematerro\/wp-json\/wp\/v2\/media\/15623"}],"wp:attachment":[{"href":"http:\/\/www.emater.ro.gov.br\/ematerro\/wp-json\/wp\/v2\/media?parent=15617"}],"wp:term":[{"taxonomy":"category","embeddable":true,"href":"http:\/\/www.emater.ro.gov.br\/ematerro\/wp-json\/wp\/v2\/categories?post=15617"},{"taxonomy":"post_tag","embeddable":true,"href":"http:\/\/www.emater.ro.gov.br\/ematerro\/wp-json\/wp\/v2\/tags?post=15617"}],"curies":[{"name":"wp","href":"https:\/\/api.w.org\/{rel}","templated":true}]}}