{"id":15581,"date":"2024-07-12T12:34:56","date_gmt":"2024-07-12T16:34:56","guid":{"rendered":"http:\/\/www.emater.ro.gov.br\/ematerro\/?p=15581"},"modified":"2024-09-10T09:24:17","modified_gmt":"2024-09-10T13:24:17","slug":"emater-ro-e-produtor-de-teixeiropolis-apresentam-tecnologia-do-cafe-clonal","status":"publish","type":"post","link":"http:\/\/www.emater.ro.gov.br\/ematerro\/2024\/07\/12\/emater-ro-e-produtor-de-teixeiropolis-apresentam-tecnologia-do-cafe-clonal\/","title":{"rendered":"Emater-RO e Produtor de Teixeir\u00f3polis apresentam tecnologia para o caf\u00e9 clonal"},"content":{"rendered":"\n<figure class=\"wp-block-image size-full\"><img decoding=\"async\" loading=\"lazy\" width=\"1000\" height=\"675\" src=\"http:\/\/www.emater.ro.gov.br\/ematerro\/wp-content\/uploads\/2024\/07\/20240712-cafe-teixeiropolis-3-1.jpg\" alt=\"\" class=\"wp-image-15585\" srcset=\"http:\/\/www.emater.ro.gov.br\/ematerro\/wp-content\/uploads\/2024\/07\/20240712-cafe-teixeiropolis-3-1.jpg 1000w, http:\/\/www.emater.ro.gov.br\/ematerro\/wp-content\/uploads\/2024\/07\/20240712-cafe-teixeiropolis-3-1-300x203.jpg 300w, http:\/\/www.emater.ro.gov.br\/ematerro\/wp-content\/uploads\/2024\/07\/20240712-cafe-teixeiropolis-3-1-768x518.jpg 768w\" sizes=\"(max-width: 1000px) 100vw, 1000px\" \/><figcaption class=\"wp-element-caption\">Extensionista da Emater-RO prestando assist\u00eancia t\u00e9cnica \u00e0 produtora diretamente na lavoura  <\/figcaption><\/figure>\n\n\n\n<p>No munic\u00edpio de Teixeir\u00f3polis, regi\u00e3o central de Rond\u00f4nia, o produtor Neri de Oliveira, decidiu abrir sua propriedade para mostrar os resultados da sua produ\u00e7\u00e3o agr\u00edcola, conseguida com assist\u00eancia t\u00e9cnica da Entidade Aut\u00e1rquica de Assist\u00eancia T\u00e9cnica e Extens\u00e3o Rural (Emater-RO), o produtor \u00e9 benefici\u00e1rio dos programas p\u00fablicos de incentivo ao desenvolvimento rural mantidos pelo governo do Estado.<\/p>\n\n\n\n<p>O agricultor familiar recebe orienta\u00e7\u00e3o t\u00e9cnica da Emater-RO em todos os cultivos que possui na propriedade, que \u00e9 bem diversificada, tem cria\u00e7\u00e3o de peixes, em cinco tanques que ocupam mais de uma hectare, cria\u00e7\u00e3o de gado leiteiro e este ano fez a primeira colheita de caf\u00e9 clonal, implantado com cinco mil mudas fornecidas pelo programa Plante Mais, do governo de Rond\u00f4nia.<\/p>\n\n\n\n<p>O produtor ainda foi beneficiado pelo programa Mais Calc\u00e1rio, a\u00e7\u00e3o de fomento que \u201coferece frete gr\u00e1tis para o produtor rural que adquirir calc\u00e1rio em qualquer usina do Estado, desde que seja assistido pela Emater-RO e esteja cadastrado no programa de fomento, mantido pela Secretaria de Estado da Agricultura\u201d (Seagri), diz Luciano Brand\u00e3o, presidente da Emater-RO.<\/p>\n\n\n\n<p>A propriedade do senhor Neri Oliveira est\u00e1 cadastrada como uma das unidades de refer\u00eancia da Emater-RO, para a agricultura familiar no munic\u00edpio. No dia 12 de julho ele abre as portas da propriedade para receber os agricultores da regi\u00e3o, em um evento t\u00e9cnico de car\u00e1ter e festivo, chamado de dia especial do caf\u00e9 clonal, realizado pela Emater-RO e o produtor.<\/p>\n\n\n<div class=\"wp-block-image\">\n<figure class=\"alignleft size-full is-resized\"><img decoding=\"async\" loading=\"lazy\" src=\"http:\/\/www.emater.ro.gov.br\/ematerro\/wp-content\/uploads\/2024\/07\/20240712-cafe-teixeiropolis-2.jpg\" alt=\"\" class=\"wp-image-15587\" width=\"370\" height=\"250\" srcset=\"http:\/\/www.emater.ro.gov.br\/ematerro\/wp-content\/uploads\/2024\/07\/20240712-cafe-teixeiropolis-2.jpg 1000w, http:\/\/www.emater.ro.gov.br\/ematerro\/wp-content\/uploads\/2024\/07\/20240712-cafe-teixeiropolis-2-300x203.jpg 300w, http:\/\/www.emater.ro.gov.br\/ematerro\/wp-content\/uploads\/2024\/07\/20240712-cafe-teixeiropolis-2-768x518.jpg 768w\" sizes=\"(max-width: 370px) 100vw, 370px\" \/><figcaption class=\"wp-element-caption\">Extensionista orienta a fam\u00edlia no cultivo <\/figcaption><\/figure><\/div>\n\n\n<p>A cafeicultura tem recebido do governo do estado aten\u00e7\u00e3o especial dos programas oficiais, Plante Mais e Mais Calc\u00e1rio e dos projetos de melhoria da qualidade do caf\u00e9, Degusta Rond\u00f4nia e Concurso de Qualidade e Sustentabilidade do Caf\u00e9 (Concaf\u00e9), \u201cA excel\u00eancia do caf\u00e9 especial cultivado em Rond\u00f4nia \u00e9 um sinal positivo do potencial da regi\u00e3o, e do acerto dos investimentos p\u00fablicos na produ\u00e7\u00e3o\u201d, disse Marcos Rocha.<\/p>\n\n\n\n<p>Durante o dia especial os visitantes t\u00eam a oportunidade de conhecer os clones de Caf\u00e9 Robusta, mais precoces e produtivos que alcan\u00e7aram a produtividade de 53 sacas por hectare, j\u00e1 na primeira colheita, no segundo ano de cultivo, o que gera grande expectativa para as pr\u00f3ximas safras quando a lavoura alcan\u00e7ar a plenitude fisiol\u00f3gica. Al\u00e9m de conhecer a lavoura os visitantes podem tirar suas duvidas sobre as t\u00e9cnicas de cultivo, diretamente com os extensionistas da Emater-RO.<\/p>\n\n\n\n<p class=\"has-text-align-right\"><sup>Texto: Enoque de Oliveira. <\/sup><\/p>\n\n\n\n<p class=\"has-text-align-right\"><sup>Fotos: Jos\u00e9 da Silva Barros<\/sup><\/p>\n\n\n\n<p class=\"has-text-align-right\">Ascom &#8211; Emater-RO<\/p>\n\n\n\n<p class=\"has-text-align-right\"><\/p>\n\n\n\n<p><\/p>\n","protected":false},"excerpt":{"rendered":"<p>No munic\u00edpio de Teixeir\u00f3polis, regi\u00e3o central de Rond\u00f4nia, o produtor Neri de Oliveira, decidiu abrir sua propriedade para mostrar os resultados da sua produ\u00e7\u00e3o agr\u00edcola, conseguida com assist\u00eancia t\u00e9cnica da [&hellip;]<\/p>\n","protected":false},"author":8,"featured_media":15591,"comment_status":"closed","ping_status":"closed","sticky":false,"template":"","format":"standard","meta":[],"categories":[10,9,12],"tags":[],"_links":{"self":[{"href":"http:\/\/www.emater.ro.gov.br\/ematerro\/wp-json\/wp\/v2\/posts\/15581"}],"collection":[{"href":"http:\/\/www.emater.ro.gov.br\/ematerro\/wp-json\/wp\/v2\/posts"}],"about":[{"href":"http:\/\/www.emater.ro.gov.br\/ematerro\/wp-json\/wp\/v2\/types\/post"}],"author":[{"embeddable":true,"href":"http:\/\/www.emater.ro.gov.br\/ematerro\/wp-json\/wp\/v2\/users\/8"}],"replies":[{"embeddable":true,"href":"http:\/\/www.emater.ro.gov.br\/ematerro\/wp-json\/wp\/v2\/comments?post=15581"}],"version-history":[{"count":6,"href":"http:\/\/www.emater.ro.gov.br\/ematerro\/wp-json\/wp\/v2\/posts\/15581\/revisions"}],"predecessor-version":[{"id":15594,"href":"http:\/\/www.emater.ro.gov.br\/ematerro\/wp-json\/wp\/v2\/posts\/15581\/revisions\/15594"}],"wp:featuredmedia":[{"embeddable":true,"href":"http:\/\/www.emater.ro.gov.br\/ematerro\/wp-json\/wp\/v2\/media\/15591"}],"wp:attachment":[{"href":"http:\/\/www.emater.ro.gov.br\/ematerro\/wp-json\/wp\/v2\/media?parent=15581"}],"wp:term":[{"taxonomy":"category","embeddable":true,"href":"http:\/\/www.emater.ro.gov.br\/ematerro\/wp-json\/wp\/v2\/categories?post=15581"},{"taxonomy":"post_tag","embeddable":true,"href":"http:\/\/www.emater.ro.gov.br\/ematerro\/wp-json\/wp\/v2\/tags?post=15581"}],"curies":[{"name":"wp","href":"https:\/\/api.w.org\/{rel}","templated":true}]}}