{"id":15542,"date":"2024-06-27T11:28:38","date_gmt":"2024-06-27T15:28:38","guid":{"rendered":"http:\/\/www.emater.ro.gov.br\/ematerro\/?p=15542"},"modified":"2024-09-10T09:24:40","modified_gmt":"2024-09-10T13:24:40","slug":"tecnicos-do-governo-de-rondonia-participam-como-jurados-no-maior-concurso-de-queijos-da-america-latina","status":"publish","type":"post","link":"http:\/\/www.emater.ro.gov.br\/ematerro\/2024\/06\/27\/tecnicos-do-governo-de-rondonia-participam-como-jurados-no-maior-concurso-de-queijos-da-america-latina\/","title":{"rendered":"T\u00e9cnicos da Emater-RO participam como jurados no maior concurso de queijos da Am\u00e9rica Latina"},"content":{"rendered":"\n<p><\/p>\n\n\n<div class=\"wp-block-image\">\n<figure class=\"aligncenter size-full\"><img decoding=\"async\" loading=\"lazy\" width=\"1000\" height=\"675\" src=\"http:\/\/www.emater.ro.gov.br\/ematerro\/wp-content\/uploads\/2024\/06\/20240627-expoqueijo-2024-gilvania-carvalho-27-junho-2024.jpg\" alt=\"\" class=\"wp-image-15543\" srcset=\"http:\/\/www.emater.ro.gov.br\/ematerro\/wp-content\/uploads\/2024\/06\/20240627-expoqueijo-2024-gilvania-carvalho-27-junho-2024.jpg 1000w, http:\/\/www.emater.ro.gov.br\/ematerro\/wp-content\/uploads\/2024\/06\/20240627-expoqueijo-2024-gilvania-carvalho-27-junho-2024-300x203.jpg 300w, http:\/\/www.emater.ro.gov.br\/ematerro\/wp-content\/uploads\/2024\/06\/20240627-expoqueijo-2024-gilvania-carvalho-27-junho-2024-768x518.jpg 768w\" sizes=\"(max-width: 1000px) 100vw, 1000px\" \/><figcaption class=\"wp-element-caption\">Grupo de especialistas de Rond\u00f4nia participantes da Expoqueijo 2024   <\/figcaption><\/figure><\/div>\n\n\n<p>Na semana de 24 a 30 de junho, aconteceu na cidade de Arax\u00e1 em Minas Gerais a Expoqueijo, o maior evento de latic\u00ednios da Am\u00e9rica Latina, que re\u00fane expositores e t\u00e9cnicos especialistas em produtos l\u00e1cteos e queijos artesanais de todo o mundo, e entre eles quatro especialistas em leite e queijos da Entidade Aut\u00e1rquica de Assistencial T\u00e9cnica e Extens\u00e3o Rural de Rond\u00f4nia (Emater-RO), que participam do concurso como membros do corpo de jurados, ao lado de estudiosos do queijo dos principais estados produtores do Brasil e de pa\u00edses como It\u00e1lia, Fran\u00e7a, Reino Unido, Argentina, Chile e Uruguai, entre outros.<\/p>\n\n\n\n<p>O convite feito aos t\u00e9cnicos do governo de Rond\u00f4nia demonstra a import\u00e2ncia e express\u00e3o da produ\u00e7\u00e3o rondoniense na cadeia do leite e queijo do Brasil, para se ter uma ideia do tamanho e relev\u00e2ncia da Expoqueijo, na \u00faltima edi\u00e7\u00e3o em 2023 passaram pelo pavilh\u00e3o do queijo no Grande Hotel Termas de Arax\u00e1, mais de 43 mil visitantes e foram publicadas mais de mil mat\u00e9rias jornal\u00edsticas sobre o evento no Brasil e no Mundo.<\/p>\n\n\n<div class=\"wp-block-image\">\n<figure class=\"alignleft size-full is-resized\"><img decoding=\"async\" loading=\"lazy\" src=\"http:\/\/www.emater.ro.gov.br\/ematerro\/wp-content\/uploads\/2024\/06\/20240627-08ago2023-22-a-24-expoqueijo-araxa-mg_flavia-ferreira-8.jpg\" alt=\"\" class=\"wp-image-15544\" width=\"438\" height=\"296\" srcset=\"http:\/\/www.emater.ro.gov.br\/ematerro\/wp-content\/uploads\/2024\/06\/20240627-08ago2023-22-a-24-expoqueijo-araxa-mg_flavia-ferreira-8.jpg 1000w, http:\/\/www.emater.ro.gov.br\/ematerro\/wp-content\/uploads\/2024\/06\/20240627-08ago2023-22-a-24-expoqueijo-araxa-mg_flavia-ferreira-8-300x203.jpg 300w, http:\/\/www.emater.ro.gov.br\/ematerro\/wp-content\/uploads\/2024\/06\/20240627-08ago2023-22-a-24-expoqueijo-araxa-mg_flavia-ferreira-8-768x518.jpg 768w\" sizes=\"(max-width: 438px) 100vw, 438px\" \/><figcaption class=\"wp-element-caption\"><em>grupo de especialistas de Rondonia na Expoqueijo em Arax\u00e1 MG<\/em><\/figcaption><\/figure><\/div>\n\n\n<p>A visibilidade alcan\u00e7ada pelo Estado de Rond\u00f4nia neste ramo da economia se deve principalmente aos investimentos do governo do Estado em programas e projetos de incentivo a produ\u00e7\u00e3o especialmente no que diz respeito \u00e0 agricultura familiar, seguimento onde se concentra a maioria dos produtores de leite do estado.<\/p>\n\n\n\n<p>O prove (Programa de Verticaliza\u00e7\u00e3o da Agricultura Familiar), que incentiva a instala\u00e7\u00e3o de agroind\u00fastrias familiares rurais, e os projetos t\u00e9cnicos de melhoramento gen\u00e9tico, manejo de pastagens e gest\u00e3o da propriedade rural, como o Inseminar e o Consultec executados pela Emater-RO, t\u00eam alavancado a cadeia produtiva do leite e queijo colocando Rond\u00f4nia entre os principais produtores de produtos l\u00e1cteos do pa\u00eds.<\/p>\n\n\n\n<p>Para o governador Marcos Rocha todas as a\u00e7\u00f5es que elevam a visibilidade do Estado e valorizam a produ\u00e7\u00e3o s\u00e3o muito importantes para o desenvolvimento e sustentabilidade da agricultura, especialmente a familiar, e afirma que \u201co agroneg\u00f3cio do leite e seus derivados desempenham um importante papel para a economia do Estado e garante que todas as a\u00e7\u00f5es ser\u00e3o mantidas para que Rond\u00f4nia n\u00e3o pare de crescer\u201d.<\/p>\n\n\n\n<p class=\"has-text-align-right\"><em>Texto: Enoque de Oliveira<br>Fotos:<\/em> Gilvania Carvalho<\/p>\n","protected":false},"excerpt":{"rendered":"<p>Na semana de 24 a 30 de junho, aconteceu na cidade de Arax\u00e1 em Minas Gerais a Expoqueijo, o maior evento de latic\u00ednios da Am\u00e9rica Latina, que re\u00fane expositores e [&hellip;]<\/p>\n","protected":false},"author":8,"featured_media":15546,"comment_status":"closed","ping_status":"closed","sticky":false,"template":"","format":"standard","meta":[],"categories":[10,9,12],"tags":[],"_links":{"self":[{"href":"http:\/\/www.emater.ro.gov.br\/ematerro\/wp-json\/wp\/v2\/posts\/15542"}],"collection":[{"href":"http:\/\/www.emater.ro.gov.br\/ematerro\/wp-json\/wp\/v2\/posts"}],"about":[{"href":"http:\/\/www.emater.ro.gov.br\/ematerro\/wp-json\/wp\/v2\/types\/post"}],"author":[{"embeddable":true,"href":"http:\/\/www.emater.ro.gov.br\/ematerro\/wp-json\/wp\/v2\/users\/8"}],"replies":[{"embeddable":true,"href":"http:\/\/www.emater.ro.gov.br\/ematerro\/wp-json\/wp\/v2\/comments?post=15542"}],"version-history":[{"count":10,"href":"http:\/\/www.emater.ro.gov.br\/ematerro\/wp-json\/wp\/v2\/posts\/15542\/revisions"}],"predecessor-version":[{"id":15563,"href":"http:\/\/www.emater.ro.gov.br\/ematerro\/wp-json\/wp\/v2\/posts\/15542\/revisions\/15563"}],"wp:featuredmedia":[{"embeddable":true,"href":"http:\/\/www.emater.ro.gov.br\/ematerro\/wp-json\/wp\/v2\/media\/15546"}],"wp:attachment":[{"href":"http:\/\/www.emater.ro.gov.br\/ematerro\/wp-json\/wp\/v2\/media?parent=15542"}],"wp:term":[{"taxonomy":"category","embeddable":true,"href":"http:\/\/www.emater.ro.gov.br\/ematerro\/wp-json\/wp\/v2\/categories?post=15542"},{"taxonomy":"post_tag","embeddable":true,"href":"http:\/\/www.emater.ro.gov.br\/ematerro\/wp-json\/wp\/v2\/tags?post=15542"}],"curies":[{"name":"wp","href":"https:\/\/api.w.org\/{rel}","templated":true}]}}