{"id":15477,"date":"2024-06-14T15:50:00","date_gmt":"2024-06-14T19:50:00","guid":{"rendered":"http:\/\/www.emater.ro.gov.br\/ematerro\/?p=15477"},"modified":"2024-06-17T08:16:24","modified_gmt":"2024-06-17T12:16:24","slug":"rondonia-tem-1o-workshop-do-curriculo-de-sustentabilidade-do-cafe","status":"publish","type":"post","link":"http:\/\/www.emater.ro.gov.br\/ematerro\/2024\/06\/14\/rondonia-tem-1o-workshop-do-curriculo-de-sustentabilidade-do-cafe\/","title":{"rendered":"Workshop discute qualifica\u00e7\u00e3o sustent\u00e1vel do caf\u00e9 de Rond\u00f4nia"},"content":{"rendered":"<div class=\"wp-block-image\">\n<figure class=\"aligncenter size-large\"><img decoding=\"async\" loading=\"lazy\" width=\"1024\" height=\"691\" src=\"http:\/\/www.emater.ro.gov.br\/ematerro\/wp-content\/uploads\/2024\/06\/20240614-06jun2024-11-workshop-do-curriculo-do-cafe_camila-fabiane-4-1024x691.jpg\" alt=\"\" class=\"wp-image-15478\" srcset=\"http:\/\/www.emater.ro.gov.br\/ematerro\/wp-content\/uploads\/2024\/06\/20240614-06jun2024-11-workshop-do-curriculo-do-cafe_camila-fabiane-4-1024x691.jpg 1024w, http:\/\/www.emater.ro.gov.br\/ematerro\/wp-content\/uploads\/2024\/06\/20240614-06jun2024-11-workshop-do-curriculo-do-cafe_camila-fabiane-4-300x203.jpg 300w, http:\/\/www.emater.ro.gov.br\/ematerro\/wp-content\/uploads\/2024\/06\/20240614-06jun2024-11-workshop-do-curriculo-do-cafe_camila-fabiane-4-768x518.jpg 768w, http:\/\/www.emater.ro.gov.br\/ematerro\/wp-content\/uploads\/2024\/06\/20240614-06jun2024-11-workshop-do-curriculo-do-cafe_camila-fabiane-4-1536x1037.jpg 1536w, http:\/\/www.emater.ro.gov.br\/ematerro\/wp-content\/uploads\/2024\/06\/20240614-06jun2024-11-workshop-do-curriculo-do-cafe_camila-fabiane-4.jpg 1600w\" sizes=\"(max-width: 1024px) 100vw, 1024px\" \/><figcaption class=\"wp-element-caption\"><em><strong><sup>O governo de Rond\u00f4nia tem apoiado investimentos que promovam o fortalecimento da cafeicultura no estado.<\/sup><\/strong><\/em><\/figcaption><\/figure><\/div>\n\n\n<p>O 1\u00ba Workshop do Curr\u00edculo de Sustentabilidade do Caf\u00e9 na IG Matas de Rond\u00f4nia foi realizado no dia 11 de junho, em Cacoal, com a participa\u00e7\u00e3o de extensionistas da Entidade Aut\u00e1rquica de Assist\u00eancia T\u00e9cnica e Extens\u00e3o Rural (Emater-RO), em parceria com a Plataforma Global do Caf\u00e9, Sebrae, Caferon e apoio do Sicoob Credip e Senar. O evento d\u00e1 continuidade \u00e0 atividade de qualifica\u00e7\u00e3o sustent\u00e1vel do caf\u00e9 de Rond\u00f4nia que tem elevado o estado entre os maiores produtores de caf\u00e9.<\/p>\n\n\n\n<p>O curr\u00edculo de sustentabilidade do caf\u00e9 foi lan\u00e7ado em 2015, com a participa\u00e7\u00e3o e contribui\u00e7\u00e3o da Emater-RO como incentivo \u00e0s boas pr\u00e1ticas agr\u00edcolas na condu\u00e7\u00e3o da lavoura cafeeira. A metodologia prev\u00ea que o agricultor assuma uma s\u00e9rie de pr\u00e1ticas como a prerrogativa de promover mais benef\u00edcios, seja ao meio ambiente, seja ao consumidor, e Rond\u00f4nia tem se destacado nessa perspectiva, vencendo diversos concursos de qualidade e sustentabilidade pelo pa\u00eds ao longo dos \u00faltimos anos.<\/p>\n\n\n\n<p>O diretor-presidente da Emater-RO, Luciano Brand\u00e3o, que realizou a abertura do evento, diz que o Curr\u00edculo de Sustentabilidade do Caf\u00e9 \u00e9 um norteador de instrumentos que qualificam a propriedade para ser sustent\u00e1vel tanto no ponto de vista econ\u00f4mico, quanto social e ambiental. \u201cO curr\u00edculo \u00e9 o item primordial para acessar a venda pela indica\u00e7\u00e3o de proced\u00eancia Matas de Rond\u00f4nia. \u00c9 preciso atender todos os quesitos que se encontram no caderno de especifica\u00e7\u00e3o t\u00e9cnicas e Rond\u00f4nia vem alcan\u00e7ando essa conquista\u201d, diz o presidente da Emater-RO.<\/p>\n\n\n<div class=\"wp-block-image\">\n<figure class=\"alignright size-large is-resized\"><img decoding=\"async\" loading=\"lazy\" src=\"http:\/\/www.emater.ro.gov.br\/ematerro\/wp-content\/uploads\/2024\/06\/20240614-06jun2024-11-workshop-do-curriculo-do-cafe_camila-fabiane-3-1024x691.jpg\" alt=\"\" class=\"wp-image-15480\" width=\"537\" height=\"362\" srcset=\"http:\/\/www.emater.ro.gov.br\/ematerro\/wp-content\/uploads\/2024\/06\/20240614-06jun2024-11-workshop-do-curriculo-do-cafe_camila-fabiane-3-1024x691.jpg 1024w, http:\/\/www.emater.ro.gov.br\/ematerro\/wp-content\/uploads\/2024\/06\/20240614-06jun2024-11-workshop-do-curriculo-do-cafe_camila-fabiane-3-300x203.jpg 300w, http:\/\/www.emater.ro.gov.br\/ematerro\/wp-content\/uploads\/2024\/06\/20240614-06jun2024-11-workshop-do-curriculo-do-cafe_camila-fabiane-3-768x518.jpg 768w, http:\/\/www.emater.ro.gov.br\/ematerro\/wp-content\/uploads\/2024\/06\/20240614-06jun2024-11-workshop-do-curriculo-do-cafe_camila-fabiane-3-1536x1037.jpg 1536w, http:\/\/www.emater.ro.gov.br\/ematerro\/wp-content\/uploads\/2024\/06\/20240614-06jun2024-11-workshop-do-curriculo-do-cafe_camila-fabiane-3.jpg 1600w\" sizes=\"(max-width: 537px) 100vw, 537px\" \/><figcaption class=\"wp-element-caption\"><strong><em><sup>Palestras, debates e visita t\u00e9cnica a propriedade.<\/sup><\/em><\/strong><\/figcaption><\/figure><\/div>\n\n\n<p>Fausto Lima, t\u00e9cnico respons\u00e1vel pelo programa de caf\u00e9 na Emater-RO, diz que o Workshop realizado em Rond\u00f4nia contou com a participa\u00e7\u00e3o de parceiros que fazem parte diretamente da execu\u00e7\u00e3o do Curr\u00edculo de Sustentabilidade do Caf\u00e9 (CSC), e explica que cada entidade tem a sua responsabilidade. \u201cA Plataforma Global do Caf\u00e9 \u00e9 a respons\u00e1vel pela cria\u00e7\u00e3o do CSC; a Emater-RO cadastra e habilita os cafeicultores para o CSC; a Caferon (Cafeicultores Associados da Regi\u00e3o das Matas de Rond\u00f4nia) \u00e9 a organiza\u00e7\u00e3o mantenedora da Indica\u00e7\u00e3o Geogr\u00e1fica (IG) Matas de Rond\u00f4nia, e o Sebrae (Servi\u00e7o Brasileiro de Apoio \u00e0s Micro e Pequenas Empresas) fomenta a comercializa\u00e7\u00e3o dos cafeicultores para que aumentem sua rentabilidade e desenvolvimento do seu empreendimento\u201d.<\/p>\n\n\n\n<p>O governo de Rond\u00f4nia vem investindo e estabelecendo parcerias para oferecer o que h\u00e1 de melhor para o estado e isso inclui promover a\u00e7\u00f5es capazes de melhorar a rentabilidade da lavoura cafeeira e, consequentemente, melhorar a qualidade de vida na agricultura familiar. \u201c\u00c9 nosso objetivo, estar sempre buscando inova\u00e7\u00f5es que possam trazer benef\u00edcios aos rondoniense, seja na cidade ou seja no campo. O workshop \u00e9 um desses benef\u00edcios, pois alinha as t\u00e9cnicas e possibilita a multiplica\u00e7\u00e3o das boas pr\u00e1ticas oferecidas pelo curr\u00edculo de sustentabilidade do Caf\u00e9\u201d, disse o governador.<\/p>\n\n\n\n<p>O Workshop do Curr\u00edculo de Sustentabilidade do Caf\u00e9 na IG Matas de Rond\u00f4nia recebeu ainda uma comitiva da Cooperativa Regional dos Cafeicultores de Guaxup\u00e9 (Cooxup\u00e9), de Minas Gerais que junto com os participantes de Rond\u00f4nia participaram das palestras e discuss\u00f5es do evento. Ap\u00f3s o evento, os participantes vivenciaram uma pr\u00e1tica da aplica\u00e7\u00e3o do CSCaf\u00e9 na propriedade da cafeicultora Sirley Riz Salleze, que obteve nota de 89 pontos no \u00faltimo Concurso Estadual de Qualidade e Sustentabilidade do Caf\u00e9, realizado no ano passado.<\/p>\n\n\n\n<p class=\"has-text-align-right has-vivid-green-cyan-color has-text-color\"><strong><em><sup>Wania Ressutti<br>Jornalista \u2013 MTE-1744\/RO<br>Fotos: Camila Fabiane<br>EMATER-RO<\/sup><\/em><\/strong><\/p>\n","protected":false},"excerpt":{"rendered":"<p>O 1\u00ba Workshop do Curr\u00edculo de Sustentabilidade do Caf\u00e9 na IG Matas de Rond\u00f4nia foi realizado no dia 11 de junho, em Cacoal, com a participa\u00e7\u00e3o de extensionistas da Entidade [&hellip;]<\/p>\n","protected":false},"author":9,"featured_media":15479,"comment_status":"closed","ping_status":"closed","sticky":false,"template":"","format":"standard","meta":[],"categories":[10,9,12],"tags":[],"_links":{"self":[{"href":"http:\/\/www.emater.ro.gov.br\/ematerro\/wp-json\/wp\/v2\/posts\/15477"}],"collection":[{"href":"http:\/\/www.emater.ro.gov.br\/ematerro\/wp-json\/wp\/v2\/posts"}],"about":[{"href":"http:\/\/www.emater.ro.gov.br\/ematerro\/wp-json\/wp\/v2\/types\/post"}],"author":[{"embeddable":true,"href":"http:\/\/www.emater.ro.gov.br\/ematerro\/wp-json\/wp\/v2\/users\/9"}],"replies":[{"embeddable":true,"href":"http:\/\/www.emater.ro.gov.br\/ematerro\/wp-json\/wp\/v2\/comments?post=15477"}],"version-history":[{"count":6,"href":"http:\/\/www.emater.ro.gov.br\/ematerro\/wp-json\/wp\/v2\/posts\/15477\/revisions"}],"predecessor-version":[{"id":15486,"href":"http:\/\/www.emater.ro.gov.br\/ematerro\/wp-json\/wp\/v2\/posts\/15477\/revisions\/15486"}],"wp:featuredmedia":[{"embeddable":true,"href":"http:\/\/www.emater.ro.gov.br\/ematerro\/wp-json\/wp\/v2\/media\/15479"}],"wp:attachment":[{"href":"http:\/\/www.emater.ro.gov.br\/ematerro\/wp-json\/wp\/v2\/media?parent=15477"}],"wp:term":[{"taxonomy":"category","embeddable":true,"href":"http:\/\/www.emater.ro.gov.br\/ematerro\/wp-json\/wp\/v2\/categories?post=15477"},{"taxonomy":"post_tag","embeddable":true,"href":"http:\/\/www.emater.ro.gov.br\/ematerro\/wp-json\/wp\/v2\/tags?post=15477"}],"curies":[{"name":"wp","href":"https:\/\/api.w.org\/{rel}","templated":true}]}}