{"id":15451,"date":"2024-06-11T09:19:47","date_gmt":"2024-06-11T13:19:47","guid":{"rendered":"http:\/\/www.emater.ro.gov.br\/ematerro\/?p=15451"},"modified":"2024-06-11T09:23:53","modified_gmt":"2024-06-11T13:23:53","slug":"familias-rurais-de-costa-marques-recebem-sementes-e-kit-horta-como-incentivo-a-producao-de-olericolas","status":"publish","type":"post","link":"http:\/\/www.emater.ro.gov.br\/ematerro\/2024\/06\/11\/familias-rurais-de-costa-marques-recebem-sementes-e-kit-horta-como-incentivo-a-producao-de-olericolas\/","title":{"rendered":"Fam\u00edlias rurais de Costa Marques recebem sementes e \u201ckit horta\u201d como incentivo \u00e0 produ\u00e7\u00e3o de oler\u00edcolas"},"content":{"rendered":"\n<p class=\"has-text-align-left\">A Entidade Aut\u00e1rquica de Assist\u00eancia T\u00e9cnica e Extens\u00e3o Rural (Emater-RO) realizou no \u00faltimo dia 6, o Dia Especial da Agricultura com \u00eanfase no incentivo \u00e0 produ\u00e7\u00e3o de horta dom\u00e9stica. A atividade foi realizada no escrit\u00f3rio local de Costa Marques e faz parte de um trabalho que a autarquia vem fazendo junto \u00e0s fam\u00edlias rurais para diversifica\u00e7\u00e3o da produ\u00e7\u00e3o e melhoria da renda familiar. Al\u00e9m de palestras e orienta\u00e7\u00f5es t\u00e9cnicas, os participantes receberam sementes e \u201ckit horta\u201d.<\/p>\n\n\n\n<p>De acordo com Jaqueline Rosa, gerente regional do escrit\u00f3rio da Emater-RO no Vale do Guapor\u00e9, o objetivo do evento foi promover a seguran\u00e7a alimentar da fam\u00edlia e oferecer subs\u00eddios para incentivar a produ\u00e7\u00e3o e fonte de renda, com a venda da produ\u00e7\u00e3o ao Programa de Aquisi\u00e7\u00e3o de Alimentos (PAA) nas tr\u00eas esferas governamentais, municipal, estadual e federal.<\/p>\n\n\n\n<p>Jaqueline conta que 50 produtores foram beneficiados com 15 tipos de sementes, enfatizando a horta com produ\u00e7\u00e3o de oler\u00edcolas. \u201cForam distribu\u00eddas sementes de r\u00facula repolho, pepino, vagem, entre outras, para que os produtores pudessem diversificar a sua produ\u00e7\u00e3o\u201d, diz.<\/p>\n\n\n\n<p>Tamb\u00e9m foram selecionados sete produtores que receberam \u201ckits horta\u201d, adquiridos por meio de emenda parlamentar direcionada a Associa\u00e7\u00e3o dos Produtores Rurais e Leiteiros do Setor Serra Grande (Asproseg). \u201cEsse kit disp\u00f5e de carriola, bomba de veneno, sombrite, aspersor, mangueira, caixa d\u2019\u00e1gua e bomba\u201d, explica a gerente da Emater-RO.<\/p>\n\n\n\n<p>Durante as atividades os participantes tamb\u00e9m tiveram a oportunidade de participar de palestras sobre \u201cManejo e manuten\u00e7\u00e3o da horta\u201d e \u201cutiliza\u00e7\u00e3o de defensivos agroecol\u00f3gicos\u201d, e foram orientados sobre a import\u00e2ncia e documenta\u00e7\u00e3o necess\u00e1ria para o Cadastro da Agricultura Familiar (CAF)<\/p>\n\n\n\n<p class=\"has-text-align-right has-vivid-green-cyan-color has-text-color\"><em><sup><strong>Wania Ressutti<\/strong><\/sup><\/em><br><em><sup><strong>Jornalista \u2013 MTE-1744\/RO<br>Fotos: Jaqueline Rosa<br>EMATER-RO<\/strong><\/sup><\/em><\/p>\n\n\n\n<figure class=\"wp-block-gallery has-nested-images columns-default is-cropped wp-block-gallery-1 is-layout-flex\">\n<figure class=\"wp-block-image size-large\"><img decoding=\"async\" loading=\"lazy\" width=\"1024\" height=\"691\" data-id=\"15460\"  src=\"http:\/\/www.emater.ro.gov.br\/ematerro\/wp-content\/uploads\/2024\/06\/20240611-06jun2024-09-hortas_costa-marques-jaqueline-rosa-10-1024x691.jpg\" alt=\"\" class=\"wp-image-15460\" srcset=\"http:\/\/www.emater.ro.gov.br\/ematerro\/wp-content\/uploads\/2024\/06\/20240611-06jun2024-09-hortas_costa-marques-jaqueline-rosa-10-1024x691.jpg 1024w, http:\/\/www.emater.ro.gov.br\/ematerro\/wp-content\/uploads\/2024\/06\/20240611-06jun2024-09-hortas_costa-marques-jaqueline-rosa-10-300x203.jpg 300w, http:\/\/www.emater.ro.gov.br\/ematerro\/wp-content\/uploads\/2024\/06\/20240611-06jun2024-09-hortas_costa-marques-jaqueline-rosa-10-768x518.jpg 768w, http:\/\/www.emater.ro.gov.br\/ematerro\/wp-content\/uploads\/2024\/06\/20240611-06jun2024-09-hortas_costa-marques-jaqueline-rosa-10-1536x1037.jpg 1536w, http:\/\/www.emater.ro.gov.br\/ematerro\/wp-content\/uploads\/2024\/06\/20240611-06jun2024-09-hortas_costa-marques-jaqueline-rosa-10.jpg 1600w\" sizes=\"(max-width: 1024px) 100vw, 1024px\" \/><\/figure>\n\n\n\n<figure class=\"wp-block-image size-large\"><img decoding=\"async\" loading=\"lazy\" width=\"1024\" height=\"691\" data-id=\"15452\"  src=\"http:\/\/www.emater.ro.gov.br\/ematerro\/wp-content\/uploads\/2024\/06\/20240611-06jun2024-09-hortas_costa-marques-jaqueline-rosa-2-1024x691.jpg\" alt=\"\" class=\"wp-image-15452\" srcset=\"http:\/\/www.emater.ro.gov.br\/ematerro\/wp-content\/uploads\/2024\/06\/20240611-06jun2024-09-hortas_costa-marques-jaqueline-rosa-2-1024x691.jpg 1024w, http:\/\/www.emater.ro.gov.br\/ematerro\/wp-content\/uploads\/2024\/06\/20240611-06jun2024-09-hortas_costa-marques-jaqueline-rosa-2-300x203.jpg 300w, http:\/\/www.emater.ro.gov.br\/ematerro\/wp-content\/uploads\/2024\/06\/20240611-06jun2024-09-hortas_costa-marques-jaqueline-rosa-2-768x518.jpg 768w, http:\/\/www.emater.ro.gov.br\/ematerro\/wp-content\/uploads\/2024\/06\/20240611-06jun2024-09-hortas_costa-marques-jaqueline-rosa-2-1536x1037.jpg 1536w, http:\/\/www.emater.ro.gov.br\/ematerro\/wp-content\/uploads\/2024\/06\/20240611-06jun2024-09-hortas_costa-marques-jaqueline-rosa-2.jpg 1600w\" sizes=\"(max-width: 1024px) 100vw, 1024px\" \/><\/figure>\n\n\n\n<figure class=\"wp-block-image size-large\"><img decoding=\"async\" loading=\"lazy\" width=\"1024\" height=\"691\" data-id=\"15459\"  src=\"http:\/\/www.emater.ro.gov.br\/ematerro\/wp-content\/uploads\/2024\/06\/20240611-06jun2024-09-hortas_costa-marques-jaqueline-rosa-9-1024x691.jpg\" alt=\"\" class=\"wp-image-15459\" srcset=\"http:\/\/www.emater.ro.gov.br\/ematerro\/wp-content\/uploads\/2024\/06\/20240611-06jun2024-09-hortas_costa-marques-jaqueline-rosa-9-1024x691.jpg 1024w, http:\/\/www.emater.ro.gov.br\/ematerro\/wp-content\/uploads\/2024\/06\/20240611-06jun2024-09-hortas_costa-marques-jaqueline-rosa-9-300x203.jpg 300w, http:\/\/www.emater.ro.gov.br\/ematerro\/wp-content\/uploads\/2024\/06\/20240611-06jun2024-09-hortas_costa-marques-jaqueline-rosa-9-768x518.jpg 768w, http:\/\/www.emater.ro.gov.br\/ematerro\/wp-content\/uploads\/2024\/06\/20240611-06jun2024-09-hortas_costa-marques-jaqueline-rosa-9-1536x1037.jpg 1536w, http:\/\/www.emater.ro.gov.br\/ematerro\/wp-content\/uploads\/2024\/06\/20240611-06jun2024-09-hortas_costa-marques-jaqueline-rosa-9.jpg 1600w\" sizes=\"(max-width: 1024px) 100vw, 1024px\" \/><\/figure>\n\n\n\n<figure class=\"wp-block-image size-large\"><img decoding=\"async\" loading=\"lazy\" width=\"1024\" height=\"691\" data-id=\"15458\"  src=\"http:\/\/www.emater.ro.gov.br\/ematerro\/wp-content\/uploads\/2024\/06\/20240611-06jun2024-09-hortas_costa-marques-jaqueline-rosa-8-1024x691.jpg\" alt=\"\" class=\"wp-image-15458\" srcset=\"http:\/\/www.emater.ro.gov.br\/ematerro\/wp-content\/uploads\/2024\/06\/20240611-06jun2024-09-hortas_costa-marques-jaqueline-rosa-8-1024x691.jpg 1024w, http:\/\/www.emater.ro.gov.br\/ematerro\/wp-content\/uploads\/2024\/06\/20240611-06jun2024-09-hortas_costa-marques-jaqueline-rosa-8-300x203.jpg 300w, http:\/\/www.emater.ro.gov.br\/ematerro\/wp-content\/uploads\/2024\/06\/20240611-06jun2024-09-hortas_costa-marques-jaqueline-rosa-8-768x518.jpg 768w, http:\/\/www.emater.ro.gov.br\/ematerro\/wp-content\/uploads\/2024\/06\/20240611-06jun2024-09-hortas_costa-marques-jaqueline-rosa-8-1536x1037.jpg 1536w, http:\/\/www.emater.ro.gov.br\/ematerro\/wp-content\/uploads\/2024\/06\/20240611-06jun2024-09-hortas_costa-marques-jaqueline-rosa-8.jpg 1600w\" sizes=\"(max-width: 1024px) 100vw, 1024px\" \/><\/figure>\n\n\n\n<figure class=\"wp-block-image size-large\"><img decoding=\"async\" loading=\"lazy\" width=\"1024\" height=\"691\" data-id=\"15457\"  src=\"http:\/\/www.emater.ro.gov.br\/ematerro\/wp-content\/uploads\/2024\/06\/20240611-06jun2024-09-hortas_costa-marques-jaqueline-rosa-7-1024x691.jpg\" alt=\"\" class=\"wp-image-15457\" srcset=\"http:\/\/www.emater.ro.gov.br\/ematerro\/wp-content\/uploads\/2024\/06\/20240611-06jun2024-09-hortas_costa-marques-jaqueline-rosa-7-1024x691.jpg 1024w, http:\/\/www.emater.ro.gov.br\/ematerro\/wp-content\/uploads\/2024\/06\/20240611-06jun2024-09-hortas_costa-marques-jaqueline-rosa-7-300x202.jpg 300w, http:\/\/www.emater.ro.gov.br\/ematerro\/wp-content\/uploads\/2024\/06\/20240611-06jun2024-09-hortas_costa-marques-jaqueline-rosa-7-768x518.jpg 768w, http:\/\/www.emater.ro.gov.br\/ematerro\/wp-content\/uploads\/2024\/06\/20240611-06jun2024-09-hortas_costa-marques-jaqueline-rosa-7-1536x1036.jpg 1536w, http:\/\/www.emater.ro.gov.br\/ematerro\/wp-content\/uploads\/2024\/06\/20240611-06jun2024-09-hortas_costa-marques-jaqueline-rosa-7.jpg 1600w\" sizes=\"(max-width: 1024px) 100vw, 1024px\" \/><\/figure>\n\n\n\n<figure class=\"wp-block-image size-large\"><img decoding=\"async\" loading=\"lazy\" width=\"1024\" height=\"691\" data-id=\"15456\"  src=\"http:\/\/www.emater.ro.gov.br\/ematerro\/wp-content\/uploads\/2024\/06\/20240611-06jun2024-09-hortas_costa-marques-jaqueline-rosa-6-1024x691.jpg\" alt=\"\" class=\"wp-image-15456\" srcset=\"http:\/\/www.emater.ro.gov.br\/ematerro\/wp-content\/uploads\/2024\/06\/20240611-06jun2024-09-hortas_costa-marques-jaqueline-rosa-6-1024x691.jpg 1024w, http:\/\/www.emater.ro.gov.br\/ematerro\/wp-content\/uploads\/2024\/06\/20240611-06jun2024-09-hortas_costa-marques-jaqueline-rosa-6-300x203.jpg 300w, http:\/\/www.emater.ro.gov.br\/ematerro\/wp-content\/uploads\/2024\/06\/20240611-06jun2024-09-hortas_costa-marques-jaqueline-rosa-6-768x518.jpg 768w, http:\/\/www.emater.ro.gov.br\/ematerro\/wp-content\/uploads\/2024\/06\/20240611-06jun2024-09-hortas_costa-marques-jaqueline-rosa-6-1536x1037.jpg 1536w, http:\/\/www.emater.ro.gov.br\/ematerro\/wp-content\/uploads\/2024\/06\/20240611-06jun2024-09-hortas_costa-marques-jaqueline-rosa-6.jpg 1600w\" sizes=\"(max-width: 1024px) 100vw, 1024px\" \/><\/figure>\n\n\n\n<figure class=\"wp-block-image size-large\"><img decoding=\"async\" loading=\"lazy\" width=\"1024\" height=\"691\" data-id=\"15455\"  src=\"http:\/\/www.emater.ro.gov.br\/ematerro\/wp-content\/uploads\/2024\/06\/20240611-06jun2024-09-hortas_costa-marques-jaqueline-rosa-5-1024x691.jpg\" alt=\"\" class=\"wp-image-15455\" srcset=\"http:\/\/www.emater.ro.gov.br\/ematerro\/wp-content\/uploads\/2024\/06\/20240611-06jun2024-09-hortas_costa-marques-jaqueline-rosa-5-1024x691.jpg 1024w, http:\/\/www.emater.ro.gov.br\/ematerro\/wp-content\/uploads\/2024\/06\/20240611-06jun2024-09-hortas_costa-marques-jaqueline-rosa-5-300x203.jpg 300w, http:\/\/www.emater.ro.gov.br\/ematerro\/wp-content\/uploads\/2024\/06\/20240611-06jun2024-09-hortas_costa-marques-jaqueline-rosa-5-768x518.jpg 768w, http:\/\/www.emater.ro.gov.br\/ematerro\/wp-content\/uploads\/2024\/06\/20240611-06jun2024-09-hortas_costa-marques-jaqueline-rosa-5-1536x1037.jpg 1536w, http:\/\/www.emater.ro.gov.br\/ematerro\/wp-content\/uploads\/2024\/06\/20240611-06jun2024-09-hortas_costa-marques-jaqueline-rosa-5.jpg 1600w\" sizes=\"(max-width: 1024px) 100vw, 1024px\" \/><\/figure>\n\n\n\n<figure class=\"wp-block-image size-large\"><img decoding=\"async\" loading=\"lazy\" width=\"1024\" height=\"691\" data-id=\"15454\"  src=\"http:\/\/www.emater.ro.gov.br\/ematerro\/wp-content\/uploads\/2024\/06\/20240611-06jun2024-09-hortas_costa-marques-jaqueline-rosa-4-1024x691.jpg\" alt=\"\" class=\"wp-image-15454\" srcset=\"http:\/\/www.emater.ro.gov.br\/ematerro\/wp-content\/uploads\/2024\/06\/20240611-06jun2024-09-hortas_costa-marques-jaqueline-rosa-4-1024x691.jpg 1024w, http:\/\/www.emater.ro.gov.br\/ematerro\/wp-content\/uploads\/2024\/06\/20240611-06jun2024-09-hortas_costa-marques-jaqueline-rosa-4-300x203.jpg 300w, http:\/\/www.emater.ro.gov.br\/ematerro\/wp-content\/uploads\/2024\/06\/20240611-06jun2024-09-hortas_costa-marques-jaqueline-rosa-4-768x518.jpg 768w, http:\/\/www.emater.ro.gov.br\/ematerro\/wp-content\/uploads\/2024\/06\/20240611-06jun2024-09-hortas_costa-marques-jaqueline-rosa-4-1536x1037.jpg 1536w, http:\/\/www.emater.ro.gov.br\/ematerro\/wp-content\/uploads\/2024\/06\/20240611-06jun2024-09-hortas_costa-marques-jaqueline-rosa-4.jpg 1600w\" sizes=\"(max-width: 1024px) 100vw, 1024px\" \/><\/figure>\n\n\n\n<figure class=\"wp-block-image size-large\"><img decoding=\"async\" loading=\"lazy\" width=\"1024\" height=\"692\" data-id=\"15453\"  src=\"http:\/\/www.emater.ro.gov.br\/ematerro\/wp-content\/uploads\/2024\/06\/20240611-06jun2024-09-hortas_costa-marques-jaqueline-rosa-3-1024x692.jpg\" alt=\"\" class=\"wp-image-15453\" srcset=\"http:\/\/www.emater.ro.gov.br\/ematerro\/wp-content\/uploads\/2024\/06\/20240611-06jun2024-09-hortas_costa-marques-jaqueline-rosa-3-1024x692.jpg 1024w, http:\/\/www.emater.ro.gov.br\/ematerro\/wp-content\/uploads\/2024\/06\/20240611-06jun2024-09-hortas_costa-marques-jaqueline-rosa-3-300x203.jpg 300w, http:\/\/www.emater.ro.gov.br\/ematerro\/wp-content\/uploads\/2024\/06\/20240611-06jun2024-09-hortas_costa-marques-jaqueline-rosa-3-768x519.jpg 768w, http:\/\/www.emater.ro.gov.br\/ematerro\/wp-content\/uploads\/2024\/06\/20240611-06jun2024-09-hortas_costa-marques-jaqueline-rosa-3-1536x1038.jpg 1536w, http:\/\/www.emater.ro.gov.br\/ematerro\/wp-content\/uploads\/2024\/06\/20240611-06jun2024-09-hortas_costa-marques-jaqueline-rosa-3.jpg 1600w\" sizes=\"(max-width: 1024px) 100vw, 1024px\" \/><\/figure>\n\n\n\n<figure class=\"wp-block-image size-large\"><img decoding=\"async\" loading=\"lazy\" width=\"1024\" height=\"691\" data-id=\"15461\"  src=\"http:\/\/www.emater.ro.gov.br\/ematerro\/wp-content\/uploads\/2024\/06\/20240611-06jun2024-09-hortas_costa-marques-jaqueline-rosa-13-1024x691.jpg\" alt=\"\" class=\"wp-image-15461\" srcset=\"http:\/\/www.emater.ro.gov.br\/ematerro\/wp-content\/uploads\/2024\/06\/20240611-06jun2024-09-hortas_costa-marques-jaqueline-rosa-13-1024x691.jpg 1024w, http:\/\/www.emater.ro.gov.br\/ematerro\/wp-content\/uploads\/2024\/06\/20240611-06jun2024-09-hortas_costa-marques-jaqueline-rosa-13-300x203.jpg 300w, http:\/\/www.emater.ro.gov.br\/ematerro\/wp-content\/uploads\/2024\/06\/20240611-06jun2024-09-hortas_costa-marques-jaqueline-rosa-13-768x518.jpg 768w, http:\/\/www.emater.ro.gov.br\/ematerro\/wp-content\/uploads\/2024\/06\/20240611-06jun2024-09-hortas_costa-marques-jaqueline-rosa-13-1536x1037.jpg 1536w, http:\/\/www.emater.ro.gov.br\/ematerro\/wp-content\/uploads\/2024\/06\/20240611-06jun2024-09-hortas_costa-marques-jaqueline-rosa-13.jpg 1600w\" sizes=\"(max-width: 1024px) 100vw, 1024px\" \/><\/figure>\n<\/figure>\n","protected":false},"excerpt":{"rendered":"<p>A Entidade Aut\u00e1rquica de Assist\u00eancia T\u00e9cnica e Extens\u00e3o Rural (Emater-RO) realizou no \u00faltimo dia 6, o Dia Especial da Agricultura com \u00eanfase no incentivo \u00e0 produ\u00e7\u00e3o de horta dom\u00e9stica. A [&hellip;]<\/p>\n","protected":false},"author":9,"featured_media":15461,"comment_status":"closed","ping_status":"closed","sticky":false,"template":"","format":"standard","meta":[],"categories":[10,11],"tags":[],"_links":{"self":[{"href":"http:\/\/www.emater.ro.gov.br\/ematerro\/wp-json\/wp\/v2\/posts\/15451"}],"collection":[{"href":"http:\/\/www.emater.ro.gov.br\/ematerro\/wp-json\/wp\/v2\/posts"}],"about":[{"href":"http:\/\/www.emater.ro.gov.br\/ematerro\/wp-json\/wp\/v2\/types\/post"}],"author":[{"embeddable":true,"href":"http:\/\/www.emater.ro.gov.br\/ematerro\/wp-json\/wp\/v2\/users\/9"}],"replies":[{"embeddable":true,"href":"http:\/\/www.emater.ro.gov.br\/ematerro\/wp-json\/wp\/v2\/comments?post=15451"}],"version-history":[{"count":8,"href":"http:\/\/www.emater.ro.gov.br\/ematerro\/wp-json\/wp\/v2\/posts\/15451\/revisions"}],"predecessor-version":[{"id":15469,"href":"http:\/\/www.emater.ro.gov.br\/ematerro\/wp-json\/wp\/v2\/posts\/15451\/revisions\/15469"}],"wp:featuredmedia":[{"embeddable":true,"href":"http:\/\/www.emater.ro.gov.br\/ematerro\/wp-json\/wp\/v2\/media\/15461"}],"wp:attachment":[{"href":"http:\/\/www.emater.ro.gov.br\/ematerro\/wp-json\/wp\/v2\/media?parent=15451"}],"wp:term":[{"taxonomy":"category","embeddable":true,"href":"http:\/\/www.emater.ro.gov.br\/ematerro\/wp-json\/wp\/v2\/categories?post=15451"},{"taxonomy":"post_tag","embeddable":true,"href":"http:\/\/www.emater.ro.gov.br\/ematerro\/wp-json\/wp\/v2\/tags?post=15451"}],"curies":[{"name":"wp","href":"https:\/\/api.w.org\/{rel}","templated":true}]}}