{"id":15275,"date":"2024-05-21T12:06:58","date_gmt":"2024-05-21T16:06:58","guid":{"rendered":"http:\/\/www.emater.ro.gov.br\/ematerro\/?p=15275"},"modified":"2024-05-21T12:06:58","modified_gmt":"2024-05-21T16:06:58","slug":"programacao-da-rondonia-rural-show-internacional-evidencia-inovacao-e-sustentabilidade","status":"publish","type":"post","link":"http:\/\/www.emater.ro.gov.br\/ematerro\/2024\/05\/21\/programacao-da-rondonia-rural-show-internacional-evidencia-inovacao-e-sustentabilidade\/","title":{"rendered":"Programa\u00e7\u00e3o da Rond\u00f4nia Rural Show Internacional evidencia Inova\u00e7\u00e3o e Sustentabilidade"},"content":{"rendered":"<div class=\"wp-block-image\">\n<figure class=\"aligncenter size-large\"><img decoding=\"async\" loading=\"lazy\" width=\"1024\" height=\"675\" src=\"http:\/\/www.emater.ro.gov.br\/ematerro\/wp-content\/uploads\/2024\/05\/20240521-10a-rondonia-rural-show_segundo-dia__23-05-23_foto_daiane-mendonca-75-1024x675.jpg\" alt=\"\" class=\"wp-image-15276\" srcset=\"http:\/\/www.emater.ro.gov.br\/ematerro\/wp-content\/uploads\/2024\/05\/20240521-10a-rondonia-rural-show_segundo-dia__23-05-23_foto_daiane-mendonca-75-1024x675.jpg 1024w, http:\/\/www.emater.ro.gov.br\/ematerro\/wp-content\/uploads\/2024\/05\/20240521-10a-rondonia-rural-show_segundo-dia__23-05-23_foto_daiane-mendonca-75-300x198.jpg 300w, http:\/\/www.emater.ro.gov.br\/ematerro\/wp-content\/uploads\/2024\/05\/20240521-10a-rondonia-rural-show_segundo-dia__23-05-23_foto_daiane-mendonca-75-768x506.jpg 768w, http:\/\/www.emater.ro.gov.br\/ematerro\/wp-content\/uploads\/2024\/05\/20240521-10a-rondonia-rural-show_segundo-dia__23-05-23_foto_daiane-mendonca-75.jpg 1280w\" sizes=\"(max-width: 1024px) 100vw, 1024px\" \/><figcaption class=\"wp-element-caption\"><em><sup><strong>As novas t\u00e9cnicas e pr\u00e1ticas agr\u00edcolas implementadas visam aumentar a produtividade e rentabilidade do setor<\/strong><\/sup><\/em><\/figcaption><\/figure><\/div>\n\n\n<p>Com o tema \u201cAgricultura da Amaz\u00f4nia\u201d, a 11\u00aa Rond\u00f4nia Rural Show Internacional, em Ji-Paran\u00e1, traz oficinas, palestras e produtos em exposi\u00e7\u00e3o, respeitando as caracter\u00edsticas da regi\u00e3o. As pol\u00edticas p\u00fablicas voltadas \u00e0 agricultura familiar s\u00e3o fortalecidas com a assist\u00eancia da Secretaria de Estado da Agricultura (Seagri) e da Entidade Aut\u00e1rquica de Assist\u00eancia T\u00e9cnica e Extens\u00e3o Rural (Emater).<\/p>\n\n\n\n<p>Membro de uma associa\u00e7\u00e3o de produtores de cacau e chocolates, Estev\u00e3o Fernandes Magalh\u00e3es trouxe v\u00e1rios de seus s\u00f3cios para expor na Feira deste ano. \u201cSomos em 12 s\u00f3cios com pequenas agroind\u00fastrias e viemos expor na Rond\u00f4nia Rural Show deste ano\u201d, comemorou.<\/p>\n\n\n\n<p>Segundo o produtor, para ter uma colheita produtiva, o primeiro passo \u00e9 estudar o solo atrav\u00e9s de an\u00e1lise em laborat\u00f3rio para garantir a implementa\u00e7\u00e3o de micro e macronutrientes para corrigi-lo. \u201cDependendo do per\u00edodo da planta, n\u00f3s vamos aumentar a aduba\u00e7\u00e3o e aplica\u00e7\u00e3o do calc\u00e1rio no solo\u201d, explicou Estev\u00e3o.<\/p>\n\n\n<div class=\"wp-block-image\">\n<figure class=\"alignleft size-full is-resized\"><img decoding=\"async\" loading=\"lazy\" src=\"http:\/\/www.emater.ro.gov.br\/ematerro\/wp-content\/uploads\/2024\/05\/20240521-seagri-agricultura-da-amazonia-rondonia-rural-show-20-05-2024-foto-jean-carla-2-570x428-1.jpeg\" alt=\"\" class=\"wp-image-15277\" width=\"454\" height=\"341\" srcset=\"http:\/\/www.emater.ro.gov.br\/ematerro\/wp-content\/uploads\/2024\/05\/20240521-seagri-agricultura-da-amazonia-rondonia-rural-show-20-05-2024-foto-jean-carla-2-570x428-1.jpeg 570w, http:\/\/www.emater.ro.gov.br\/ematerro\/wp-content\/uploads\/2024\/05\/20240521-seagri-agricultura-da-amazonia-rondonia-rural-show-20-05-2024-foto-jean-carla-2-570x428-1-300x225.jpeg 300w\" sizes=\"(max-width: 454px) 100vw, 454px\" \/><figcaption class=\"wp-element-caption\"><strong><em><sup>Estev\u00e3o Magalh\u00e3es \u00e9 membro de uma associa\u00e7\u00e3o de produtores de cacau e chocolates<\/sup><\/em><\/strong><\/figcaption><\/figure><\/div>\n\n\n<p>O respeito ao meio ambiente na Amaz\u00f4nia somada ao processo de Indica\u00e7\u00e3o Geogr\u00e1fica (IG), reconhecido pelo Instituto Nacional da Propriedade Industrial (Inpi), garantiu a certifica\u00e7\u00e3o das am\u00eandoas, colocando o produto no mercado nacional. \u201cNosso produto tem qualidade com diferentes sabores, garantindo nossa coloca\u00e7\u00e3o em outros mercados\u201d, acrescentou o produtor.<\/p>\n\n\n\n<p>Outra tecnologia utilizada pela entidade \u00e9 a irriga\u00e7\u00e3o das plantas para aumentar a produtividade por hectare, evitando desperd\u00edcio, respeitando o meio ambiente. \u201cO processo de colheita \u00e9 feito de forma manual e depois as am\u00eandoas s\u00e3o beneficiadas, transformadas em chocolates de v\u00e1rios tipos, agregando valor \u00e0 produ\u00e7\u00e3o\u201d, ressaltou o produtor.<\/p>\n\n\n\n<p><strong>PALESTRAS<\/strong><br>A partir desta ter\u00e7a-feira (21), a Emater promove v\u00e1rias palestras durante a Rond\u00f4nia Rural Show Internacional para fomentar e incentivar a produ\u00e7\u00e3o, respeitando as peculiaridades da Amaz\u00f4nia. Est\u00e3o previstas explica\u00e7\u00f5es sobre a parceria com uma empresa de energia do Sudeste para aumentar a capacidade de produ\u00e7\u00e3o das agroind\u00fastrias; a produ\u00e7\u00e3o de biog\u00e1s; o uso do cacau como alternativa produtiva; e jardim sensorial \u2013 sentir para preservar. A programa\u00e7\u00e3o completa est\u00e1 no site da <a href=\"https:\/\/rondoniaruralshow.ro.gov.br\/agenda\" target=\"_blank\" rel=\"noreferrer noopener\">rondoniaruralshow.ro.gov.br<\/a>.<\/p>\n\n\n\n<p>Para o governador de Rond\u00f4nia, Marcos Rocha a Feira fomenta o desenvolvimento tecnol\u00f3gico do campo.<br>De acordo com o secret\u00e1rio de Estado da Agricultura, Luiz Paulo, as palestras programadas garantem a troca de conhecimentos entre t\u00e9cnicos e produtores para mais qualidade e valor agregado \u00e0 produ\u00e7\u00e3o agr\u00edcola, em Rond\u00f4nia. \u201cO objetivo das palestras \u00e9 oferecer aos profissionais do campo; novas t\u00e9cnicas e pr\u00e1ticas agr\u00edcolas que possam ser implementadas em suas propriedades, visando aumentar a produtividade e rentabilidade do setor\u201d. afirmou.<\/p>\n\n\n\n<p class=\"has-text-align-right\"><sup><em>Fonte<br>Texto: Gerson Costa e Jean Carla Costa<br>Fotos: Daiane Mendon\u00e7a e Jean Carla<br>Secom &#8211; Governo de Rond\u00f4nia<\/em><\/sup><\/p>\n","protected":false},"excerpt":{"rendered":"<p>Com o tema \u201cAgricultura da Amaz\u00f4nia\u201d, a 11\u00aa Rond\u00f4nia Rural Show Internacional, em Ji-Paran\u00e1, traz oficinas, palestras e produtos em exposi\u00e7\u00e3o, respeitando as caracter\u00edsticas da regi\u00e3o. As pol\u00edticas p\u00fablicas voltadas [&hellip;]<\/p>\n","protected":false},"author":9,"featured_media":15279,"comment_status":"closed","ping_status":"closed","sticky":false,"template":"","format":"standard","meta":[],"categories":[10,9,12],"tags":[],"_links":{"self":[{"href":"http:\/\/www.emater.ro.gov.br\/ematerro\/wp-json\/wp\/v2\/posts\/15275"}],"collection":[{"href":"http:\/\/www.emater.ro.gov.br\/ematerro\/wp-json\/wp\/v2\/posts"}],"about":[{"href":"http:\/\/www.emater.ro.gov.br\/ematerro\/wp-json\/wp\/v2\/types\/post"}],"author":[{"embeddable":true,"href":"http:\/\/www.emater.ro.gov.br\/ematerro\/wp-json\/wp\/v2\/users\/9"}],"replies":[{"embeddable":true,"href":"http:\/\/www.emater.ro.gov.br\/ematerro\/wp-json\/wp\/v2\/comments?post=15275"}],"version-history":[{"count":2,"href":"http:\/\/www.emater.ro.gov.br\/ematerro\/wp-json\/wp\/v2\/posts\/15275\/revisions"}],"predecessor-version":[{"id":15280,"href":"http:\/\/www.emater.ro.gov.br\/ematerro\/wp-json\/wp\/v2\/posts\/15275\/revisions\/15280"}],"wp:featuredmedia":[{"embeddable":true,"href":"http:\/\/www.emater.ro.gov.br\/ematerro\/wp-json\/wp\/v2\/media\/15279"}],"wp:attachment":[{"href":"http:\/\/www.emater.ro.gov.br\/ematerro\/wp-json\/wp\/v2\/media?parent=15275"}],"wp:term":[{"taxonomy":"category","embeddable":true,"href":"http:\/\/www.emater.ro.gov.br\/ematerro\/wp-json\/wp\/v2\/categories?post=15275"},{"taxonomy":"post_tag","embeddable":true,"href":"http:\/\/www.emater.ro.gov.br\/ematerro\/wp-json\/wp\/v2\/tags?post=15275"}],"curies":[{"name":"wp","href":"https:\/\/api.w.org\/{rel}","templated":true}]}}