{"id":15265,"date":"2024-05-22T13:03:37","date_gmt":"2024-05-22T17:03:37","guid":{"rendered":"http:\/\/www.emater.ro.gov.br\/ematerro\/?p=15265"},"modified":"2024-05-22T13:03:37","modified_gmt":"2024-05-22T17:03:37","slug":"emater-ro-apresenta-inovacoes-tecnologicas-para-uma-casa-rural-sustentavel-na-vitrine-tecnologica-da-rondonia-rural-show-internacional","status":"publish","type":"post","link":"http:\/\/www.emater.ro.gov.br\/ematerro\/2024\/05\/22\/emater-ro-apresenta-inovacoes-tecnologicas-para-uma-casa-rural-sustentavel-na-vitrine-tecnologica-da-rondonia-rural-show-internacional\/","title":{"rendered":"Emater-RO apresenta inova\u00e7\u00f5es tecnol\u00f3gicas para uma casa rural sustent\u00e1vel na Vitrine Tecnol\u00f3gica da Rond\u00f4nia Rural Show Internacional"},"content":{"rendered":"<div class=\"wp-block-image\">\n<figure class=\"aligncenter size-large\"><img decoding=\"async\" loading=\"lazy\" width=\"1024\" height=\"691\" src=\"http:\/\/www.emater.ro.gov.br\/ematerro\/wp-content\/uploads\/2024\/05\/20240521-05mai2024-20-rrshow_casa-sustentavel_irene-mendes-3-1024x691.jpg\" alt=\"\" class=\"wp-image-15266\" srcset=\"http:\/\/www.emater.ro.gov.br\/ematerro\/wp-content\/uploads\/2024\/05\/20240521-05mai2024-20-rrshow_casa-sustentavel_irene-mendes-3-1024x691.jpg 1024w, http:\/\/www.emater.ro.gov.br\/ematerro\/wp-content\/uploads\/2024\/05\/20240521-05mai2024-20-rrshow_casa-sustentavel_irene-mendes-3-300x202.jpg 300w, http:\/\/www.emater.ro.gov.br\/ematerro\/wp-content\/uploads\/2024\/05\/20240521-05mai2024-20-rrshow_casa-sustentavel_irene-mendes-3-768x518.jpg 768w, http:\/\/www.emater.ro.gov.br\/ematerro\/wp-content\/uploads\/2024\/05\/20240521-05mai2024-20-rrshow_casa-sustentavel_irene-mendes-3.jpg 1264w\" sizes=\"(max-width: 1024px) 100vw, 1024px\" \/><figcaption class=\"wp-element-caption\"><em><strong><sup>Uma casa sustent\u00e1vel prioriza a redu\u00e7\u00e3o dos impactos ambientais em todas as suas fun\u00e7\u00f5es<\/sup><\/strong><\/em><\/figcaption><\/figure><\/div>\n\n\n<p>A Entidade Aut\u00e1rquica de Assist\u00eancia T\u00e9cnica e Extens\u00e3o Rural (Emater-RO) est\u00e1 incentivando o investimento em tecnologia sustent\u00e1vel visando a n\u00e3o somente a redu\u00e7\u00e3o do impacto ambiental gerado, mas a melhoria da qualidade de vida das fam\u00edlias que vivem no campo. A casa sustent\u00e1vel vem como uma inova\u00e7\u00e3o na forma de gerir os res\u00edduos da propriedade e transform\u00e1-los em equipamentos que al\u00e9m de contribuir com o meio ambiente, traz redu\u00e7\u00e3o de gastos financeiros tanto na condu\u00e7\u00e3o das lavouras como no bem-estar da fam\u00edlia dentro de casa.<\/p>\n\n\n\n<p>Uma casa sustent\u00e1vel \u00e9 uma moradia que prioriza a redu\u00e7\u00e3o dos impactos ambientais em todas as suas fun\u00e7\u00f5es. Nessa perspectiva, a \u00e1gua, a luz, o manejo s\u00e3o repensados e projetados de forma mais consciente trazendo mais conforto \u00e0s fam\u00edlias e tecnologia para melhoria da produ\u00e7\u00e3o e da produtividade. O projeto Casa Sustent\u00e1vel foi iniciado pela Emater-RO no ano passado, com a constru\u00e7\u00e3o do biodigestor para tratamento de res\u00edduos org\u00e2nicos, como o esterco, grande potencial de fertiliza\u00e7\u00e3o do solo (biofertilizante), resultando na produ\u00e7\u00e3o de g\u00e1s que pode ser utilizado pelas fam\u00edlias, evitando que ele seja lan\u00e7ado na atmosfera.<\/p>\n\n\n<div class=\"wp-block-image\">\n<figure class=\"alignright size-large is-resized\"><img decoding=\"async\" loading=\"lazy\" src=\"http:\/\/www.emater.ro.gov.br\/ematerro\/wp-content\/uploads\/2024\/05\/20240521-05mai2024-21-rrshow_placas-solares_irene-mendes-3-1024x691.jpg\" alt=\"\" class=\"wp-image-15267\" width=\"385\" height=\"259\" srcset=\"http:\/\/www.emater.ro.gov.br\/ematerro\/wp-content\/uploads\/2024\/05\/20240521-05mai2024-21-rrshow_placas-solares_irene-mendes-3-1024x691.jpg 1024w, http:\/\/www.emater.ro.gov.br\/ematerro\/wp-content\/uploads\/2024\/05\/20240521-05mai2024-21-rrshow_placas-solares_irene-mendes-3-300x203.jpg 300w, http:\/\/www.emater.ro.gov.br\/ematerro\/wp-content\/uploads\/2024\/05\/20240521-05mai2024-21-rrshow_placas-solares_irene-mendes-3-768x518.jpg 768w, http:\/\/www.emater.ro.gov.br\/ematerro\/wp-content\/uploads\/2024\/05\/20240521-05mai2024-21-rrshow_placas-solares_irene-mendes-3-1536x1037.jpg 1536w, http:\/\/www.emater.ro.gov.br\/ematerro\/wp-content\/uploads\/2024\/05\/20240521-05mai2024-21-rrshow_placas-solares_irene-mendes-3.jpg 1600w\" sizes=\"(max-width: 385px) 100vw, 385px\" \/><figcaption class=\"wp-element-caption\"><em><strong><sup>A placa solar \u00e9 uma produ\u00e7\u00e3o de energia renov\u00e1vel<\/sup><\/strong><\/em><\/figcaption><\/figure><\/div>\n\n\n<p>O governador Marcos Rocha destaca que essa iniciativa de incentivar os produtores rurais a utilizarem praticas sustent\u00e1veis \u00e9 muito importante para o desenvolvimento da economia verde. \u201cA economia verde \u00e9 um modelo que resulta em melhoria para o bem-estar dessas fam\u00edlias ao mesmo tempo que reduz os riscos ambientais, preserva o meio ambiente e valoriza a terra\u201d, diz o governador.<\/p>\n\n\n\n<p>Dando continuidade ao projeto Casa Sustent\u00e1vel, a Emater-RO est\u00e1 apresentando aos visitantes da 11\u00aa Rond\u00f4nia Rural Show Internacional uma nova tecnologia que \u00e9 o reaproveitamento da \u00e1gua utilizada na pia. O extensionista da Emater-RO Raphael Cidade conta que essa t\u00e9cnica \u00e9 muito importante para preservar o consumo do bem maior da humanidade, que \u00e9 a \u00e1gua. \u201cMuitas vezes desperdi\u00e7a-se aquela \u00e1gua que, por meio de filtragem, de maneira bem pr\u00e1tica, \u00e9 transformada em \u00e1gua boa para ser utilizado no plantio, na horta, mantendo-se o uso racional\u201d, explica Raphael.<\/p>\n\n\n<div class=\"wp-block-image\">\n<figure class=\"alignleft size-large is-resized\"><img decoding=\"async\" loading=\"lazy\" src=\"http:\/\/www.emater.ro.gov.br\/ematerro\/wp-content\/uploads\/2024\/05\/20240521-05mai2024-20-rrshow_casa-sustentavel_irene-mendes-8-1024x691.jpg\" alt=\"\" class=\"wp-image-15268\" width=\"374\" height=\"251\" srcset=\"http:\/\/www.emater.ro.gov.br\/ematerro\/wp-content\/uploads\/2024\/05\/20240521-05mai2024-20-rrshow_casa-sustentavel_irene-mendes-8-1024x691.jpg 1024w, http:\/\/www.emater.ro.gov.br\/ematerro\/wp-content\/uploads\/2024\/05\/20240521-05mai2024-20-rrshow_casa-sustentavel_irene-mendes-8-300x202.jpg 300w, http:\/\/www.emater.ro.gov.br\/ematerro\/wp-content\/uploads\/2024\/05\/20240521-05mai2024-20-rrshow_casa-sustentavel_irene-mendes-8-768x518.jpg 768w, http:\/\/www.emater.ro.gov.br\/ematerro\/wp-content\/uploads\/2024\/05\/20240521-05mai2024-20-rrshow_casa-sustentavel_irene-mendes-8.jpg 1264w\" sizes=\"(max-width: 374px) 100vw, 374px\" \/><figcaption class=\"wp-element-caption\"><strong><em><sup>O biodigestor \u00e9 utilizado para tratamento dos res\u00edduos org\u00e2nicos <\/sup><\/em><\/strong><\/figcaption><\/figure><\/div>\n\n\n<p>Outra pr\u00e1tica sustent\u00e1vel que tamb\u00e9m est\u00e1 sendo apresentada na Vitrine Tecnol\u00f3gica \u00e9 o uso de placas solares. \u201cA placa solar \u00e9 uma produ\u00e7\u00e3o de energia renov\u00e1vel, o que n\u00f3s estamos mostrando aos produtores rurais l\u00e1 na vitrine tecnol\u00f3gica \u00e9 que \u00e9 poss\u00edvel n\u00e3o s\u00f3 utiliza-las para energia dom\u00e9stica, mas tamb\u00e9m para outras atividades da propriedade, como na hidroponia, por meio da irriga\u00e7\u00e3o e em outras atividades que necessitam de energia para seu funcionamento.<\/p>\n\n\n\n<p>O diretor-presidente da Emater-RO, Luciano Brand\u00e3o destaca que essa busca por pr\u00e1ticas sustent\u00e1veis al\u00e9m de ser um grande desafio no mercado global, \u00e9 uma necessidade de primeira ordem. \u201cEstamos mostrando aos nossos produtores rurais que eles tamb\u00e9m s\u00e3o respons\u00e1veis nessa busca e que podem utilizar os res\u00edduos de suas propriedades, que estariam se perdendo, em algo onde eles estaria tendo custo, a exemplo da \u00e1gua e da energia\u201d, enfatiza Brand\u00e3o.<\/p>\n\n\n\n<p>Todas essas inova\u00e7\u00f5es tecnol\u00f3gicas poder\u00e3o ser vista no estande da Emater-RO, na \u00e1rea da Vitrine Tecnol\u00f3gica, durante a 11\u00aa Rond\u00f4nia Rural Show Internacional, que segue at\u00e9 o dia 25 de maio.<\/p>\n\n\n\n<p class=\"has-text-align-right\"><em><strong><sup>Wania Ressutti<br>Jornalista \u2013 MTE-1744\/RO<br>Fotos: Irene Mendes<br>Rep\u00f3rter fotogr\u00e1fica \u2013 MTE-368\/RO<br>EMATER-RO<\/sup><\/strong><\/em><\/p>\n","protected":false},"excerpt":{"rendered":"<p>A Entidade Aut\u00e1rquica de Assist\u00eancia T\u00e9cnica e Extens\u00e3o Rural (Emater-RO) est\u00e1 incentivando o investimento em tecnologia sustent\u00e1vel visando a n\u00e3o somente a redu\u00e7\u00e3o do impacto ambiental gerado, mas a melhoria [&hellip;]<\/p>\n","protected":false},"author":9,"featured_media":15273,"comment_status":"closed","ping_status":"closed","sticky":false,"template":"","format":"standard","meta":[],"categories":[10,9,12],"tags":[135,45],"_links":{"self":[{"href":"http:\/\/www.emater.ro.gov.br\/ematerro\/wp-json\/wp\/v2\/posts\/15265"}],"collection":[{"href":"http:\/\/www.emater.ro.gov.br\/ematerro\/wp-json\/wp\/v2\/posts"}],"about":[{"href":"http:\/\/www.emater.ro.gov.br\/ematerro\/wp-json\/wp\/v2\/types\/post"}],"author":[{"embeddable":true,"href":"http:\/\/www.emater.ro.gov.br\/ematerro\/wp-json\/wp\/v2\/users\/9"}],"replies":[{"embeddable":true,"href":"http:\/\/www.emater.ro.gov.br\/ematerro\/wp-json\/wp\/v2\/comments?post=15265"}],"version-history":[{"count":5,"href":"http:\/\/www.emater.ro.gov.br\/ematerro\/wp-json\/wp\/v2\/posts\/15265\/revisions"}],"predecessor-version":[{"id":15274,"href":"http:\/\/www.emater.ro.gov.br\/ematerro\/wp-json\/wp\/v2\/posts\/15265\/revisions\/15274"}],"wp:featuredmedia":[{"embeddable":true,"href":"http:\/\/www.emater.ro.gov.br\/ematerro\/wp-json\/wp\/v2\/media\/15273"}],"wp:attachment":[{"href":"http:\/\/www.emater.ro.gov.br\/ematerro\/wp-json\/wp\/v2\/media?parent=15265"}],"wp:term":[{"taxonomy":"category","embeddable":true,"href":"http:\/\/www.emater.ro.gov.br\/ematerro\/wp-json\/wp\/v2\/categories?post=15265"},{"taxonomy":"post_tag","embeddable":true,"href":"http:\/\/www.emater.ro.gov.br\/ematerro\/wp-json\/wp\/v2\/tags?post=15265"}],"curies":[{"name":"wp","href":"https:\/\/api.w.org\/{rel}","templated":true}]}}