{"id":15224,"date":"2024-05-17T09:38:04","date_gmt":"2024-05-17T13:38:04","guid":{"rendered":"http:\/\/www.emater.ro.gov.br\/ematerro\/?p=15224"},"modified":"2024-05-17T09:52:46","modified_gmt":"2024-05-17T13:52:46","slug":"campanha-humanitaria-do-governo-de-ro-coleta-arrecadacoes-nos-municipios-e-segue-para-o-rs","status":"publish","type":"post","link":"http:\/\/www.emater.ro.gov.br\/ematerro\/2024\/05\/17\/campanha-humanitaria-do-governo-de-ro-coleta-arrecadacoes-nos-municipios-e-segue-para-o-rs\/","title":{"rendered":"Campanha humanit\u00e1ria do Governo de RO coleta arrecada\u00e7\u00f5es nos munic\u00edpios e segue para o RS"},"content":{"rendered":"<div class=\"wp-block-image\">\n<figure class=\"aligncenter size-full\"><img decoding=\"async\" loading=\"lazy\" width=\"870\" height=\"489\" src=\"http:\/\/www.emater.ro.gov.br\/ematerro\/wp-content\/uploads\/2024\/05\/20240517-missao-humanitaria-ro-pelo-rs-870x489-1.jpg\" alt=\"\" class=\"wp-image-15227\" srcset=\"http:\/\/www.emater.ro.gov.br\/ematerro\/wp-content\/uploads\/2024\/05\/20240517-missao-humanitaria-ro-pelo-rs-870x489-1.jpg 870w, http:\/\/www.emater.ro.gov.br\/ematerro\/wp-content\/uploads\/2024\/05\/20240517-missao-humanitaria-ro-pelo-rs-870x489-1-300x169.jpg 300w, http:\/\/www.emater.ro.gov.br\/ematerro\/wp-content\/uploads\/2024\/05\/20240517-missao-humanitaria-ro-pelo-rs-870x489-1-768x432.jpg 768w\" sizes=\"(max-width: 870px) 100vw, 870px\" \/><figcaption class=\"wp-element-caption\"><em><strong><sup>A mobiliza\u00e7\u00e3o foi feita pelas 40 secretarias do governo de Rond\u00f4nia nos munic\u00edpios<\/sup><\/strong><\/em><\/figcaption><\/figure><\/div>\n\n\n<p>O carregamento das contribui\u00e7\u00f5es de Porto Velho para as v\u00edtimas da enchente, que atinge o Estado do Rio Grande do Sul, seguiu para o munic\u00edpio de Ariquemes na manh\u00e3 de quarta-feira (15), passando por Candeias do Jamari e Itapu\u00e3 do Oeste e marcando o in\u00edcio de uma opera\u00e7\u00e3o coordenada pelo governo de Rond\u00f4nia por meio da Secretaria de Estado da Assist\u00eancia Social (Seas) e o Corpo de Bombeiros Militar de Rond\u00f4nia (CBMRO). Em uma demonstra\u00e7\u00e3o de solidariedade e coopera\u00e7\u00e3o entre estados, o governo de Rond\u00f4nia organizou a arrecada\u00e7\u00e3o de donativos, entre eles: alimentos, \u00e1gua, roupas, cal\u00e7ados, materiais de limpeza e higiene que seguir\u00e3o para o estado sulista, em um caminh\u00e3o do CBMRO e em uma carreta bitrem.<\/p>\n\n\n\n<p>Na regi\u00e3o do Vale do Jamari, o 5\u00b0 Grupamento de Bombeiro Militar coordenou a recep\u00e7\u00e3o das doa\u00e7\u00f5es dos munic\u00edpios, entre eles, Ariquemes, Machadinho d\u2019Oeste e Buritis. O 1\u00b0 tenente do 5\u00b0 Grupamento do Corpo de Bombeiros de Ariquemes, Paulo Palma, explicou como foi realizado o trabalho na regi\u00e3o. \u201cRecebemos essa miss\u00e3o do governo do Estado, de arrecadar os donativos na regi\u00e3o do Vale do Jamari, com muito empenho de toda Corpora\u00e7\u00e3o. As doa\u00e7\u00f5es chegaram e aqui n\u00f3s fizemos a triagem para facilitar o trabalho quando chegarem l\u00e1\u201d, afirmou.<\/p>\n\n\n<div class=\"wp-block-image\">\n<figure class=\"alignright size-full is-resized\"><img decoding=\"async\" loading=\"lazy\" src=\"http:\/\/www.emater.ro.gov.br\/ematerro\/wp-content\/uploads\/2024\/05\/20240517-missao-humanitaria-ro-pelo-rs-corpo-de-bombeiros-16-5-2024-4-570x321-1.jpg\" alt=\"\" class=\"wp-image-15230\" width=\"548\" height=\"308\"\/><figcaption class=\"wp-element-caption\"><em><strong><sup>Governo do estado refor\u00e7a ajuda humanit\u00e1ria para fam\u00edlias do RS<\/sup><\/strong><\/em><\/figcaption><\/figure><\/div>\n\n\n<p>A mobiliza\u00e7\u00e3o foi feita pelas 40 secretarias do governo do estado, e foram disponibilizados diversos pontos de coleta, tanto na capital quanto nos munic\u00edpios, onde a popula\u00e7\u00e3o pode levar as doa\u00e7\u00f5es. A secret\u00e1ria executiva regional de Ariquemes, Benedita Aparecida de Oliveira ressaltou o empenho de toda a popula\u00e7\u00e3o do Vale do Jamari em contribui\u00e7\u00e3o com esta a\u00e7\u00e3o. \u201cFicamos muito felizes em ver que a comunidade local aderiu a campanha feita pelo governo de Rond\u00f4nia, assim, agradecemos a popula\u00e7\u00e3o da regi\u00e3o pela solidariedade\u201d, ressaltou.<\/p>\n\n\n\n<p>O comboio de coleta das doa\u00e7\u00f5es ir\u00e1 passar, ainda, pelos munic\u00edpios de Jaru, Ouro Preto do Oeste, Ji-Paran\u00e1, Cacoal, Pimenta Bueno e Vilhena.<\/p>\n\n\n\n<p><strong>RESGATE \u00c0S V\u00cdTIMAS<\/strong><br>Al\u00e9m das doa\u00e7\u00f5es com materiais, uma equipe a\u00e9rea especializada em salvamento do Corpo de Bombeiros Militar est\u00e1 no Rio Grande do Sul, oferecendo atendimentos aerom\u00e9dicos. Os bombeiros que seguiram por via terrestre se integraram \u00e0s equipes de resgate locais, refor\u00e7ando a solidariedade entre os estados diante da adversidade.<\/p>\n\n\n\n<p class=\"has-text-align-right\"><sup>Fonte:<br>Texto: Larissa Malta<br>Fotos: Mateus Gon\u00e7alves<br>Secom &#8211; Governo de Rond\u00f4nia<\/sup><\/p>\n","protected":false},"excerpt":{"rendered":"<p>O carregamento das contribui\u00e7\u00f5es de Porto Velho para as v\u00edtimas da enchente, que atinge o Estado do Rio Grande do Sul, seguiu para o munic\u00edpio de Ariquemes na manh\u00e3 de [&hellip;]<\/p>\n","protected":false},"author":9,"featured_media":15238,"comment_status":"closed","ping_status":"closed","sticky":false,"template":"","format":"standard","meta":[],"categories":[10,9,12],"tags":[],"_links":{"self":[{"href":"http:\/\/www.emater.ro.gov.br\/ematerro\/wp-json\/wp\/v2\/posts\/15224"}],"collection":[{"href":"http:\/\/www.emater.ro.gov.br\/ematerro\/wp-json\/wp\/v2\/posts"}],"about":[{"href":"http:\/\/www.emater.ro.gov.br\/ematerro\/wp-json\/wp\/v2\/types\/post"}],"author":[{"embeddable":true,"href":"http:\/\/www.emater.ro.gov.br\/ematerro\/wp-json\/wp\/v2\/users\/9"}],"replies":[{"embeddable":true,"href":"http:\/\/www.emater.ro.gov.br\/ematerro\/wp-json\/wp\/v2\/comments?post=15224"}],"version-history":[{"count":4,"href":"http:\/\/www.emater.ro.gov.br\/ematerro\/wp-json\/wp\/v2\/posts\/15224\/revisions"}],"predecessor-version":[{"id":15232,"href":"http:\/\/www.emater.ro.gov.br\/ematerro\/wp-json\/wp\/v2\/posts\/15224\/revisions\/15232"}],"wp:featuredmedia":[{"embeddable":true,"href":"http:\/\/www.emater.ro.gov.br\/ematerro\/wp-json\/wp\/v2\/media\/15238"}],"wp:attachment":[{"href":"http:\/\/www.emater.ro.gov.br\/ematerro\/wp-json\/wp\/v2\/media?parent=15224"}],"wp:term":[{"taxonomy":"category","embeddable":true,"href":"http:\/\/www.emater.ro.gov.br\/ematerro\/wp-json\/wp\/v2\/categories?post=15224"},{"taxonomy":"post_tag","embeddable":true,"href":"http:\/\/www.emater.ro.gov.br\/ematerro\/wp-json\/wp\/v2\/tags?post=15224"}],"curies":[{"name":"wp","href":"https:\/\/api.w.org\/{rel}","templated":true}]}}