{"id":15211,"date":"2024-05-17T08:09:44","date_gmt":"2024-05-17T12:09:44","guid":{"rendered":"http:\/\/www.emater.ro.gov.br\/ematerro\/?p=15211"},"modified":"2024-05-17T10:02:18","modified_gmt":"2024-05-17T14:02:18","slug":"__trashed-3","status":"publish","type":"post","link":"http:\/\/www.emater.ro.gov.br\/ematerro\/2024\/05\/17\/__trashed-3\/","title":{"rendered":"Emater-RO se solidariza com extensionistas da EMATER do Rio Grande do Sul"},"content":{"rendered":"<div class=\"wp-block-image\">\n<figure class=\"alignleft size-full is-resized\"><img decoding=\"async\" loading=\"lazy\" src=\"http:\/\/www.emater.ro.gov.br\/ematerro\/wp-content\/uploads\/2024\/05\/20240517-sos-rs-asbraer.png\" alt=\"\" class=\"wp-image-15219\" width=\"517\" height=\"518\" srcset=\"http:\/\/www.emater.ro.gov.br\/ematerro\/wp-content\/uploads\/2024\/05\/20240517-sos-rs-asbraer.png 839w, http:\/\/www.emater.ro.gov.br\/ematerro\/wp-content\/uploads\/2024\/05\/20240517-sos-rs-asbraer-300x300.png 300w, http:\/\/www.emater.ro.gov.br\/ematerro\/wp-content\/uploads\/2024\/05\/20240517-sos-rs-asbraer-150x150.png 150w, http:\/\/www.emater.ro.gov.br\/ematerro\/wp-content\/uploads\/2024\/05\/20240517-sos-rs-asbraer-768x769.png 768w\" sizes=\"(max-width: 517px) 100vw, 517px\" \/><\/figure><\/div>\n\n\n<p>A Entidade Aut\u00e1rquica de Assist\u00eancia T\u00e9cnica e Extens\u00e3o Rural (Emater-RO) repassou a todas as suas unidades o pedido de ajuda dos extensionistas da Emater do Rio Grande do Sul. V\u00edtimas da enchente que assola aquele estado, muitos perderam tudo e outros se encontram em situa\u00e7\u00e3o de extrema necessidade. A angaria\u00e7\u00e3o dos recursos est\u00e3o sendo coordenadas pela Associa\u00e7\u00e3o Brasileira das Entidades de Assist\u00eancia T\u00e9cnica e Extens\u00e3o Rural, Pesquisa Agropecu\u00e1ria e Regulariza\u00e7\u00e3o Fundi\u00e1ria (Asbraer) eu criou um canal exclusivo para recebimento das doa\u00e7\u00f5es.<\/p>\n\n\n\n<p>O Estado do Rio Grande do Sul est\u00e1 passando por uma situa\u00e7\u00e3o de calamidade em fun\u00e7\u00e3o dos impactos provocados pelas enchentes que j\u00e1 afetou cerca de 90% de seus munic\u00edpios. Essa situa\u00e7\u00e3o tamb\u00e9m atingiu os escrit\u00f3rios da Associa\u00e7\u00e3o Riograndense de Empreendimentos da Assist\u00eancia T\u00e9cnica e Extens\u00e3o Rural (Emater-RS).<\/p>\n\n\n\n<p>O diretor-presidente da Emater-RO, Luciano Brand\u00e3o, que tamb\u00e9m \u00e9 presidente da Asbraer, diz que, al\u00e9m dos escrit\u00f3rios, os mais afetados foram os extensionistas e suas fam\u00edlias. \u201c32 escrit\u00f3rios da Emater do Rio Grande Sul foram afetados pelas inunda\u00e7\u00f5es e 40 extensionistas perderam tudo, inclusive suas casas\u201d, conta o presidente, enfatizando que a Asbraer est\u00e1 coordenando uma campanha para ajudar esses extensionistas, numa corrente de solidariedade entre as emateres de todo o pa\u00eds<\/p>\n\n\n\n<p>Assim, aqueles que desejarem poder\u00e3o contribuir com qualquer valor a ser depositado na conta SOS Emater\/RS, pela chave PIX sosematerrs@asbraer.org.br (Banco do Brasil)<br>Para a diretora vice-presidente da Emater-RO, Renata Rosa de Souza, toda ajuda \u00e9 bem vinda. \u201cUm real que seja, pode fazer a diferen\u00e7a\u201d, diz Renata.<\/p>\n\n\n\n<p><strong>RIO GRANDE DO SUL<\/strong><\/p>\n\n\n<div class=\"wp-block-image\">\n<figure class=\"alignright size-full is-resized\"><img decoding=\"async\" loading=\"lazy\" src=\"http:\/\/www.emater.ro.gov.br\/ematerro\/wp-content\/uploads\/2024\/05\/20240517-foto-emater-rs-ascar_zoonoses-1.jpg\" alt=\"\" class=\"wp-image-15222\" width=\"465\" height=\"349\"\/><figcaption class=\"wp-element-caption\"><em><sup>4<strong>0 extensionistas da Emater\/RS-Ascar perderam tudo nas enchentes do Rio Grande do Sul<\/strong><\/sup><\/em><\/figcaption><\/figure><\/div>\n\n\n<p>A Defesa Civil do Rio Grande do Sul publicou o \u00faltimo balan\u00e7o da situa\u00e7\u00e3o no estado do Rio Grande do Sul que at\u00e9 a data de 16 de maio de 2024 eram os seguintes: Munic\u00edpios afetados: 458; Pessoas em abrigos: 77.199; Desalojados: 538.164; Afetados: 2.281.774; Feridos: 806; Desaparecidos: 104; \u00d3bitos confirmados: 151; Pessoas resgatadas: 76.620 e Animais resgatados: 11.932.<\/p>\n\n\n\n<p>Os trabalhos de resgate e manuten\u00e7\u00e3o de uma infraestrutura para acolher os atingidos ainda \u00e9 intenso e j\u00e1 se come\u00e7a a pensar em na reconstru\u00e7\u00e3o do estado. Em car\u00e1ter excepcional o Minist\u00e9rio da Agricultura e Pecu\u00e1ria (Mapa), por meio da Portaria SDA\/Mapa 1.114\/2024, autorizou agroind\u00fastrias ga\u00fachas de produtos de origem animal que n\u00e3o est\u00e3o inseridas no Sistema Brasileiro de Inspe\u00e7\u00e3o de Produtos de Origem Animal (Sisbi-Poa) registrados em Servi\u00e7os de Inspe\u00e7\u00e3o estadual ou municipal, a comercializarem, por 90 dias, seus produtos em outros estados. \u201c\u00c9 uma medida emergencial importante do ponto de vista econ\u00f4mico, principalmente nesse momento de calamidade p\u00fablica que o Estado se encontra, explica o secret\u00e1rio da Agricultura, Pecu\u00e1ria, Produ\u00e7\u00e3o Sustent\u00e1vel e Irriga\u00e7\u00e3o (Seapi), do Rio Grande do Sul.<br><br>Em Rond\u00f4nia as arrecada\u00e7\u00f5es continuam coordenadas pela Secretaria de Estado da A\u00e7\u00e3o Social (Seas) e quem puder ajudar, procure os pontos de coleta para entregar a sua doa\u00e7\u00e3o ou fa\u00e7a a sua contribui\u00e7\u00e3o por meio dos canais oficias divulgados pela m\u00eddia.<\/p>\n\n\n\n<p class=\"has-text-align-right\"><em><strong><sup>Texto: Wania Ressutti<br>Jornalista \u2013 MTE-1744\/RO<br>Fotos: EMATER-RS<br>EMATER-RO<\/sup><\/strong><\/em><\/p>\n","protected":false},"excerpt":{"rendered":"<p>A Entidade Aut\u00e1rquica de Assist\u00eancia T\u00e9cnica e Extens\u00e3o Rural (Emater-RO) repassou a todas as suas unidades o pedido de ajuda dos extensionistas da Emater do Rio Grande do Sul. V\u00edtimas [&hellip;]<\/p>\n","protected":false},"author":9,"featured_media":15239,"comment_status":"closed","ping_status":"closed","sticky":false,"template":"","format":"standard","meta":[],"categories":[10,9,12],"tags":[543,801,802,94],"_links":{"self":[{"href":"http:\/\/www.emater.ro.gov.br\/ematerro\/wp-json\/wp\/v2\/posts\/15211"}],"collection":[{"href":"http:\/\/www.emater.ro.gov.br\/ematerro\/wp-json\/wp\/v2\/posts"}],"about":[{"href":"http:\/\/www.emater.ro.gov.br\/ematerro\/wp-json\/wp\/v2\/types\/post"}],"author":[{"embeddable":true,"href":"http:\/\/www.emater.ro.gov.br\/ematerro\/wp-json\/wp\/v2\/users\/9"}],"replies":[{"embeddable":true,"href":"http:\/\/www.emater.ro.gov.br\/ematerro\/wp-json\/wp\/v2\/comments?post=15211"}],"version-history":[{"count":7,"href":"http:\/\/www.emater.ro.gov.br\/ematerro\/wp-json\/wp\/v2\/posts\/15211\/revisions"}],"predecessor-version":[{"id":15234,"href":"http:\/\/www.emater.ro.gov.br\/ematerro\/wp-json\/wp\/v2\/posts\/15211\/revisions\/15234"}],"wp:featuredmedia":[{"embeddable":true,"href":"http:\/\/www.emater.ro.gov.br\/ematerro\/wp-json\/wp\/v2\/media\/15239"}],"wp:attachment":[{"href":"http:\/\/www.emater.ro.gov.br\/ematerro\/wp-json\/wp\/v2\/media?parent=15211"}],"wp:term":[{"taxonomy":"category","embeddable":true,"href":"http:\/\/www.emater.ro.gov.br\/ematerro\/wp-json\/wp\/v2\/categories?post=15211"},{"taxonomy":"post_tag","embeddable":true,"href":"http:\/\/www.emater.ro.gov.br\/ematerro\/wp-json\/wp\/v2\/tags?post=15211"}],"curies":[{"name":"wp","href":"https:\/\/api.w.org\/{rel}","templated":true}]}}