{"id":1520,"date":"2016-11-01T09:34:23","date_gmt":"2016-11-01T13:34:23","guid":{"rendered":"http:\/\/www.emater.ro.gov.br\/ematerro\/?p=1520"},"modified":"2016-11-01T09:49:07","modified_gmt":"2016-11-01T13:49:07","slug":"emater-ro-e-banco-do-brasil-firmam-parceria-para-agilizar-o-credito-rural","status":"publish","type":"post","link":"http:\/\/www.emater.ro.gov.br\/ematerro\/2016\/11\/01\/emater-ro-e-banco-do-brasil-firmam-parceria-para-agilizar-o-credito-rural\/","title":{"rendered":"Emater-RO e Banco do Brasil firmam parceria para agilizar o cr\u00e9dito rural"},"content":{"rendered":"<p>A parceria firmada entre o Banco do Brasil e a Emater-RO permitir\u00e1 aos agricultores realizar todas as a\u00e7\u00f5es necess\u00e1rias \u00e0 tomada de financiamento agr\u00edcola em um \u00fanico lugar, no caso o escrit\u00f3rio local da Emater-RO, o servi\u00e7o j\u00e1 est\u00e1 dispon\u00edvel em 14 munic\u00edpios de Rond\u00f4nia.<\/p>\n<p><img decoding=\"async\" loading=\"lazy\" class=\"alignnone wp-image-1527 size-full\" src=\"http:\/\/www.emater.ro.gov.br\/ematerro\/wp-content\/uploads\/2016\/11\/DSC_0012-1.jpg\" alt=\"DSC_0012\" width=\"4166\" height=\"2723\" srcset=\"http:\/\/www.emater.ro.gov.br\/ematerro\/wp-content\/uploads\/2016\/11\/DSC_0012-1.jpg 4166w, http:\/\/www.emater.ro.gov.br\/ematerro\/wp-content\/uploads\/2016\/11\/DSC_0012-1-300x196.jpg 300w, http:\/\/www.emater.ro.gov.br\/ematerro\/wp-content\/uploads\/2016\/11\/DSC_0012-1-768x502.jpg 768w, http:\/\/www.emater.ro.gov.br\/ematerro\/wp-content\/uploads\/2016\/11\/DSC_0012-1-1024x669.jpg 1024w\" sizes=\"(max-width: 4166px) 100vw, 4166px\" \/><\/p>\n<p>Para o agricultor abrir sua conta banc\u00e1ria, fazer o cadastro de produtor rural e apresentar sua proposta de cr\u00e9dito sem precisar ir ao banco,\u00a0 basta trazer todos os documentos necess\u00e1rios \u00a0&#8211; documentos pessoais e da propriedade &#8211; e apresent\u00e1-los ao extensionista da Emater-RO, que ir\u00e1 digitalizar tais documentos, preencher os formul\u00e1rios e solicitar aprova\u00e7\u00e3o do financiamento \u00e0 ag\u00eancia do Banco. O resultado sai em algumas horas.<\/p>\n<p>Essas facilidades s\u00e3o poss\u00edveis porque h\u00e1 algumas semanas a Emater-RO assinou um contrato de parceria com o Banco do Brasil, que permite a Emater-RO atuar como correspondente banc\u00e1rio.\u00a0Correspondente Banc\u00e1rio \u00e9 uma empresa contratada por agentes financeiros ou outras institui\u00e7\u00f5es autorizadas pelo Banco Central (Bacen) para presta\u00e7\u00e3o de servi\u00e7os e atendimentos aos clientes e usu\u00e1rios do banco.<\/p>\n<p>No caso da Emater-RO o atendimento ser\u00e1 restrito \u00e0s atividades de tomada de cr\u00e9dito do Pronaf por clientes do Banco do Brasil. Com a medida, \u00a0a previs\u00e3o \u00e9 que \u00a0o n\u00famero \u00a0de opera\u00e7\u00f5es de cr\u00e9dito do BB com assist\u00eancia t\u00e9cnica da Emater-RO deva aumentar.<\/p>\n<p>Todos os profissionais envolvidos nessa parceria receber\u00e3o certifica\u00e7\u00e3o reconhecida pelo Bacen, de acordo com a resolu\u00e7\u00e3o do \u00a0Conselho Monet\u00e1rio Nacional (CMN), e estar\u00e3o submetidos \u00e0s regras e normas do servi\u00e7o banc\u00e1rio, como sigilo e outras regras banc\u00e1rias.<img decoding=\"async\" loading=\"lazy\" class=\"alignright wp-image-1525 size-medium\" src=\"http:\/\/www.emater.ro.gov.br\/ematerro\/wp-content\/uploads\/2016\/11\/DSC_0009-300x199.jpg\" alt=\"DSC_0009\" width=\"300\" height=\"199\" srcset=\"http:\/\/www.emater.ro.gov.br\/ematerro\/wp-content\/uploads\/2016\/11\/DSC_0009-300x199.jpg 300w, http:\/\/www.emater.ro.gov.br\/ematerro\/wp-content\/uploads\/2016\/11\/DSC_0009-768x511.jpg 768w, http:\/\/www.emater.ro.gov.br\/ematerro\/wp-content\/uploads\/2016\/11\/DSC_0009-1024x681.jpg 1024w, http:\/\/www.emater.ro.gov.br\/ematerro\/wp-content\/uploads\/2016\/11\/DSC_0009-480x320.jpg 480w\" sizes=\"(max-width: 300px) 100vw, 300px\" \/><\/p>\n<p>A parceria em quest\u00e3o oferece aos agricultores familiares acesso aos servi\u00e7os financeiros com muito mais rapidez, comodidade, praticidade e seguran\u00e7a. Al\u00e9m de permitir a facilidade de acesso aos servi\u00e7os financeiros mesmo depois do hor\u00e1rio de fechamento das ag\u00eancias banc\u00e1rias, diz o diretor t\u00e9cnico da Emater-RO, Jos\u00e9 de Arimateia.<\/p>\n<p><em>Texto:\u00a0Enoque de Oliveira<\/em><br \/>\n<em>Jornalista \u2013 DRT\/RO-913<br \/>\n<\/em><em>Fotos: Irene Mendes<\/em><br \/>\n<em>Rep\u00f3rter fotogr\u00e1fica \u2013 SRTE\/DRT\/RO-368<br \/>\n<\/em><em>EMATER-RO<\/em><\/p>\n<p>&nbsp;<\/p>\n","protected":false},"excerpt":{"rendered":"<p>A parceria firmada entre o Banco do Brasil e a Emater-RO permitir\u00e1 aos agricultores realizar todas as a\u00e7\u00f5es necess\u00e1rias \u00e0 tomada de financiamento agr\u00edcola em um \u00fanico lugar, no caso [&hellip;]<\/p>\n","protected":false},"author":8,"featured_media":0,"comment_status":"closed","ping_status":"closed","sticky":false,"template":"","format":"standard","meta":[],"categories":[9],"tags":[],"_links":{"self":[{"href":"http:\/\/www.emater.ro.gov.br\/ematerro\/wp-json\/wp\/v2\/posts\/1520"}],"collection":[{"href":"http:\/\/www.emater.ro.gov.br\/ematerro\/wp-json\/wp\/v2\/posts"}],"about":[{"href":"http:\/\/www.emater.ro.gov.br\/ematerro\/wp-json\/wp\/v2\/types\/post"}],"author":[{"embeddable":true,"href":"http:\/\/www.emater.ro.gov.br\/ematerro\/wp-json\/wp\/v2\/users\/8"}],"replies":[{"embeddable":true,"href":"http:\/\/www.emater.ro.gov.br\/ematerro\/wp-json\/wp\/v2\/comments?post=1520"}],"version-history":[{"count":4,"href":"http:\/\/www.emater.ro.gov.br\/ematerro\/wp-json\/wp\/v2\/posts\/1520\/revisions"}],"predecessor-version":[{"id":1529,"href":"http:\/\/www.emater.ro.gov.br\/ematerro\/wp-json\/wp\/v2\/posts\/1520\/revisions\/1529"}],"wp:attachment":[{"href":"http:\/\/www.emater.ro.gov.br\/ematerro\/wp-json\/wp\/v2\/media?parent=1520"}],"wp:term":[{"taxonomy":"category","embeddable":true,"href":"http:\/\/www.emater.ro.gov.br\/ematerro\/wp-json\/wp\/v2\/categories?post=1520"},{"taxonomy":"post_tag","embeddable":true,"href":"http:\/\/www.emater.ro.gov.br\/ematerro\/wp-json\/wp\/v2\/tags?post=1520"}],"curies":[{"name":"wp","href":"https:\/\/api.w.org\/{rel}","templated":true}]}}