{"id":15188,"date":"2024-05-14T11:56:55","date_gmt":"2024-05-14T15:56:55","guid":{"rendered":"http:\/\/www.emater.ro.gov.br\/ematerro\/?p=15188"},"modified":"2024-05-15T10:09:17","modified_gmt":"2024-05-15T14:09:17","slug":"rondonia-assume-pela-primeira-vez-a-presidencia-da-associacao-brasileira-das-entidades-estaduais-de-assistencia-tecnica-e-extensao-rural","status":"publish","type":"post","link":"http:\/\/www.emater.ro.gov.br\/ematerro\/2024\/05\/14\/rondonia-assume-pela-primeira-vez-a-presidencia-da-associacao-brasileira-das-entidades-estaduais-de-assistencia-tecnica-e-extensao-rural\/","title":{"rendered":"Rond\u00f4nia assume a presid\u00eancia da Associa\u00e7\u00e3o Brasileira das Entidades Estaduais de Assist\u00eancia T\u00e9cnica e Extens\u00e3o Rural"},"content":{"rendered":"<div class=\"wp-block-image\">\n<figure class=\"alignright size-full is-resized\"><img decoding=\"async\" loading=\"lazy\" src=\"http:\/\/www.emater.ro.gov.br\/ematerro\/wp-content\/uploads\/2024\/05\/20240514-eleicao-virtual-asbraer-foto-print-de-tela_luciano-brandao.jpg\" alt=\"\" class=\"wp-image-15190\" width=\"496\" height=\"334\" srcset=\"http:\/\/www.emater.ro.gov.br\/ematerro\/wp-content\/uploads\/2024\/05\/20240514-eleicao-virtual-asbraer-foto-print-de-tela_luciano-brandao.jpg 1000w, http:\/\/www.emater.ro.gov.br\/ematerro\/wp-content\/uploads\/2024\/05\/20240514-eleicao-virtual-asbraer-foto-print-de-tela_luciano-brandao-300x203.jpg 300w, http:\/\/www.emater.ro.gov.br\/ematerro\/wp-content\/uploads\/2024\/05\/20240514-eleicao-virtual-asbraer-foto-print-de-tela_luciano-brandao-768x518.jpg 768w\" sizes=\"(max-width: 496px) 100vw, 496px\" \/><figcaption class=\"wp-element-caption\"><em><strong><sup>O novo presidente da Asbraer, Luciano Brand\u00e3o, fica no cargo at\u00e9 2027<\/sup><\/strong><\/em><\/figcaption><\/figure><\/div>\n\n\n<p>Rond\u00f4nia alcan\u00e7a um marco significativo assumindo a presid\u00eancia da Associa\u00e7\u00e3o Brasileira das Entidades Estaduais de Assist\u00eancia T\u00e9cnica e Extens\u00e3o Rural (Asbraer). O estado, reconhecido por sua atua\u00e7\u00e3o proativa no desenvolvimento agropecu\u00e1rio, ascende a uma posi\u00e7\u00e3o de destaque nacional na promo\u00e7\u00e3o do agroneg\u00f3cio e na implementa\u00e7\u00e3o de pol\u00edticas de assist\u00eancia t\u00e9cnica e extens\u00e3o rural.<\/p>\n\n\n\n<p>Para o diretor-presidente da Entidade Aut\u00e1rquica de Assist\u00eancia T\u00e9cnica e Extens\u00e3o Rural do Estado de Rond\u00f4nia (Emater-RO), Luciano Brand\u00e3o, que agora assume como novo presidente do Conselho Diretor da Asbraer, \u201ca nomea\u00e7\u00e3o \u00e9 uma demonstra\u00e7\u00e3o do reconhecimento da efici\u00eancia e da efic\u00e1cia das pol\u00edticas p\u00fablicas implementadas pelo governador Marcos Rocha, que tem se destacado por suas iniciativas inovadoras e pelo compromisso com o fortalecimento do setor agropecu\u00e1rio, contribuindo para o desenvolvimento socioecon\u00f4mico da regi\u00e3o\u201d.<\/p>\n\n\n\n<p>O novo presidente do Conselho Diretor da Asbraer, Luciano Brand\u00e3o, foi eleito por unanimidade durante a 36\u00aa Assembleia Extraordin\u00e1ria, realizada de forma virtual na segunda-feira (13), e permanece no cargo at\u00e9 2027. Como vice-presidente nacional de Assist\u00eancia T\u00e9cnica e Extens\u00e3o Rural (Ater) da Asbraer assume o atual presidente da Emater-MG, Ot\u00e1vio Maia.<\/p>\n\n\n\n<p>Para o governador de Rond\u00f4nia, Marcos Rocha, \u201ca presid\u00eancia da Asbraer representa uma oportunidade \u00edmpar para Rond\u00f4nia influenciar as diretrizes e estrat\u00e9gias relacionadas \u00e0 assist\u00eancia t\u00e9cnica e extens\u00e3o rural em todo o pa\u00eds. Al\u00e9m disso, refor\u00e7a o compromisso do estado em promover a inclus\u00e3o social, a sustentabilidade ambiental e o desenvolvimento rural integrado, visando melhorar a qualidade de vida da popula\u00e7\u00e3o e impulsionar o crescimento econ\u00f4mico de forma equitativa e sustent\u00e1vel\u201d.<\/p>\n\n\n\n<p><strong>SOBRE A ASBRAER<\/strong><br>A Associa\u00e7\u00e3o Brasileira das Entidades de Assist\u00eancia T\u00e9cnica e Extens\u00e3o Rural, Pesquisa Agropecu\u00e1ria e Regulariza\u00e7\u00e3o Fundi\u00e1ria \u00e9 uma organiza\u00e7\u00e3o independente, apartid\u00e1ria e sem fins lucrativos, fundada em 8 de junho de 1990. H\u00e1 mais de 30 anos mant\u00e9m ativa a integra\u00e7\u00e3o e o interc\u00e2mbio com suas entidades e institui\u00e7\u00f5es p\u00fablicas, organismos internacionais e institui\u00e7\u00f5es privadas, al\u00e9m de promover o di\u00e1logo entre a assist\u00eancia t\u00e9cnica e extens\u00e3o rural, pesquisa agropecu\u00e1ria e regulariza\u00e7\u00e3o fundi\u00e1ria. A Asbraer possui 31 associadas, mais de 20 mil extensionistas e 1.126 pesquisadores. Presen\u00e7a em quase 90% dos munic\u00edpios brasileiros, s\u00e3o 5.004 escrit\u00f3rios em todo pa\u00eds.<\/p>\n\n\n\n<p class=\"has-text-align-right\"><strong><em>Texto: Andreia Fortini<br>Fotos: Luciano Brand\u00e3o e Ana Paula Rocha<br>Secom &#8211; Governo de Rond\u00f4nia<\/em><\/strong><\/p>\n","protected":false},"excerpt":{"rendered":"<p>Rond\u00f4nia alcan\u00e7a um marco significativo assumindo a presid\u00eancia da Associa\u00e7\u00e3o Brasileira das Entidades Estaduais de Assist\u00eancia T\u00e9cnica e Extens\u00e3o Rural (Asbraer). O estado, reconhecido por sua atua\u00e7\u00e3o proativa no desenvolvimento [&hellip;]<\/p>\n","protected":false},"author":9,"featured_media":15198,"comment_status":"closed","ping_status":"closed","sticky":false,"template":"","format":"standard","meta":[],"categories":[10,9,12],"tags":[],"_links":{"self":[{"href":"http:\/\/www.emater.ro.gov.br\/ematerro\/wp-json\/wp\/v2\/posts\/15188"}],"collection":[{"href":"http:\/\/www.emater.ro.gov.br\/ematerro\/wp-json\/wp\/v2\/posts"}],"about":[{"href":"http:\/\/www.emater.ro.gov.br\/ematerro\/wp-json\/wp\/v2\/types\/post"}],"author":[{"embeddable":true,"href":"http:\/\/www.emater.ro.gov.br\/ematerro\/wp-json\/wp\/v2\/users\/9"}],"replies":[{"embeddable":true,"href":"http:\/\/www.emater.ro.gov.br\/ematerro\/wp-json\/wp\/v2\/comments?post=15188"}],"version-history":[{"count":7,"href":"http:\/\/www.emater.ro.gov.br\/ematerro\/wp-json\/wp\/v2\/posts\/15188\/revisions"}],"predecessor-version":[{"id":15202,"href":"http:\/\/www.emater.ro.gov.br\/ematerro\/wp-json\/wp\/v2\/posts\/15188\/revisions\/15202"}],"wp:featuredmedia":[{"embeddable":true,"href":"http:\/\/www.emater.ro.gov.br\/ematerro\/wp-json\/wp\/v2\/media\/15198"}],"wp:attachment":[{"href":"http:\/\/www.emater.ro.gov.br\/ematerro\/wp-json\/wp\/v2\/media?parent=15188"}],"wp:term":[{"taxonomy":"category","embeddable":true,"href":"http:\/\/www.emater.ro.gov.br\/ematerro\/wp-json\/wp\/v2\/categories?post=15188"},{"taxonomy":"post_tag","embeddable":true,"href":"http:\/\/www.emater.ro.gov.br\/ematerro\/wp-json\/wp\/v2\/tags?post=15188"}],"curies":[{"name":"wp","href":"https:\/\/api.w.org\/{rel}","templated":true}]}}