{"id":14962,"date":"2024-03-25T12:21:39","date_gmt":"2024-03-25T16:21:39","guid":{"rendered":"http:\/\/www.emater.ro.gov.br\/ematerro\/?p=14962"},"modified":"2024-03-25T12:21:39","modified_gmt":"2024-03-25T16:21:39","slug":"acao-de-cidadania-e-realizada-durante-homenagem-as-mulheres-em-porto-verde","status":"publish","type":"post","link":"http:\/\/www.emater.ro.gov.br\/ematerro\/2024\/03\/25\/acao-de-cidadania-e-realizada-durante-homenagem-as-mulheres-em-porto-verde\/","title":{"rendered":"A\u00e7\u00e3o de cidadania \u00e9 realizada durante homenagem \u00e0s Mulheres, em Porto Verde"},"content":{"rendered":"\n<p>O Dia Especial em homenagem ao Dia Internacional da Mulher, promovido pela Entidade Aut\u00e1rquica de Assist\u00eancia T\u00e9cnica e Extens\u00e3o Rural (Emater-RO), no \u00faltimo dia 15, reuniu cerca de cem pessoas das comunidades Tr\u00eas Pequi\u00e1s, Uberaba, Ramal do Boto, Linha 42, al\u00e9m das Linhas pr\u00f3ximas como: Progresso, Rio Lages, estrada do Piloto e Setor Periquitos. O evento foi realizado nas depend\u00eancias do escrit\u00f3rio local de Porto Verde e contou com o apoio da Secretaria de Estado da Agricultura (Seagri) que cedeu uma van para que as pessoas mais distantes tamb\u00e9m pudessem participar.<\/p>\n\n\n\n<p>Segundo informa\u00e7\u00f5es do gerente local da Emater-RO em Porto Verde, Gilberto Servive Danas, a programa\u00e7\u00e3o foi constru\u00edda a partir da demanda de pol\u00edticas p\u00fablicas levantada em visitas realizadas durante o ano. \u201cConsiderando o perfil e aceita\u00e7\u00e3o do p\u00fablico, optamos por realizar metodologias de grupo como Roda de Conversa e ofertamos servi\u00e7os solicitados pelas comunidades, como: atualiza\u00e7\u00e3o e cadastramento do cadastro \u00fanico, emiss\u00e3o de carteira de idosos e carteira de autista, al\u00e9m de vacina\u00e7\u00e3o contra Covid, HPV, e gripe\u201d, explica o gerente.<\/p>\n\n\n\n<p>Atendendo \u00e0 demanda local, a Roda de conversa girou em torno de temas como: previd\u00eancia\/aposentadoria e sal\u00e1rio maternidade. \u201cCerca de 40 pessoas dos presentes tiveram suas d\u00favidas esclarecidas e consultaram casos espec\u00edficos durante a conversa\u201d, diz Danas, complementando que, tamb\u00e9m foram realizados atendimentos na \u00e1rea de sa\u00fade, como fisioterapia para tratamento de dor cr\u00f4nica e bazar solid\u00e1rio.<\/p>\n\n\n\n<p>Tamb\u00e9m foram convidados para participar do dia especial em homenagem<br>\u00e0s mulheres institui\u00e7\u00f5es parceiras que atuam no dia a dia com a comunidade, como a Secretaria Municipal de Sa\u00fade, o Centro de Refer\u00eancia \u00e0 Assist\u00eancia Social (Cras) Cotinha e<br>a Associa\u00e7\u00e3o de Epilepsia de Rond\u00f4nia. Ap\u00f3s a roda de conversa foram sorteados brindes trazidos voluntariamente por agricultores, e plantas ornamentais e produtos artesanais, oferecidos pelos parceiros.<\/p>\n\n\n\n<figure class=\"wp-block-gallery has-nested-images columns-default is-cropped wp-block-gallery-1 is-layout-flex\">\n<figure class=\"wp-block-image size-large\"><img decoding=\"async\" loading=\"lazy\" width=\"1024\" height=\"640\" data-id=\"14959\"  src=\"http:\/\/www.emater.ro.gov.br\/ematerro\/wp-content\/uploads\/2024\/03\/20240325-03mar2024-15-de-mulher-rural_porto-verde_gilberto-41-1024x640.jpg\" alt=\"\" class=\"wp-image-14959\" srcset=\"http:\/\/www.emater.ro.gov.br\/ematerro\/wp-content\/uploads\/2024\/03\/20240325-03mar2024-15-de-mulher-rural_porto-verde_gilberto-41-1024x640.jpg 1024w, http:\/\/www.emater.ro.gov.br\/ematerro\/wp-content\/uploads\/2024\/03\/20240325-03mar2024-15-de-mulher-rural_porto-verde_gilberto-41-300x187.jpg 300w, http:\/\/www.emater.ro.gov.br\/ematerro\/wp-content\/uploads\/2024\/03\/20240325-03mar2024-15-de-mulher-rural_porto-verde_gilberto-41-768x480.jpg 768w, http:\/\/www.emater.ro.gov.br\/ematerro\/wp-content\/uploads\/2024\/03\/20240325-03mar2024-15-de-mulher-rural_porto-verde_gilberto-41.jpg 1309w\" sizes=\"(max-width: 1024px) 100vw, 1024px\" \/><\/figure>\n\n\n\n<figure class=\"wp-block-image size-large\"><img decoding=\"async\" loading=\"lazy\" width=\"1024\" height=\"640\" data-id=\"14958\"  src=\"http:\/\/www.emater.ro.gov.br\/ematerro\/wp-content\/uploads\/2024\/03\/20240325-03mar2024-15-de-mulher-rural_porto-verde_gilberto-40-1024x640.jpg\" alt=\"\" class=\"wp-image-14958\" srcset=\"http:\/\/www.emater.ro.gov.br\/ematerro\/wp-content\/uploads\/2024\/03\/20240325-03mar2024-15-de-mulher-rural_porto-verde_gilberto-40-1024x640.jpg 1024w, http:\/\/www.emater.ro.gov.br\/ematerro\/wp-content\/uploads\/2024\/03\/20240325-03mar2024-15-de-mulher-rural_porto-verde_gilberto-40-300x187.jpg 300w, http:\/\/www.emater.ro.gov.br\/ematerro\/wp-content\/uploads\/2024\/03\/20240325-03mar2024-15-de-mulher-rural_porto-verde_gilberto-40-768x480.jpg 768w, http:\/\/www.emater.ro.gov.br\/ematerro\/wp-content\/uploads\/2024\/03\/20240325-03mar2024-15-de-mulher-rural_porto-verde_gilberto-40.jpg 1381w\" sizes=\"(max-width: 1024px) 100vw, 1024px\" \/><\/figure>\n\n\n\n<figure class=\"wp-block-image size-large\"><img decoding=\"async\" loading=\"lazy\" width=\"1024\" height=\"640\" data-id=\"14957\"  src=\"http:\/\/www.emater.ro.gov.br\/ematerro\/wp-content\/uploads\/2024\/03\/20240325-03mar2024-15-de-mulher-rural_porto-verde_gilberto-39-1024x640.jpg\" alt=\"\" class=\"wp-image-14957\" srcset=\"http:\/\/www.emater.ro.gov.br\/ematerro\/wp-content\/uploads\/2024\/03\/20240325-03mar2024-15-de-mulher-rural_porto-verde_gilberto-39-1024x640.jpg 1024w, http:\/\/www.emater.ro.gov.br\/ematerro\/wp-content\/uploads\/2024\/03\/20240325-03mar2024-15-de-mulher-rural_porto-verde_gilberto-39-300x188.jpg 300w, http:\/\/www.emater.ro.gov.br\/ematerro\/wp-content\/uploads\/2024\/03\/20240325-03mar2024-15-de-mulher-rural_porto-verde_gilberto-39-768x480.jpg 768w, http:\/\/www.emater.ro.gov.br\/ematerro\/wp-content\/uploads\/2024\/03\/20240325-03mar2024-15-de-mulher-rural_porto-verde_gilberto-39.jpg 1395w\" sizes=\"(max-width: 1024px) 100vw, 1024px\" \/><\/figure>\n\n\n\n<figure class=\"wp-block-image size-large\"><img decoding=\"async\" loading=\"lazy\" width=\"1024\" height=\"640\" data-id=\"14956\"  src=\"http:\/\/www.emater.ro.gov.br\/ematerro\/wp-content\/uploads\/2024\/03\/20240325-03mar2024-15-de-mulher-rural_porto-verde_gilberto-38-1024x640.jpg\" alt=\"\" class=\"wp-image-14956\" srcset=\"http:\/\/www.emater.ro.gov.br\/ematerro\/wp-content\/uploads\/2024\/03\/20240325-03mar2024-15-de-mulher-rural_porto-verde_gilberto-38-1024x640.jpg 1024w, http:\/\/www.emater.ro.gov.br\/ematerro\/wp-content\/uploads\/2024\/03\/20240325-03mar2024-15-de-mulher-rural_porto-verde_gilberto-38-300x188.jpg 300w, http:\/\/www.emater.ro.gov.br\/ematerro\/wp-content\/uploads\/2024\/03\/20240325-03mar2024-15-de-mulher-rural_porto-verde_gilberto-38-768x480.jpg 768w, http:\/\/www.emater.ro.gov.br\/ematerro\/wp-content\/uploads\/2024\/03\/20240325-03mar2024-15-de-mulher-rural_porto-verde_gilberto-38.jpg 1320w\" sizes=\"(max-width: 1024px) 100vw, 1024px\" \/><\/figure>\n\n\n\n<figure class=\"wp-block-image size-large\"><img decoding=\"async\" loading=\"lazy\" width=\"900\" height=\"562\" data-id=\"14954\"  src=\"http:\/\/www.emater.ro.gov.br\/ematerro\/wp-content\/uploads\/2024\/03\/20240325-03mar2024-15-de-mulher-rural_porto-verde_gilberto-34.jpg\" alt=\"\" class=\"wp-image-14954\" srcset=\"http:\/\/www.emater.ro.gov.br\/ematerro\/wp-content\/uploads\/2024\/03\/20240325-03mar2024-15-de-mulher-rural_porto-verde_gilberto-34.jpg 900w, http:\/\/www.emater.ro.gov.br\/ematerro\/wp-content\/uploads\/2024\/03\/20240325-03mar2024-15-de-mulher-rural_porto-verde_gilberto-34-300x187.jpg 300w, http:\/\/www.emater.ro.gov.br\/ematerro\/wp-content\/uploads\/2024\/03\/20240325-03mar2024-15-de-mulher-rural_porto-verde_gilberto-34-768x480.jpg 768w\" sizes=\"(max-width: 900px) 100vw, 900px\" \/><\/figure>\n\n\n\n<figure class=\"wp-block-image size-large\"><img decoding=\"async\" loading=\"lazy\" width=\"1024\" height=\"640\" data-id=\"14955\"  src=\"http:\/\/www.emater.ro.gov.br\/ematerro\/wp-content\/uploads\/2024\/03\/20240325-03mar2024-15-de-mulher-rural_porto-verde_gilberto-37-1024x640.jpg\" alt=\"\" class=\"wp-image-14955\" srcset=\"http:\/\/www.emater.ro.gov.br\/ematerro\/wp-content\/uploads\/2024\/03\/20240325-03mar2024-15-de-mulher-rural_porto-verde_gilberto-37-1024x640.jpg 1024w, http:\/\/www.emater.ro.gov.br\/ematerro\/wp-content\/uploads\/2024\/03\/20240325-03mar2024-15-de-mulher-rural_porto-verde_gilberto-37-300x188.jpg 300w, http:\/\/www.emater.ro.gov.br\/ematerro\/wp-content\/uploads\/2024\/03\/20240325-03mar2024-15-de-mulher-rural_porto-verde_gilberto-37-768x480.jpg 768w, http:\/\/www.emater.ro.gov.br\/ematerro\/wp-content\/uploads\/2024\/03\/20240325-03mar2024-15-de-mulher-rural_porto-verde_gilberto-37.jpg 1440w\" sizes=\"(max-width: 1024px) 100vw, 1024px\" \/><\/figure>\n\n\n\n<figure class=\"wp-block-image size-large\"><img decoding=\"async\" loading=\"lazy\" width=\"900\" height=\"562\" data-id=\"14953\"  src=\"http:\/\/www.emater.ro.gov.br\/ematerro\/wp-content\/uploads\/2024\/03\/20240325-03mar2024-15-de-mulher-rural_porto-verde_gilberto-33.jpg\" alt=\"\" class=\"wp-image-14953\" srcset=\"http:\/\/www.emater.ro.gov.br\/ematerro\/wp-content\/uploads\/2024\/03\/20240325-03mar2024-15-de-mulher-rural_porto-verde_gilberto-33.jpg 900w, http:\/\/www.emater.ro.gov.br\/ematerro\/wp-content\/uploads\/2024\/03\/20240325-03mar2024-15-de-mulher-rural_porto-verde_gilberto-33-300x187.jpg 300w, http:\/\/www.emater.ro.gov.br\/ematerro\/wp-content\/uploads\/2024\/03\/20240325-03mar2024-15-de-mulher-rural_porto-verde_gilberto-33-768x480.jpg 768w\" sizes=\"(max-width: 900px) 100vw, 900px\" \/><\/figure>\n\n\n\n<figure class=\"wp-block-image size-large\"><img decoding=\"async\" loading=\"lazy\" width=\"1024\" height=\"640\" data-id=\"14952\"  src=\"http:\/\/www.emater.ro.gov.br\/ematerro\/wp-content\/uploads\/2024\/03\/20240325-03mar2024-15-de-mulher-rural_porto-verde_gilberto-32-1024x640.jpg\" alt=\"\" class=\"wp-image-14952\" srcset=\"http:\/\/www.emater.ro.gov.br\/ematerro\/wp-content\/uploads\/2024\/03\/20240325-03mar2024-15-de-mulher-rural_porto-verde_gilberto-32-1024x640.jpg 1024w, http:\/\/www.emater.ro.gov.br\/ematerro\/wp-content\/uploads\/2024\/03\/20240325-03mar2024-15-de-mulher-rural_porto-verde_gilberto-32-300x188.jpg 300w, http:\/\/www.emater.ro.gov.br\/ematerro\/wp-content\/uploads\/2024\/03\/20240325-03mar2024-15-de-mulher-rural_porto-verde_gilberto-32-768x480.jpg 768w, http:\/\/www.emater.ro.gov.br\/ematerro\/wp-content\/uploads\/2024\/03\/20240325-03mar2024-15-de-mulher-rural_porto-verde_gilberto-32.jpg 1417w\" sizes=\"(max-width: 1024px) 100vw, 1024px\" \/><\/figure>\n\n\n\n<figure class=\"wp-block-image size-large\"><img decoding=\"async\" loading=\"lazy\" width=\"1024\" height=\"640\" data-id=\"14950\"  src=\"http:\/\/www.emater.ro.gov.br\/ematerro\/wp-content\/uploads\/2024\/03\/20240325-03mar2024-15-de-mulher-rural_porto-verde_gilberto-26-1024x640.jpg\" alt=\"\" class=\"wp-image-14950\" srcset=\"http:\/\/www.emater.ro.gov.br\/ematerro\/wp-content\/uploads\/2024\/03\/20240325-03mar2024-15-de-mulher-rural_porto-verde_gilberto-26-1024x640.jpg 1024w, http:\/\/www.emater.ro.gov.br\/ematerro\/wp-content\/uploads\/2024\/03\/20240325-03mar2024-15-de-mulher-rural_porto-verde_gilberto-26-300x188.jpg 300w, http:\/\/www.emater.ro.gov.br\/ematerro\/wp-content\/uploads\/2024\/03\/20240325-03mar2024-15-de-mulher-rural_porto-verde_gilberto-26-768x480.jpg 768w, http:\/\/www.emater.ro.gov.br\/ematerro\/wp-content\/uploads\/2024\/03\/20240325-03mar2024-15-de-mulher-rural_porto-verde_gilberto-26.jpg 1156w\" sizes=\"(max-width: 1024px) 100vw, 1024px\" \/><\/figure>\n\n\n\n<figure class=\"wp-block-image size-large\"><img decoding=\"async\" loading=\"lazy\" width=\"1024\" height=\"640\" data-id=\"14949\"  src=\"http:\/\/www.emater.ro.gov.br\/ematerro\/wp-content\/uploads\/2024\/03\/20240325-03mar2024-15-de-mulher-rural_porto-verde_gilberto-25-1024x640.jpg\" alt=\"\" class=\"wp-image-14949\" srcset=\"http:\/\/www.emater.ro.gov.br\/ematerro\/wp-content\/uploads\/2024\/03\/20240325-03mar2024-15-de-mulher-rural_porto-verde_gilberto-25-1024x640.jpg 1024w, http:\/\/www.emater.ro.gov.br\/ematerro\/wp-content\/uploads\/2024\/03\/20240325-03mar2024-15-de-mulher-rural_porto-verde_gilberto-25-300x187.jpg 300w, http:\/\/www.emater.ro.gov.br\/ematerro\/wp-content\/uploads\/2024\/03\/20240325-03mar2024-15-de-mulher-rural_porto-verde_gilberto-25-768x480.jpg 768w, http:\/\/www.emater.ro.gov.br\/ematerro\/wp-content\/uploads\/2024\/03\/20240325-03mar2024-15-de-mulher-rural_porto-verde_gilberto-25.jpg 1130w\" sizes=\"(max-width: 1024px) 100vw, 1024px\" \/><\/figure>\n\n\n\n<figure class=\"wp-block-image size-large\"><img decoding=\"async\" loading=\"lazy\" width=\"1024\" height=\"640\" data-id=\"14951\"  src=\"http:\/\/www.emater.ro.gov.br\/ematerro\/wp-content\/uploads\/2024\/03\/20240325-03mar2024-15-de-mulher-rural_porto-verde_gilberto-28-1024x640.jpg\" alt=\"\" class=\"wp-image-14951\" srcset=\"http:\/\/www.emater.ro.gov.br\/ematerro\/wp-content\/uploads\/2024\/03\/20240325-03mar2024-15-de-mulher-rural_porto-verde_gilberto-28-1024x640.jpg 1024w, http:\/\/www.emater.ro.gov.br\/ematerro\/wp-content\/uploads\/2024\/03\/20240325-03mar2024-15-de-mulher-rural_porto-verde_gilberto-28-300x188.jpg 300w, http:\/\/www.emater.ro.gov.br\/ematerro\/wp-content\/uploads\/2024\/03\/20240325-03mar2024-15-de-mulher-rural_porto-verde_gilberto-28-768x480.jpg 768w, http:\/\/www.emater.ro.gov.br\/ematerro\/wp-content\/uploads\/2024\/03\/20240325-03mar2024-15-de-mulher-rural_porto-verde_gilberto-28.jpg 1440w\" sizes=\"(max-width: 1024px) 100vw, 1024px\" \/><\/figure>\n\n\n\n<figure class=\"wp-block-image size-large\"><img decoding=\"async\" loading=\"lazy\" width=\"1024\" height=\"640\" data-id=\"14948\"  src=\"http:\/\/www.emater.ro.gov.br\/ematerro\/wp-content\/uploads\/2024\/03\/20240325-03mar2024-15-de-mulher-rural_porto-verde_gilberto-24-1024x640.jpg\" alt=\"\" class=\"wp-image-14948\" srcset=\"http:\/\/www.emater.ro.gov.br\/ematerro\/wp-content\/uploads\/2024\/03\/20240325-03mar2024-15-de-mulher-rural_porto-verde_gilberto-24-1024x640.jpg 1024w, http:\/\/www.emater.ro.gov.br\/ematerro\/wp-content\/uploads\/2024\/03\/20240325-03mar2024-15-de-mulher-rural_porto-verde_gilberto-24-300x187.jpg 300w, http:\/\/www.emater.ro.gov.br\/ematerro\/wp-content\/uploads\/2024\/03\/20240325-03mar2024-15-de-mulher-rural_porto-verde_gilberto-24-768x480.jpg 768w, http:\/\/www.emater.ro.gov.br\/ematerro\/wp-content\/uploads\/2024\/03\/20240325-03mar2024-15-de-mulher-rural_porto-verde_gilberto-24.jpg 1156w\" sizes=\"(max-width: 1024px) 100vw, 1024px\" \/><\/figure>\n\n\n\n<figure class=\"wp-block-image size-large\"><img decoding=\"async\" loading=\"lazy\" width=\"1024\" height=\"640\" data-id=\"14947\"  src=\"http:\/\/www.emater.ro.gov.br\/ematerro\/wp-content\/uploads\/2024\/03\/20240325-03mar2024-15-de-mulher-rural_porto-verde_gilberto-23-1024x640.jpg\" alt=\"\" class=\"wp-image-14947\" srcset=\"http:\/\/www.emater.ro.gov.br\/ematerro\/wp-content\/uploads\/2024\/03\/20240325-03mar2024-15-de-mulher-rural_porto-verde_gilberto-23-1024x640.jpg 1024w, http:\/\/www.emater.ro.gov.br\/ematerro\/wp-content\/uploads\/2024\/03\/20240325-03mar2024-15-de-mulher-rural_porto-verde_gilberto-23-300x187.jpg 300w, http:\/\/www.emater.ro.gov.br\/ematerro\/wp-content\/uploads\/2024\/03\/20240325-03mar2024-15-de-mulher-rural_porto-verde_gilberto-23-768x480.jpg 768w, http:\/\/www.emater.ro.gov.br\/ematerro\/wp-content\/uploads\/2024\/03\/20240325-03mar2024-15-de-mulher-rural_porto-verde_gilberto-23.jpg 1156w\" sizes=\"(max-width: 1024px) 100vw, 1024px\" \/><\/figure>\n\n\n\n<figure class=\"wp-block-image size-large\"><img decoding=\"async\" loading=\"lazy\" width=\"1024\" height=\"640\" data-id=\"14946\"  src=\"http:\/\/www.emater.ro.gov.br\/ematerro\/wp-content\/uploads\/2024\/03\/20240325-03mar2024-15-de-mulher-rural_porto-verde_gilberto-22-1024x640.jpg\" alt=\"\" class=\"wp-image-14946\" srcset=\"http:\/\/www.emater.ro.gov.br\/ematerro\/wp-content\/uploads\/2024\/03\/20240325-03mar2024-15-de-mulher-rural_porto-verde_gilberto-22-1024x640.jpg 1024w, http:\/\/www.emater.ro.gov.br\/ematerro\/wp-content\/uploads\/2024\/03\/20240325-03mar2024-15-de-mulher-rural_porto-verde_gilberto-22-300x188.jpg 300w, http:\/\/www.emater.ro.gov.br\/ematerro\/wp-content\/uploads\/2024\/03\/20240325-03mar2024-15-de-mulher-rural_porto-verde_gilberto-22-768x480.jpg 768w, http:\/\/www.emater.ro.gov.br\/ematerro\/wp-content\/uploads\/2024\/03\/20240325-03mar2024-15-de-mulher-rural_porto-verde_gilberto-22.jpg 1156w\" sizes=\"(max-width: 1024px) 100vw, 1024px\" \/><\/figure>\n\n\n\n<figure class=\"wp-block-image size-large\"><img decoding=\"async\" loading=\"lazy\" width=\"1024\" height=\"640\" data-id=\"14945\"  src=\"http:\/\/www.emater.ro.gov.br\/ematerro\/wp-content\/uploads\/2024\/03\/20240325-03mar2024-15-de-mulher-rural_porto-verde_gilberto-21-1024x640.jpg\" alt=\"\" class=\"wp-image-14945\" srcset=\"http:\/\/www.emater.ro.gov.br\/ematerro\/wp-content\/uploads\/2024\/03\/20240325-03mar2024-15-de-mulher-rural_porto-verde_gilberto-21-1024x640.jpg 1024w, http:\/\/www.emater.ro.gov.br\/ematerro\/wp-content\/uploads\/2024\/03\/20240325-03mar2024-15-de-mulher-rural_porto-verde_gilberto-21-300x188.jpg 300w, http:\/\/www.emater.ro.gov.br\/ematerro\/wp-content\/uploads\/2024\/03\/20240325-03mar2024-15-de-mulher-rural_porto-verde_gilberto-21-768x480.jpg 768w, http:\/\/www.emater.ro.gov.br\/ematerro\/wp-content\/uploads\/2024\/03\/20240325-03mar2024-15-de-mulher-rural_porto-verde_gilberto-21.jpg 1156w\" sizes=\"(max-width: 1024px) 100vw, 1024px\" \/><\/figure>\n\n\n\n<figure class=\"wp-block-image size-large\"><img decoding=\"async\" loading=\"lazy\" width=\"1024\" height=\"640\" data-id=\"14944\"  src=\"http:\/\/www.emater.ro.gov.br\/ematerro\/wp-content\/uploads\/2024\/03\/20240325-03mar2024-15-de-mulher-rural_porto-verde_gilberto-15-1024x640.jpg\" alt=\"\" class=\"wp-image-14944\" srcset=\"http:\/\/www.emater.ro.gov.br\/ematerro\/wp-content\/uploads\/2024\/03\/20240325-03mar2024-15-de-mulher-rural_porto-verde_gilberto-15-1024x640.jpg 1024w, http:\/\/www.emater.ro.gov.br\/ematerro\/wp-content\/uploads\/2024\/03\/20240325-03mar2024-15-de-mulher-rural_porto-verde_gilberto-15-300x187.jpg 300w, http:\/\/www.emater.ro.gov.br\/ematerro\/wp-content\/uploads\/2024\/03\/20240325-03mar2024-15-de-mulher-rural_porto-verde_gilberto-15-768x480.jpg 768w, http:\/\/www.emater.ro.gov.br\/ematerro\/wp-content\/uploads\/2024\/03\/20240325-03mar2024-15-de-mulher-rural_porto-verde_gilberto-15.jpg 1215w\" sizes=\"(max-width: 1024px) 100vw, 1024px\" \/><\/figure>\n\n\n\n<figure class=\"wp-block-image size-large\"><img decoding=\"async\" loading=\"lazy\" width=\"1024\" height=\"640\" data-id=\"14942\"  src=\"http:\/\/www.emater.ro.gov.br\/ematerro\/wp-content\/uploads\/2024\/03\/20240325-03mar2024-15-de-mulher-rural_porto-verde_gilberto-11-1024x640.jpg\" alt=\"\" class=\"wp-image-14942\" srcset=\"http:\/\/www.emater.ro.gov.br\/ematerro\/wp-content\/uploads\/2024\/03\/20240325-03mar2024-15-de-mulher-rural_porto-verde_gilberto-11-1024x640.jpg 1024w, http:\/\/www.emater.ro.gov.br\/ematerro\/wp-content\/uploads\/2024\/03\/20240325-03mar2024-15-de-mulher-rural_porto-verde_gilberto-11-300x188.jpg 300w, http:\/\/www.emater.ro.gov.br\/ematerro\/wp-content\/uploads\/2024\/03\/20240325-03mar2024-15-de-mulher-rural_porto-verde_gilberto-11-768x480.jpg 768w, http:\/\/www.emater.ro.gov.br\/ematerro\/wp-content\/uploads\/2024\/03\/20240325-03mar2024-15-de-mulher-rural_porto-verde_gilberto-11.jpg 1179w\" sizes=\"(max-width: 1024px) 100vw, 1024px\" \/><\/figure>\n\n\n\n<figure class=\"wp-block-image size-large\"><img decoding=\"async\" loading=\"lazy\" width=\"1024\" height=\"640\" data-id=\"14941\"  src=\"http:\/\/www.emater.ro.gov.br\/ematerro\/wp-content\/uploads\/2024\/03\/20240325-03mar2024-15-de-mulher-rural_porto-verde_gilberto-10-1024x640.jpg\" alt=\"\" class=\"wp-image-14941\" srcset=\"http:\/\/www.emater.ro.gov.br\/ematerro\/wp-content\/uploads\/2024\/03\/20240325-03mar2024-15-de-mulher-rural_porto-verde_gilberto-10-1024x640.jpg 1024w, http:\/\/www.emater.ro.gov.br\/ematerro\/wp-content\/uploads\/2024\/03\/20240325-03mar2024-15-de-mulher-rural_porto-verde_gilberto-10-300x188.jpg 300w, http:\/\/www.emater.ro.gov.br\/ematerro\/wp-content\/uploads\/2024\/03\/20240325-03mar2024-15-de-mulher-rural_porto-verde_gilberto-10-768x480.jpg 768w, http:\/\/www.emater.ro.gov.br\/ematerro\/wp-content\/uploads\/2024\/03\/20240325-03mar2024-15-de-mulher-rural_porto-verde_gilberto-10.jpg 1308w\" sizes=\"(max-width: 1024px) 100vw, 1024px\" \/><\/figure>\n\n\n\n<figure class=\"wp-block-image size-large\"><img decoding=\"async\" loading=\"lazy\" width=\"900\" height=\"562\" data-id=\"14943\"  src=\"http:\/\/www.emater.ro.gov.br\/ematerro\/wp-content\/uploads\/2024\/03\/20240325-03mar2024-15-de-mulher-rural_porto-verde_gilberto-14.jpg\" alt=\"\" class=\"wp-image-14943\" srcset=\"http:\/\/www.emater.ro.gov.br\/ematerro\/wp-content\/uploads\/2024\/03\/20240325-03mar2024-15-de-mulher-rural_porto-verde_gilberto-14.jpg 900w, http:\/\/www.emater.ro.gov.br\/ematerro\/wp-content\/uploads\/2024\/03\/20240325-03mar2024-15-de-mulher-rural_porto-verde_gilberto-14-300x187.jpg 300w, http:\/\/www.emater.ro.gov.br\/ematerro\/wp-content\/uploads\/2024\/03\/20240325-03mar2024-15-de-mulher-rural_porto-verde_gilberto-14-768x480.jpg 768w\" sizes=\"(max-width: 900px) 100vw, 900px\" \/><\/figure>\n<\/figure>\n","protected":false},"excerpt":{"rendered":"<p>O Dia Especial em homenagem ao Dia Internacional da Mulher, promovido pela Entidade Aut\u00e1rquica de Assist\u00eancia T\u00e9cnica e Extens\u00e3o Rural (Emater-RO), no \u00faltimo dia 15, reuniu cerca de cem pessoas [&hellip;]<\/p>\n","protected":false},"author":9,"featured_media":14951,"comment_status":"closed","ping_status":"closed","sticky":false,"template":"","format":"standard","meta":[],"categories":[10,11],"tags":[],"_links":{"self":[{"href":"http:\/\/www.emater.ro.gov.br\/ematerro\/wp-json\/wp\/v2\/posts\/14962"}],"collection":[{"href":"http:\/\/www.emater.ro.gov.br\/ematerro\/wp-json\/wp\/v2\/posts"}],"about":[{"href":"http:\/\/www.emater.ro.gov.br\/ematerro\/wp-json\/wp\/v2\/types\/post"}],"author":[{"embeddable":true,"href":"http:\/\/www.emater.ro.gov.br\/ematerro\/wp-json\/wp\/v2\/users\/9"}],"replies":[{"embeddable":true,"href":"http:\/\/www.emater.ro.gov.br\/ematerro\/wp-json\/wp\/v2\/comments?post=14962"}],"version-history":[{"count":1,"href":"http:\/\/www.emater.ro.gov.br\/ematerro\/wp-json\/wp\/v2\/posts\/14962\/revisions"}],"predecessor-version":[{"id":14963,"href":"http:\/\/www.emater.ro.gov.br\/ematerro\/wp-json\/wp\/v2\/posts\/14962\/revisions\/14963"}],"wp:featuredmedia":[{"embeddable":true,"href":"http:\/\/www.emater.ro.gov.br\/ematerro\/wp-json\/wp\/v2\/media\/14951"}],"wp:attachment":[{"href":"http:\/\/www.emater.ro.gov.br\/ematerro\/wp-json\/wp\/v2\/media?parent=14962"}],"wp:term":[{"taxonomy":"category","embeddable":true,"href":"http:\/\/www.emater.ro.gov.br\/ematerro\/wp-json\/wp\/v2\/categories?post=14962"},{"taxonomy":"post_tag","embeddable":true,"href":"http:\/\/www.emater.ro.gov.br\/ematerro\/wp-json\/wp\/v2\/tags?post=14962"}],"curies":[{"name":"wp","href":"https:\/\/api.w.org\/{rel}","templated":true}]}}