{"id":14875,"date":"2024-03-15T10:30:00","date_gmt":"2024-03-15T14:30:00","guid":{"rendered":"http:\/\/www.emater.ro.gov.br\/ematerro\/?p=14875"},"modified":"2024-03-18T08:17:36","modified_gmt":"2024-03-18T12:17:36","slug":"violencia-no-trabalho-foi-tema-de-palestra-para-empregados-da-emater-ro","status":"publish","type":"post","link":"http:\/\/www.emater.ro.gov.br\/ematerro\/2024\/03\/15\/violencia-no-trabalho-foi-tema-de-palestra-para-empregados-da-emater-ro\/","title":{"rendered":"Ambientes de trabalho seguros e saud\u00e1veis \u00e9 tema de palestra para empregados da Emater-RO"},"content":{"rendered":"<div class=\"wp-block-image\">\n<figure class=\"aligncenter size-large\"><img decoding=\"async\" loading=\"lazy\" width=\"1024\" height=\"640\" src=\"http:\/\/www.emater.ro.gov.br\/ematerro\/wp-content\/uploads\/2024\/03\/20240315-03mar2024-13-palestra-violencia-no-trabalho_irene-mendes-41-1024x640.jpg\" alt=\"\" class=\"wp-image-14877\" srcset=\"http:\/\/www.emater.ro.gov.br\/ematerro\/wp-content\/uploads\/2024\/03\/20240315-03mar2024-13-palestra-violencia-no-trabalho_irene-mendes-41-1024x640.jpg 1024w, http:\/\/www.emater.ro.gov.br\/ematerro\/wp-content\/uploads\/2024\/03\/20240315-03mar2024-13-palestra-violencia-no-trabalho_irene-mendes-41-300x188.jpg 300w, http:\/\/www.emater.ro.gov.br\/ematerro\/wp-content\/uploads\/2024\/03\/20240315-03mar2024-13-palestra-violencia-no-trabalho_irene-mendes-41-768x480.jpg 768w, http:\/\/www.emater.ro.gov.br\/ematerro\/wp-content\/uploads\/2024\/03\/20240315-03mar2024-13-palestra-violencia-no-trabalho_irene-mendes-41.jpg 1500w\" sizes=\"(max-width: 1024px) 100vw, 1024px\" \/><figcaption class=\"wp-element-caption\"><em><strong><sup>Conscientizar para assegurar um ambiente mais saud\u00e1vel e respeitoso para todos.<\/sup><\/strong><\/em><\/figcaption><\/figure><\/div>\n\n\n<p>A responsabilidade de uma institui\u00e7\u00e3o n\u00e3o est\u00e1 somente em cumprir suas metas e alcan\u00e7as os resultados desejados, mas sim contribuir para o bem-estar de seus empregados. \u00c9 nessa perspectiva que a Entidade Aut\u00e1rquica de Assist\u00eancia T\u00e9cnica e Extens\u00e3o Rural (Emater-RO) tem oferecido aos seus colaboradores capacita\u00e7\u00e3o constante nas diversas \u00e1reas de conviv\u00eancia, humaniza\u00e7\u00e3o e atendimento ao p\u00fablico.<\/p>\n\n\n\n<p>Na quarta-feira (13) a Ger\u00eancia de Desenvolvimento Pessoal da Emater-RO ofereceu aos empregados do Centro Gerencial e do escrit\u00f3rio Regional de Porto Velho uma palestra com o tema: \u201cAmbientes de trabalho seguros e saud\u00e1veis, livres de viol\u00eancia e de ass\u00e9dio.\u201d. A palestra foi ministrada pela procuradora do trabalho do Minist\u00e9rio P\u00fablico do Trabalho RO\/AC, Camilla Holanda Mendes.<\/p>\n\n\n<div class=\"wp-block-image\">\n<figure class=\"alignleft size-large is-resized\"><img decoding=\"async\" loading=\"lazy\" src=\"http:\/\/www.emater.ro.gov.br\/ematerro\/wp-content\/uploads\/2024\/03\/20240315-03mar2024-13-palestra-violencia-no-trabalho_irene-mendes-37-1024x640.jpg\" alt=\"\" class=\"wp-image-14878\" width=\"437\" height=\"272\" srcset=\"http:\/\/www.emater.ro.gov.br\/ematerro\/wp-content\/uploads\/2024\/03\/20240315-03mar2024-13-palestra-violencia-no-trabalho_irene-mendes-37-1024x640.jpg 1024w, http:\/\/www.emater.ro.gov.br\/ematerro\/wp-content\/uploads\/2024\/03\/20240315-03mar2024-13-palestra-violencia-no-trabalho_irene-mendes-37-300x188.jpg 300w, http:\/\/www.emater.ro.gov.br\/ematerro\/wp-content\/uploads\/2024\/03\/20240315-03mar2024-13-palestra-violencia-no-trabalho_irene-mendes-37-768x480.jpg 768w, http:\/\/www.emater.ro.gov.br\/ematerro\/wp-content\/uploads\/2024\/03\/20240315-03mar2024-13-palestra-violencia-no-trabalho_irene-mendes-37.jpg 1500w\" sizes=\"(max-width: 437px) 100vw, 437px\" \/><figcaption class=\"wp-element-caption\"><strong><em><sup>Prevenir  o ass\u00e9dio e a viol\u00eancia no trabalho \u00e9 fundamental para a sa\u00fade do trabalhador.<\/sup><\/em><\/strong><\/figcaption><\/figure><\/div>\n\n\n<p>Conscientizar acerca da import\u00e2ncia da preven\u00e7\u00e3o e combate \u00e0 viol\u00eancia e aos diversos tipos de ass\u00e9dio no trabalho \u00e9 uma forma de assegurar um ambiente mais seguro, saud\u00e1vel e respeitoso para todos que integram a equipe desse ambiente e at\u00e9 mesmo para o p\u00fablico benefici\u00e1rio. A Organiza\u00e7\u00e3o Internacional do Trabalho (OIT) tem atuado efetivamente nessa quest\u00e3o enfatizando, em seu \u00faltimo relat\u00f3rio, o qu\u00e3o fundamental \u00e9 implantar medida de seguran\u00e7a e sa\u00fade \u201cpara construir com uma abordagem inclusiva, integrada e sens\u00edvel ao g\u00eanero para prevenir e eliminar a viol\u00eancia e o ass\u00e9dio no mundo do trabalho.\u201d.<\/p>\n\n\n\n<p>Para o governador Marcos Rocha, o ambiente de trabalho \u00e9 um espa\u00e7o que deve promover o bem-estar e trazer dignidade para as pessoas, por isso, \u201ccombater todas as formas de ass\u00e9dio e prevenir a viol\u00eancia no trabalho \u00e9 fundamental, n\u00e3o s\u00f3 para a boa conviv\u00eancia, mas para a sa\u00fade do trabalhador\u201d, disse o governador.<\/p>\n\n\n\n<p>Durante a palestra, a promotora explicou as diversas ramifica\u00e7\u00f5es da viol\u00eancia e do ass\u00e9dio que nem sempre s\u00e3o compreendidas como tal, mas que \u00e9 preciso alinhar o conceito, para que todos possam ter discernimento de suas a\u00e7\u00f5es e saber quando est\u00e3o ultrapassando os limites da boa conviv\u00eancia. Para o diretor-presidente da Emater-RO, Luciano Brand\u00e3o, \u201cessas orienta\u00e7\u00f5es s\u00e3o muito importantes n\u00e3o somente para esclarecer, mas tamb\u00e9m para prevenir situa\u00e7\u00f5es que possam gerar a viol\u00eancia e o ass\u00e9dio, garantindo assim, mais seguran\u00e7a no ambiente de trabalho\u201d.<\/p>\n\n\n\n<p class=\"has-text-align-right\"><em><strong><sup>Wania Ressutti<br>Jornalista \u2013 MTE-1744\/RO<br>Fotos: Irene Mendes<br>Rep\u00f3rter fotogr\u00e1fica \u2013 MTE-368\/RO<br>EMATER-RO<\/sup><\/strong><\/em><\/p>\n","protected":false},"excerpt":{"rendered":"<p>A responsabilidade de uma institui\u00e7\u00e3o n\u00e3o est\u00e1 somente em cumprir suas metas e alcan\u00e7as os resultados desejados, mas sim contribuir para o bem-estar de seus empregados. \u00c9 nessa perspectiva que [&hellip;]<\/p>\n","protected":false},"author":9,"featured_media":14876,"comment_status":"closed","ping_status":"closed","sticky":false,"template":"","format":"standard","meta":[],"categories":[10,9,12],"tags":[787,45,43,786,37],"_links":{"self":[{"href":"http:\/\/www.emater.ro.gov.br\/ematerro\/wp-json\/wp\/v2\/posts\/14875"}],"collection":[{"href":"http:\/\/www.emater.ro.gov.br\/ematerro\/wp-json\/wp\/v2\/posts"}],"about":[{"href":"http:\/\/www.emater.ro.gov.br\/ematerro\/wp-json\/wp\/v2\/types\/post"}],"author":[{"embeddable":true,"href":"http:\/\/www.emater.ro.gov.br\/ematerro\/wp-json\/wp\/v2\/users\/9"}],"replies":[{"embeddable":true,"href":"http:\/\/www.emater.ro.gov.br\/ematerro\/wp-json\/wp\/v2\/comments?post=14875"}],"version-history":[{"count":4,"href":"http:\/\/www.emater.ro.gov.br\/ematerro\/wp-json\/wp\/v2\/posts\/14875\/revisions"}],"predecessor-version":[{"id":14906,"href":"http:\/\/www.emater.ro.gov.br\/ematerro\/wp-json\/wp\/v2\/posts\/14875\/revisions\/14906"}],"wp:featuredmedia":[{"embeddable":true,"href":"http:\/\/www.emater.ro.gov.br\/ematerro\/wp-json\/wp\/v2\/media\/14876"}],"wp:attachment":[{"href":"http:\/\/www.emater.ro.gov.br\/ematerro\/wp-json\/wp\/v2\/media?parent=14875"}],"wp:term":[{"taxonomy":"category","embeddable":true,"href":"http:\/\/www.emater.ro.gov.br\/ematerro\/wp-json\/wp\/v2\/categories?post=14875"},{"taxonomy":"post_tag","embeddable":true,"href":"http:\/\/www.emater.ro.gov.br\/ematerro\/wp-json\/wp\/v2\/tags?post=14875"}],"curies":[{"name":"wp","href":"https:\/\/api.w.org\/{rel}","templated":true}]}}