{"id":14707,"date":"2024-02-20T12:12:35","date_gmt":"2024-02-20T16:12:35","guid":{"rendered":"http:\/\/www.emater.ro.gov.br\/ematerro\/?p=14707"},"modified":"2024-09-10T09:28:25","modified_gmt":"2024-09-10T13:28:25","slug":"emater-ro-e-parceiros-capacitam-agricultores-familiares-e-operadores-de-maquinas-na-producao-de-silagem-em-pimenteiras","status":"publish","type":"post","link":"http:\/\/www.emater.ro.gov.br\/ematerro\/2024\/02\/20\/emater-ro-e-parceiros-capacitam-agricultores-familiares-e-operadores-de-maquinas-na-producao-de-silagem-em-pimenteiras\/","title":{"rendered":"Emater-RO e parceiros capacitam agricultores familiares e operadores de m\u00e1quinas na produ\u00e7\u00e3o de silagem em Pimenteiras"},"content":{"rendered":"\n<figure class=\"wp-block-image size-large\"><img decoding=\"async\" loading=\"lazy\" width=\"1024\" height=\"768\" src=\"http:\/\/www.emater.ro.gov.br\/ematerro\/wp-content\/uploads\/2024\/02\/20240220-curso-silagem-2-1024x768.jpeg\" alt=\"\" class=\"wp-image-14708\" srcset=\"http:\/\/www.emater.ro.gov.br\/ematerro\/wp-content\/uploads\/2024\/02\/20240220-curso-silagem-2-1024x768.jpeg 1024w, http:\/\/www.emater.ro.gov.br\/ematerro\/wp-content\/uploads\/2024\/02\/20240220-curso-silagem-2-300x225.jpeg 300w, http:\/\/www.emater.ro.gov.br\/ematerro\/wp-content\/uploads\/2024\/02\/20240220-curso-silagem-2-768x576.jpeg 768w, http:\/\/www.emater.ro.gov.br\/ematerro\/wp-content\/uploads\/2024\/02\/20240220-curso-silagem-2-1536x1152.jpeg 1536w, http:\/\/www.emater.ro.gov.br\/ematerro\/wp-content\/uploads\/2024\/02\/20240220-curso-silagem-2-640x480.jpeg 640w, http:\/\/www.emater.ro.gov.br\/ematerro\/wp-content\/uploads\/2024\/02\/20240220-curso-silagem-2.jpeg 1600w\" sizes=\"(max-width: 1024px) 100vw, 1024px\" \/><\/figure>\n\n\n\n<p>Os produtores Rurais e profissionais t\u00e9cnicos t\u00eam a oportunidade de participar de um treinamento t\u00e9cnico qualificado e abrangente na produ\u00e7\u00e3o de silagem, oferecida pelo governo de Rond\u00f4nia, atrav\u00e9s da Entidade Aut\u00e1rquica de Assist\u00eancia T\u00e9cnica e Extens\u00e3o Rural de Rond\u00f4nia (Emater-RO), em parceria com a Secretaria Municipal de Agricultura da prefeitura de Pimenteiras e participa\u00e7\u00e3o especial do Instituto Federal ( Ifro de Colorado).<\/p>\n\n\n\n<p>O curso oferecido tem orienta\u00e7\u00e3o do professor Rafael Reis do Ifro de colorado, e contem informa\u00e7\u00f5es t\u00e9cnicas que ajudam produtores e t\u00e9cnicos, desde a escolha da semente, definindo a variedade ou o hibrido de milho que melhor atende a necessidade da propriedade rural e o tipo de cria\u00e7\u00e3o. Muito embora a \u00eanfase seja na produ\u00e7\u00e3o de alimentos para o rebanho leiteiro, os participantes aprendem todas as t\u00e9cnicas da silagem, do plantio ao fechamento da lona, que s\u00e3o aplic\u00e1veis \u00e0 produ\u00e7\u00e3o e estocagem de alimentos para todos os tipos de ruminantes.<\/p>\n\n\n\n<p>A primeira capacita\u00e7\u00e3o deste ano em Pimenteiras, foi realizada neste m\u00eas de fevereiro na propriedade do agricultor Cloves Jose dos Santos filho, situada na linha sete, onde foram demonstradas diversas t\u00e9cnicas e pr\u00e1ticas para melhorar o rendimento e a qualidade da silagem de milho, que pode sofrer muitas percas no processo de produ\u00e7\u00e3o, principalmente durante a colheita e estocagem da massa verde. Detalhes, como ponto ideal de colheita, compacta\u00e7\u00e3o, inocula\u00e7\u00e3o e fechamento da lona, podem determinar o sucesso ou preju\u00edzos na produ\u00e7\u00e3o da silagem, dizem os t\u00e9cnicos da Emater-RO.<\/p>\n\n\n<div class=\"wp-block-image\">\n<figure class=\"alignleft size-large is-resized\"><img decoding=\"async\" loading=\"lazy\" src=\"http:\/\/www.emater.ro.gov.br\/ematerro\/wp-content\/uploads\/2024\/02\/20240220-curso-silagem-7-1024x768.jpeg\" alt=\"\" class=\"wp-image-14709\" width=\"351\" height=\"263\" srcset=\"http:\/\/www.emater.ro.gov.br\/ematerro\/wp-content\/uploads\/2024\/02\/20240220-curso-silagem-7-1024x768.jpeg 1024w, http:\/\/www.emater.ro.gov.br\/ematerro\/wp-content\/uploads\/2024\/02\/20240220-curso-silagem-7-300x225.jpeg 300w, http:\/\/www.emater.ro.gov.br\/ematerro\/wp-content\/uploads\/2024\/02\/20240220-curso-silagem-7-768x576.jpeg 768w, http:\/\/www.emater.ro.gov.br\/ematerro\/wp-content\/uploads\/2024\/02\/20240220-curso-silagem-7-1536x1152.jpeg 1536w, http:\/\/www.emater.ro.gov.br\/ematerro\/wp-content\/uploads\/2024\/02\/20240220-curso-silagem-7-640x480.jpeg 640w, http:\/\/www.emater.ro.gov.br\/ematerro\/wp-content\/uploads\/2024\/02\/20240220-curso-silagem-7.jpeg 1600w\" sizes=\"(max-width: 351px) 100vw, 351px\" \/><figcaption class=\"wp-element-caption\"><em>uso de silagem na alimenta\u00e7\u00e3o do rebanho leiteiro evita perca de peso e de produ\u00e7\u00e3o no per\u00edodo seco,<\/em><\/figcaption><\/figure><\/div>\n\n\n<p>Os produtores interessados na capacita\u00e7\u00e3o podem procurar o escrit\u00f3rio local da Emater-RO, que ir\u00e1 atender os agropecuaristas seguindo a programa\u00e7\u00e3o estabelecida e as demandas apresentadas pelos produtores, conforme \u00e9 a orienta\u00e7\u00e3o do Governador marcos Rocha, e repetida pelo secret\u00e1rio de estado da agricultura e pelo presidente da Emater-RO, Luciano Brand\u00e3o.<\/p>\n\n\n\n<p>Mesmo produtores que j\u00e1 fazem silagem podem participar dos cursos para aprimoramento das t\u00e9cnicas, inclusive regulagem de m\u00e1qaquinas e equipamentos, amola\u00e7\u00e3o das facas da ensiladeira, e todas as t\u00e9cnicas, do preparo do solo ao fornecimento da forragem aos animais. Esta \u00e9 uma oportunidade que permanece aberta aos produtores de leite de Pimenteiras, que ainda podem receber gratuitamente da prefeitura do munic\u00edpio servi\u00e7os de mecaniza\u00e7\u00e3o para produ\u00e7\u00e3o do milho ou capim, e da silagem, diz o gerente da Emater-RO em Pimenteiras, Andrew Vinicius Raniere Antunes.<\/p>\n\n\n\n<p class=\"has-text-align-right\">Texto: Enoque de Oliveira<br>fotos: Andrew Vinicius Antunes<\/p>\n","protected":false},"excerpt":{"rendered":"<p>Os produtores Rurais e profissionais t\u00e9cnicos t\u00eam a oportunidade de participar de um treinamento t\u00e9cnico qualificado e abrangente na produ\u00e7\u00e3o de silagem, oferecida pelo governo de Rond\u00f4nia, atrav\u00e9s da Entidade [&hellip;]<\/p>\n","protected":false},"author":8,"featured_media":14710,"comment_status":"closed","ping_status":"closed","sticky":false,"template":"","format":"standard","meta":[],"categories":[10,9,12],"tags":[],"_links":{"self":[{"href":"http:\/\/www.emater.ro.gov.br\/ematerro\/wp-json\/wp\/v2\/posts\/14707"}],"collection":[{"href":"http:\/\/www.emater.ro.gov.br\/ematerro\/wp-json\/wp\/v2\/posts"}],"about":[{"href":"http:\/\/www.emater.ro.gov.br\/ematerro\/wp-json\/wp\/v2\/types\/post"}],"author":[{"embeddable":true,"href":"http:\/\/www.emater.ro.gov.br\/ematerro\/wp-json\/wp\/v2\/users\/8"}],"replies":[{"embeddable":true,"href":"http:\/\/www.emater.ro.gov.br\/ematerro\/wp-json\/wp\/v2\/comments?post=14707"}],"version-history":[{"count":4,"href":"http:\/\/www.emater.ro.gov.br\/ematerro\/wp-json\/wp\/v2\/posts\/14707\/revisions"}],"predecessor-version":[{"id":14720,"href":"http:\/\/www.emater.ro.gov.br\/ematerro\/wp-json\/wp\/v2\/posts\/14707\/revisions\/14720"}],"wp:featuredmedia":[{"embeddable":true,"href":"http:\/\/www.emater.ro.gov.br\/ematerro\/wp-json\/wp\/v2\/media\/14710"}],"wp:attachment":[{"href":"http:\/\/www.emater.ro.gov.br\/ematerro\/wp-json\/wp\/v2\/media?parent=14707"}],"wp:term":[{"taxonomy":"category","embeddable":true,"href":"http:\/\/www.emater.ro.gov.br\/ematerro\/wp-json\/wp\/v2\/categories?post=14707"},{"taxonomy":"post_tag","embeddable":true,"href":"http:\/\/www.emater.ro.gov.br\/ematerro\/wp-json\/wp\/v2\/tags?post=14707"}],"curies":[{"name":"wp","href":"https:\/\/api.w.org\/{rel}","templated":true}]}}