{"id":1461,"date":"2016-10-18T08:50:12","date_gmt":"2016-10-18T12:50:12","guid":{"rendered":"http:\/\/www.emater.ro.gov.br\/ematerro\/?p=1461"},"modified":"2016-10-19T08:30:38","modified_gmt":"2016-10-19T12:30:38","slug":"alvorada-do-oeste-ganha-agroindustria","status":"publish","type":"post","link":"http:\/\/www.emater.ro.gov.br\/ematerro\/2016\/10\/18\/alvorada-do-oeste-ganha-agroindustria\/","title":{"rendered":"Alvorada do Oeste ganha agroind\u00fastria"},"content":{"rendered":"<p>O incentivo do governo estadual na consolida\u00e7\u00e3o das agroind\u00fastrias familiares tem proporcionado \u00e0s fam\u00edlias rurais a oportunidade de ampliar seus neg\u00f3cios e realizar o sonho de uma vida melhor no campo. O investimento em pol\u00edticas p\u00fablicas como o Programa de Verticaliza\u00e7\u00e3o da Pequena Produ\u00e7\u00e3o Agr\u00edcola (Prove) tem sido um grande aliado no fortalecimento desse setor e a inaugura\u00e7\u00e3o de mais uma agroind\u00fastria, desta vez em Alvorada do Oeste, demonstra que esse \u00e9 o verdadeiro caminho para o desenvolvimento do segmento agroindustrial de Rond\u00f4nia.<\/p>\n<figure id=\"attachment_1464\" aria-describedby=\"caption-attachment-1464\" style=\"width: 800px\" class=\"wp-caption aligncenter\"><img decoding=\"async\" loading=\"lazy\" class=\"wp-image-1464 size-full\" src=\"http:\/\/www.emater.ro.gov.br\/ematerro\/wp-content\/uploads\/2016\/10\/agroindustria.jpg\" alt=\"Os programas de governo transformam a vida dos agricultores em vidas mais dignas.\" width=\"800\" height=\"500\" srcset=\"http:\/\/www.emater.ro.gov.br\/ematerro\/wp-content\/uploads\/2016\/10\/agroindustria.jpg 800w, http:\/\/www.emater.ro.gov.br\/ematerro\/wp-content\/uploads\/2016\/10\/agroindustria-300x188.jpg 300w, http:\/\/www.emater.ro.gov.br\/ematerro\/wp-content\/uploads\/2016\/10\/agroindustria-768x480.jpg 768w\" sizes=\"(max-width: 800px) 100vw, 800px\" \/><figcaption id=\"caption-attachment-1464\" class=\"wp-caption-text\">Os programas de governo transformam a vida dos agricultores em vidas mais dignas.<\/figcaption><\/figure>\n<p>A farinheira \u201cTr\u00eas Irm\u00e3os\u201d foi inaugurada na \u00faltima sexta-feira (14) pelos irm\u00e3os Ant\u00f4nio Concei\u00e7\u00e3o da Silva, Adevaldo da Silva e Genivaldo da Concei\u00e7\u00e3o da Silva. Com tradi\u00e7\u00e3o na fabrica\u00e7\u00e3o de farinha a v\u00e1rias gera\u00e7\u00f5es os irm\u00e3os Silva tiveram contato com essa atividade atrav\u00e9s de seus avos que fabricavam farinha para consumo familiar. Foi o pai, Sr. Manuel Silva, ainda morando no Nordeste, que iniciou a atividade comercial, vendendo a produ\u00e7\u00e3o.<\/p>\n<p>A fam\u00edlia mudou-se para Rond\u00f4nia na d\u00e9cada de 1970 e reiniciou a atividade novamente para consumo familiar. Somente 20 anos depois come\u00e7aram a vender a farinha no com\u00e9rcio local. Foi nessa \u00e9poca tamb\u00e9m que a fam\u00edlia passou a receber assist\u00eancia t\u00e9cnica da Emater-RO e a serem inseridos nos programas de incentivo do governo estadual.<\/p>\n<figure id=\"attachment_1462\" aria-describedby=\"caption-attachment-1462\" style=\"width: 250px\" class=\"wp-caption alignright\"><img decoding=\"async\" loading=\"lazy\" class=\"wp-image-1462\" src=\"http:\/\/www.emater.ro.gov.br\/ematerro\/wp-content\/uploads\/2016\/10\/agroindustria-1-188x300.jpg\" alt=\"A proje\u00e7\u00e3o futura \u00e9 dobrar a produ\u00e7\u00e3o.\" width=\"250\" height=\"400\" srcset=\"http:\/\/www.emater.ro.gov.br\/ematerro\/wp-content\/uploads\/2016\/10\/agroindustria-1-188x300.jpg 188w, http:\/\/www.emater.ro.gov.br\/ematerro\/wp-content\/uploads\/2016\/10\/agroindustria-1.jpg 500w\" sizes=\"(max-width: 250px) 100vw, 250px\" \/><figcaption id=\"caption-attachment-1462\" class=\"wp-caption-text\">A proje\u00e7\u00e3o futura \u00e9 dobrar a produ\u00e7\u00e3o.<\/figcaption><\/figure>\n<p>Atrav\u00e9s do Programa de Aquisi\u00e7\u00e3o de Alimentos (PAA) come\u00e7aram a entregar a produ\u00e7\u00e3o e com as exig\u00eancias quanto \u00e0 regulariza\u00e7\u00e3o na fabrica\u00e7\u00e3o do produto, aderiram ao Prove. Em 2012, com apoio e orienta\u00e7\u00e3o da Emater-RO a fam\u00edlia iniciou o processo de regulariza\u00e7\u00e3o da farinheira.<\/p>\n<p><strong>CRESCIMENTO ECON\u00d4MICO<\/strong><br \/>\nAntes da formaliza\u00e7\u00e3o da agroind\u00fastria, com m\u00e3o de obra familiar, os irm\u00e3os Ant\u00f4nio, Adevaldo e Genivaldo conseguiam produzir apenas 120 quilos de farinha por m\u00eas.<\/p>\n<p>Para dar celeridade ao processo os Silva solicitaram acesso ao cr\u00e9dito rural e, atrav\u00e9s da linha Pronaf conseguiram adquirir um trator para auxiliar na produ\u00e7\u00e3o dos gr\u00e3os e recursos financeiros para constru\u00e7\u00e3o do pr\u00e9dio que iria abrigar a agroind\u00fastria. Os equipamentos foram adquiridos atrav\u00e9s do programa de agroindustrializa\u00e7\u00e3o do governo estadual.<\/p>\n<p>Hoje, a farinheira produz em m\u00e9dia mil quilos de farinha\/m\u00eas, comercializando a produ\u00e7\u00e3o no valor de R$ 4,00 o quilo. Com despesa em torno de 60% da receita seu faturamento anual passou para R$ 48.000,00 e a proje\u00e7\u00e3o futura \u00e9 dobrar a produ\u00e7\u00e3o.<\/p>\n<p><strong>INAUGURA\u00c7\u00c3O<\/strong><br \/>\nA solenidade de inaugura\u00e7\u00e3o da Farinheira Tr\u00eas Irm\u00e3os foi realizada na \u00faltima sexta-feira (14). Os irm\u00e3os Silva, orgulhosos, receberam as autoridades participantes demonstrando satisfa\u00e7\u00e3o na conquista e a certeza de que poder\u00e1 oferecer \u00e0 sua fam\u00edlia uma vida mais tranquila.<\/p>\n<figure id=\"attachment_1463\" aria-describedby=\"caption-attachment-1463\" style=\"width: 300px\" class=\"wp-caption alignleft\"><img decoding=\"async\" loading=\"lazy\" class=\"size-medium wp-image-1463\" src=\"http:\/\/www.emater.ro.gov.br\/ematerro\/wp-content\/uploads\/2016\/10\/agroindustria-3-300x188.jpg\" alt=\"Despesa em torno de 60% da receita e faturamento anual em torno de R$ 48.000,00\" width=\"300\" height=\"188\" srcset=\"http:\/\/www.emater.ro.gov.br\/ematerro\/wp-content\/uploads\/2016\/10\/agroindustria-3-300x188.jpg 300w, http:\/\/www.emater.ro.gov.br\/ematerro\/wp-content\/uploads\/2016\/10\/agroindustria-3-768x480.jpg 768w, http:\/\/www.emater.ro.gov.br\/ematerro\/wp-content\/uploads\/2016\/10\/agroindustria-3.jpg 800w\" sizes=\"(max-width: 300px) 100vw, 300px\" \/><figcaption id=\"caption-attachment-1463\" class=\"wp-caption-text\">Faturamento anual em torno de R$ 48.000,00<\/figcaption><\/figure>\n<p>Na oportunidade, o presidente da Emater-RO, Francisco Mendes de S\u00e1 Barreto Coutinho destacou a import\u00e2ncia de a\u00e7\u00f5es como essa para o desenvolvimento da fam\u00edlia no campo. \u201cO governo estadual acredita em seus programas porque eles transformam as vidas dos agricultores em vidas mais dignas, onde o valor social supera qualquer benef\u00edcio financeiro, al\u00e9m de manter a fam\u00edlia unida, que \u00e9 o bem mais precioso que temos\u201d, disse o presidente.<\/p>\n<p>Tamb\u00e9m prestigiaram a solenidade, o secret\u00e1rio de Estado da Agricultura, Evandro Padovani, o deputado estadual Laerte Gomes, o gerente regional da Emater-RO em S\u00e3o Francisco do Guapor\u00e9, Luciano Brand\u00e3o e o gerente da Emater-RO local, Geovani Tomiazzi Soares e equipe.<\/p>\n<h6 style=\"text-align: right;\"><em>Wania Ressutti<\/em><br \/>\n<em>Jornalista \u2013 SRTE\/DRT\/RO-959<\/em><br \/>\n<em>Fotos: Esreg S\u00e3o Francisco do Guapor\u00e9<\/em><br \/>\n<em>EMATER-RO<\/em><\/h6>\n","protected":false},"excerpt":{"rendered":"<p>O incentivo do governo estadual na consolida\u00e7\u00e3o das agroind\u00fastrias familiares tem proporcionado \u00e0s fam\u00edlias rurais a oportunidade de ampliar seus neg\u00f3cios e realizar o sonho de uma vida melhor no [&hellip;]<\/p>\n","protected":false},"author":9,"featured_media":1466,"comment_status":"closed","ping_status":"closed","sticky":false,"template":"","format":"standard","meta":[],"categories":[10,9,12],"tags":[57,30,86,74],"_links":{"self":[{"href":"http:\/\/www.emater.ro.gov.br\/ematerro\/wp-json\/wp\/v2\/posts\/1461"}],"collection":[{"href":"http:\/\/www.emater.ro.gov.br\/ematerro\/wp-json\/wp\/v2\/posts"}],"about":[{"href":"http:\/\/www.emater.ro.gov.br\/ematerro\/wp-json\/wp\/v2\/types\/post"}],"author":[{"embeddable":true,"href":"http:\/\/www.emater.ro.gov.br\/ematerro\/wp-json\/wp\/v2\/users\/9"}],"replies":[{"embeddable":true,"href":"http:\/\/www.emater.ro.gov.br\/ematerro\/wp-json\/wp\/v2\/comments?post=1461"}],"version-history":[{"count":3,"href":"http:\/\/www.emater.ro.gov.br\/ematerro\/wp-json\/wp\/v2\/posts\/1461\/revisions"}],"predecessor-version":[{"id":1469,"href":"http:\/\/www.emater.ro.gov.br\/ematerro\/wp-json\/wp\/v2\/posts\/1461\/revisions\/1469"}],"wp:featuredmedia":[{"embeddable":true,"href":"http:\/\/www.emater.ro.gov.br\/ematerro\/wp-json\/wp\/v2\/media\/1466"}],"wp:attachment":[{"href":"http:\/\/www.emater.ro.gov.br\/ematerro\/wp-json\/wp\/v2\/media?parent=1461"}],"wp:term":[{"taxonomy":"category","embeddable":true,"href":"http:\/\/www.emater.ro.gov.br\/ematerro\/wp-json\/wp\/v2\/categories?post=1461"},{"taxonomy":"post_tag","embeddable":true,"href":"http:\/\/www.emater.ro.gov.br\/ematerro\/wp-json\/wp\/v2\/tags?post=1461"}],"curies":[{"name":"wp","href":"https:\/\/api.w.org\/{rel}","templated":true}]}}