{"id":14577,"date":"2023-12-22T11:46:56","date_gmt":"2023-12-22T15:46:56","guid":{"rendered":"http:\/\/www.emater.ro.gov.br\/ematerro\/?p=14577"},"modified":"2023-12-22T11:46:56","modified_gmt":"2023-12-22T15:46:56","slug":"palestra-sobre-praticas-de-boa-convivencia-faz-parte-das-acoes-para-gestao-de-assistencia-tecnica-e-extensao-rural","status":"publish","type":"post","link":"http:\/\/www.emater.ro.gov.br\/ematerro\/2023\/12\/22\/palestra-sobre-praticas-de-boa-convivencia-faz-parte-das-acoes-para-gestao-de-assistencia-tecnica-e-extensao-rural\/","title":{"rendered":"Palestra sobre pr\u00e1ticas de boa conviv\u00eancia faz parte das a\u00e7\u00f5es para gest\u00e3o de Assist\u00eancia T\u00e9cnica e Extens\u00e3o Rural"},"content":{"rendered":"<div class=\"wp-block-image\">\n<figure class=\"aligncenter size-large\"><img decoding=\"async\" loading=\"lazy\" width=\"1024\" height=\"640\" src=\"http:\/\/www.emater.ro.gov.br\/ematerro\/wp-content\/uploads\/2023\/12\/20231219-12dez2023-14-palestra-relacao-interpessoal_nicolly-galvao-6-1024x640.jpg\" alt=\"\" class=\"wp-image-14580\" srcset=\"http:\/\/www.emater.ro.gov.br\/ematerro\/wp-content\/uploads\/2023\/12\/20231219-12dez2023-14-palestra-relacao-interpessoal_nicolly-galvao-6-1024x640.jpg 1024w, http:\/\/www.emater.ro.gov.br\/ematerro\/wp-content\/uploads\/2023\/12\/20231219-12dez2023-14-palestra-relacao-interpessoal_nicolly-galvao-6-300x188.jpg 300w, http:\/\/www.emater.ro.gov.br\/ematerro\/wp-content\/uploads\/2023\/12\/20231219-12dez2023-14-palestra-relacao-interpessoal_nicolly-galvao-6-768x480.jpg 768w, http:\/\/www.emater.ro.gov.br\/ematerro\/wp-content\/uploads\/2023\/12\/20231219-12dez2023-14-palestra-relacao-interpessoal_nicolly-galvao-6.jpg 1500w\" sizes=\"(max-width: 1024px) 100vw, 1024px\" \/><figcaption class=\"wp-element-caption\"><strong><em><sup>A capacita\u00e7\u00e3o cont\u00ednua de empregados faz parte do plano de gest\u00e3o da Emater-RO<\/sup><\/em><\/strong><\/figcaption><\/figure><\/div>\n\n\n<p>Empregados do Centro Gerencial da Entidade Aut\u00e1rquica de Assist\u00eancia T\u00e9cnica e Extens\u00e3o Rural (Emater-RO) participaram nesta semana de uma palestra sobre rela\u00e7\u00e3o interpessoal ofertada pela ouvidoria geral do Estado. A atividade faz parte das a\u00e7\u00f5es de capacita\u00e7\u00e3o e boa conviv\u00eancia para gest\u00e3o de assist\u00eancia t\u00e9cnica e extens\u00e3o rural (Ater). A palestra ser\u00e1 tamb\u00e9m disponibilizada para os empregados que atuam no interior.<\/p>\n\n\n\n<p>A capacita\u00e7\u00e3o cont\u00ednua de empregados da Emater-RO nas mais diversas \u00e1reas, sejam t\u00e9cnicas ou administrativas, faz parte do plano de a\u00e7\u00e3o da Emater-RO desde 2019, quando da implanta\u00e7\u00e3o da gest\u00e3o para uma nova Ater. Desde ent\u00e3o, o diretor-presidente, Luciano Brand\u00e3o vem oportunizando aos mais de 800 empregados, a participa\u00e7\u00e3o em cursos e palestras que possam promover a excel\u00eancia no atendimento dos servi\u00e7os e na rela\u00e7\u00e3o entre seus colaboradores.<\/p>\n\n\n\n<p>A palestra sobre Rela\u00e7\u00e3o Interpessoal contou com a participa\u00e7\u00e3o da psic\u00f3loga da Secretaria de Desenvolvimento Ambiental (Sedam), Meire Maranha, e trouxe uma din\u00e2mica de atualiza\u00e7\u00e3o que busca orientar e incentivar os atores no comportamento di\u00e1rio e na pr\u00e1tica de uma conviv\u00eancia harmoniosa dentro e fora dos locais de trabalho. \u201cestamos vivendo tempos cada vez mais dif\u00edceis, onde as pessoas, \u00e0s vezes se encontram com problemas pessoas e, promover esse tipo de capacita\u00e7\u00e3o contribui para que haja uma maior compreens\u00e3o sobre as necessidades do pr\u00f3ximo e para que essas pessoas, caso necessitem, se sintam mais confort\u00e1veis para buscar a ajuda necess\u00e1ria\u201d, explica Brand\u00e3o.<\/p>\n\n\n<div class=\"wp-block-image\">\n<figure class=\"alignleft size-large is-resized\"><img decoding=\"async\" loading=\"lazy\" src=\"http:\/\/www.emater.ro.gov.br\/ematerro\/wp-content\/uploads\/2023\/12\/20231219-12dez2023-14-palestra-relacao-interpessoal_nicolly-galvao-4-1024x640.jpg\" alt=\"\" class=\"wp-image-14584\" width=\"375\" height=\"233\" srcset=\"http:\/\/www.emater.ro.gov.br\/ematerro\/wp-content\/uploads\/2023\/12\/20231219-12dez2023-14-palestra-relacao-interpessoal_nicolly-galvao-4-1024x640.jpg 1024w, http:\/\/www.emater.ro.gov.br\/ematerro\/wp-content\/uploads\/2023\/12\/20231219-12dez2023-14-palestra-relacao-interpessoal_nicolly-galvao-4-768x480.jpg 768w\" sizes=\"(max-width: 375px) 100vw, 375px\" \/><figcaption class=\"wp-element-caption\"><strong><em><sup>O investimento em educa\u00e7\u00e3o \u00e9 o caminho que leva o cidad\u00e3o a uma vida mais humana e de qualidade.<\/sup><\/em><\/strong><\/figcaption><\/figure><\/div>\n\n\n<p>Para o ouvidor geral do Estado, Erasmo Meireles e S\u00e1, a inter-rela\u00e7\u00e3o pessoal \u00e9 essencial para uma boa conviv\u00eancia no ambiente de trabalho e fazendo uma analogia com a imagem de um mergulhador, falou da import\u00e2ncia em se estar preparado para enfrentar as coisas que surgem pelo caminho. \u201c\u00c9 preciso que todos n\u00f3s possamos ser criativos para superar as adversidades que possam aparecer e possamos conviver bem com nossos colegas\u201d.<\/p>\n\n\n\n<p>O investimento em educa\u00e7\u00e3o, seja ela na escola ou no trabalho \u00e9 um dos compromissos do governador Marcos Rocha que acredita ser esse o caminho que vai levar o cidad\u00e3o a uma vida mais humana e de qualidade. \u201cA capacita\u00e7\u00e3o para os profissionais no ambiente de trabalho, al\u00e9m de promover maior intera\u00e7\u00e3o entre os servidores resulta na qualidade do trabalho pelo prestado, pois quando se trabalha em harmonia, o ambiente fica mais saud\u00e1vel\u201d, diz o governador.<\/p>\n\n\n\n<p>Cerca de 80 empregados do escrit\u00f3rio central da Emater-RO participaram da palestra sobre pr\u00e1ticas de boa conviv\u00eancia, mas a atividade ser\u00e1 replicada ao todos os empregados da Emater-RO.<\/p>\n\n\n\n<p class=\"has-text-align-right\"><sup><strong><em>Texto: Wania Ressutti<br>Jornalista \u2013 MTE-1744\/RO<br>Fotos: Nicolly Galv\u00e3o<br>EMATER-RO<\/em><\/strong><\/sup><\/p>\n","protected":false},"excerpt":{"rendered":"<p>Empregados do Centro Gerencial da Entidade Aut\u00e1rquica de Assist\u00eancia T\u00e9cnica e Extens\u00e3o Rural (Emater-RO) participaram nesta semana de uma palestra sobre rela\u00e7\u00e3o interpessoal ofertada pela ouvidoria geral do Estado. A [&hellip;]<\/p>\n","protected":false},"author":9,"featured_media":14582,"comment_status":"closed","ping_status":"closed","sticky":false,"template":"","format":"standard","meta":[],"categories":[10,9,12],"tags":[133,45,279,779,284],"_links":{"self":[{"href":"http:\/\/www.emater.ro.gov.br\/ematerro\/wp-json\/wp\/v2\/posts\/14577"}],"collection":[{"href":"http:\/\/www.emater.ro.gov.br\/ematerro\/wp-json\/wp\/v2\/posts"}],"about":[{"href":"http:\/\/www.emater.ro.gov.br\/ematerro\/wp-json\/wp\/v2\/types\/post"}],"author":[{"embeddable":true,"href":"http:\/\/www.emater.ro.gov.br\/ematerro\/wp-json\/wp\/v2\/users\/9"}],"replies":[{"embeddable":true,"href":"http:\/\/www.emater.ro.gov.br\/ematerro\/wp-json\/wp\/v2\/comments?post=14577"}],"version-history":[{"count":5,"href":"http:\/\/www.emater.ro.gov.br\/ematerro\/wp-json\/wp\/v2\/posts\/14577\/revisions"}],"predecessor-version":[{"id":14598,"href":"http:\/\/www.emater.ro.gov.br\/ematerro\/wp-json\/wp\/v2\/posts\/14577\/revisions\/14598"}],"wp:featuredmedia":[{"embeddable":true,"href":"http:\/\/www.emater.ro.gov.br\/ematerro\/wp-json\/wp\/v2\/media\/14582"}],"wp:attachment":[{"href":"http:\/\/www.emater.ro.gov.br\/ematerro\/wp-json\/wp\/v2\/media?parent=14577"}],"wp:term":[{"taxonomy":"category","embeddable":true,"href":"http:\/\/www.emater.ro.gov.br\/ematerro\/wp-json\/wp\/v2\/categories?post=14577"},{"taxonomy":"post_tag","embeddable":true,"href":"http:\/\/www.emater.ro.gov.br\/ematerro\/wp-json\/wp\/v2\/tags?post=14577"}],"curies":[{"name":"wp","href":"https:\/\/api.w.org\/{rel}","templated":true}]}}