{"id":14526,"date":"2023-12-15T07:38:20","date_gmt":"2023-12-15T11:38:20","guid":{"rendered":"http:\/\/www.emater.ro.gov.br\/ematerro\/?p=14526"},"modified":"2023-12-15T07:38:20","modified_gmt":"2023-12-15T11:38:20","slug":"emater-ro-capacita-extensionistas-para-atender-os-produtores-rurais-em-2024","status":"publish","type":"post","link":"http:\/\/www.emater.ro.gov.br\/ematerro\/2023\/12\/15\/emater-ro-capacita-extensionistas-para-atender-os-produtores-rurais-em-2024\/","title":{"rendered":"Emater-RO capacita Extensionistas para atender os produtores rurais em 2024"},"content":{"rendered":"<div class=\"wp-block-image\">\n<figure class=\"aligncenter size-large\"><img decoding=\"async\" loading=\"lazy\" width=\"1024\" height=\"682\" src=\"http:\/\/www.emater.ro.gov.br\/ematerro\/wp-content\/uploads\/2023\/12\/20231213-curso-consultec-2-1024x682.jpg\" alt=\"\" class=\"wp-image-14527\" srcset=\"http:\/\/www.emater.ro.gov.br\/ematerro\/wp-content\/uploads\/2023\/12\/20231213-curso-consultec-2-1024x682.jpg 1024w, http:\/\/www.emater.ro.gov.br\/ematerro\/wp-content\/uploads\/2023\/12\/20231213-curso-consultec-2-300x200.jpg 300w, http:\/\/www.emater.ro.gov.br\/ematerro\/wp-content\/uploads\/2023\/12\/20231213-curso-consultec-2-768x512.jpg 768w, http:\/\/www.emater.ro.gov.br\/ematerro\/wp-content\/uploads\/2023\/12\/20231213-curso-consultec-2-1536x1023.jpg 1536w, http:\/\/www.emater.ro.gov.br\/ematerro\/wp-content\/uploads\/2023\/12\/20231213-curso-consultec-2-480x320.jpg 480w, http:\/\/www.emater.ro.gov.br\/ematerro\/wp-content\/uploads\/2023\/12\/20231213-curso-consultec-2.jpg 1600w\" sizes=\"(max-width: 1024px) 100vw, 1024px\" \/><figcaption class=\"wp-element-caption\"><em><sup>T\u00e9cnicos levam informa\u00e7\u00f5es e orientam aplica\u00e7\u00e3o individualizada em cada propriedade<\/sup><\/em><\/figcaption><\/figure><\/div>\n\n\n<p>Encerrando o exerc\u00edcio do ano 2023 a Entidade Aut\u00e1rquica de Assist\u00eancia T\u00e9cnica e Extens\u00e3o Rural de Rond\u00f4nia (Emater-RO) est\u00e1 capacitando 80 extensionistas que atuam na assist\u00eancia a agricultores familiares, produtores de leite, participantes do projeto consultec. Projeto este que busca o fortalecimento da cadeia do leite nos 52 munic\u00edpios do Estado.<\/p>\n\n\n\n<p>O consultec \u00e9 financiado pelo Governo de Rond\u00f4nia atrav\u00e9s do fundo Proleite, Executado pela Emater-RO. O projeto visa ajudar os produtores a impulsionar a produ\u00e7\u00e3o leiteira, com o aumento da produtividade e com a melhoria da qualidade do leite.<\/p>\n\n\n\n<p>Durante cinco dias s\u00e3o ministradas palestras sobre exig\u00eancias nutricionais das vacas, estrat\u00e9gias de arra\u00e7oamento, utiliza\u00e7\u00e3o de planilhas de dietas para vacas em lacta\u00e7\u00e3o, avalia\u00e7\u00e3o de sistemas de pastejo irrigado e de sequeiro, bem como analise de quest\u00f5es decorrentes de fatores e elementos do clima, aplicadas \u00e0 irriga\u00e7\u00e3o de pastagens. \u201cOs t\u00e9cnicos ir\u00e3o levar estas informa\u00e7\u00f5es para o campo repassando-as individualmente a cada produtor assistido, de modo a contribuir para o alcance das metas de produ\u00e7\u00e3o\u201d, diz o diretor presidente da Emater-RO, Luciano Brand\u00e3o, enfatizando que a maioria das propriedades rurais tem potencial para mais que dobrar a produ\u00e7\u00e3o no curto prazo, apenas com a ado\u00e7\u00e3o das tecnologias de manejo e nutri\u00e7\u00e3o do rebanho.<\/p>\n\n\n<div class=\"wp-block-image\">\n<figure class=\"alignleft size-large is-resized\"><img decoding=\"async\" loading=\"lazy\" src=\"http:\/\/www.emater.ro.gov.br\/ematerro\/wp-content\/uploads\/2023\/12\/20231213-12dez2023-11-a-15-capacitacao-consultec_centrer_robson-paiva-05-1024x640.jpg\" alt=\"\" class=\"wp-image-14547\" width=\"398\" height=\"248\" srcset=\"http:\/\/www.emater.ro.gov.br\/ematerro\/wp-content\/uploads\/2023\/12\/20231213-12dez2023-11-a-15-capacitacao-consultec_centrer_robson-paiva-05-1024x640.jpg 1024w, http:\/\/www.emater.ro.gov.br\/ematerro\/wp-content\/uploads\/2023\/12\/20231213-12dez2023-11-a-15-capacitacao-consultec_centrer_robson-paiva-05-300x188.jpg 300w, http:\/\/www.emater.ro.gov.br\/ematerro\/wp-content\/uploads\/2023\/12\/20231213-12dez2023-11-a-15-capacitacao-consultec_centrer_robson-paiva-05-768x480.jpg 768w, http:\/\/www.emater.ro.gov.br\/ematerro\/wp-content\/uploads\/2023\/12\/20231213-12dez2023-11-a-15-capacitacao-consultec_centrer_robson-paiva-05.jpg 1280w\" sizes=\"(max-width: 398px) 100vw, 398px\" \/><figcaption class=\"wp-element-caption\"><em><sup>O Projeto Consultec capacita t\u00e9cnicos para atendimento especifico \u00e0 cadeia do leite<\/sup><\/em><\/figcaption><\/figure><\/div>\n\n\n<p>O projeto faz parte da diretriz agr\u00edcola do governo do estado, em harmonia com a afirma\u00e7\u00e3o do governador que tem declarado \u201c\u2026vai permitir que nossos produtores, principalmente os pequenos, tenham assist\u00eancia t\u00e9cnica e acesso \u00e0s tecnologias necess\u00e1rias e assim possam produzir mais e com qualidade\u201d, diz o governador Marcos Rocha.<\/p>\n\n\n\n<p class=\"has-text-align-left\">Rond\u00f4nia possui o terceiro maior PIB (produto interno Bruto), da regi\u00e3o norte, e o primeiro em produtos l\u00e1cteos da regi\u00e3o, ainda que mais de 90% dos produtores tenham um rebanho menor que 30 vacas. A atividade leiteira em sua totalidade est\u00e1 baseada na agricultura familiar, os produtores est\u00e3o distribu\u00eddos em diversos est\u00e1gios do desenvolvimento tecnol\u00f3gico, desde aqueles que lutam com condi\u00e7\u00f5es m\u00ednimas para a subsist\u00eancia at\u00e9 aqueles que j\u00e1 conseguiram acessar modernas tecnologias de produ\u00e7\u00e3o e gen\u00e9tica. Com todos eles a Emater-RO trabalha para oferecer novas informa\u00e7\u00f5es para o desenvolvido econ\u00f4mico das fam\u00edlias e sustentabilidade ambiental.<br><br><\/p>\n\n\n\n<p class=\"has-text-align-right\">Texto: Enoque de Oliveira<br>Fotos: Robson Paiva<\/p>\n\n\n\n<p><\/p>\n","protected":false},"excerpt":{"rendered":"<p>Encerrando o exerc\u00edcio do ano 2023 a Entidade Aut\u00e1rquica de Assist\u00eancia T\u00e9cnica e Extens\u00e3o Rural de Rond\u00f4nia (Emater-RO) est\u00e1 capacitando 80 extensionistas que atuam na assist\u00eancia a agricultores familiares, produtores [&hellip;]<\/p>\n","protected":false},"author":8,"featured_media":14530,"comment_status":"closed","ping_status":"closed","sticky":false,"template":"","format":"standard","meta":[],"categories":[10,9,12],"tags":[778,133],"_links":{"self":[{"href":"http:\/\/www.emater.ro.gov.br\/ematerro\/wp-json\/wp\/v2\/posts\/14526"}],"collection":[{"href":"http:\/\/www.emater.ro.gov.br\/ematerro\/wp-json\/wp\/v2\/posts"}],"about":[{"href":"http:\/\/www.emater.ro.gov.br\/ematerro\/wp-json\/wp\/v2\/types\/post"}],"author":[{"embeddable":true,"href":"http:\/\/www.emater.ro.gov.br\/ematerro\/wp-json\/wp\/v2\/users\/8"}],"replies":[{"embeddable":true,"href":"http:\/\/www.emater.ro.gov.br\/ematerro\/wp-json\/wp\/v2\/comments?post=14526"}],"version-history":[{"count":5,"href":"http:\/\/www.emater.ro.gov.br\/ematerro\/wp-json\/wp\/v2\/posts\/14526\/revisions"}],"predecessor-version":[{"id":14560,"href":"http:\/\/www.emater.ro.gov.br\/ematerro\/wp-json\/wp\/v2\/posts\/14526\/revisions\/14560"}],"wp:featuredmedia":[{"embeddable":true,"href":"http:\/\/www.emater.ro.gov.br\/ematerro\/wp-json\/wp\/v2\/media\/14530"}],"wp:attachment":[{"href":"http:\/\/www.emater.ro.gov.br\/ematerro\/wp-json\/wp\/v2\/media?parent=14526"}],"wp:term":[{"taxonomy":"category","embeddable":true,"href":"http:\/\/www.emater.ro.gov.br\/ematerro\/wp-json\/wp\/v2\/categories?post=14526"},{"taxonomy":"post_tag","embeddable":true,"href":"http:\/\/www.emater.ro.gov.br\/ematerro\/wp-json\/wp\/v2\/tags?post=14526"}],"curies":[{"name":"wp","href":"https:\/\/api.w.org\/{rel}","templated":true}]}}