{"id":14500,"date":"2023-12-18T07:31:00","date_gmt":"2023-12-18T11:31:00","guid":{"rendered":"http:\/\/www.emater.ro.gov.br\/ematerro\/?p=14500"},"modified":"2023-12-19T07:53:37","modified_gmt":"2023-12-19T11:53:37","slug":"acoes-da-emater-ro-em-2023-impulsionam-rondonia-no-cenario-nacional","status":"publish","type":"post","link":"http:\/\/www.emater.ro.gov.br\/ematerro\/2023\/12\/18\/acoes-da-emater-ro-em-2023-impulsionam-rondonia-no-cenario-nacional\/","title":{"rendered":"A\u00e7\u00f5es da Emater-RO em 2023 impulsionam Rond\u00f4nia no cen\u00e1rio nacional"},"content":{"rendered":"<div class=\"wp-block-image\">\n<figure class=\"aligncenter size-full\"><img decoding=\"async\" loading=\"lazy\" width=\"960\" height=\"600\" src=\"http:\/\/www.emater.ro.gov.br\/ematerro\/wp-content\/uploads\/2023\/12\/20231207-acoes-de-ater_fotos_ana-paula-rocha-1.jpg\" alt=\"\" class=\"wp-image-14503\" srcset=\"http:\/\/www.emater.ro.gov.br\/ematerro\/wp-content\/uploads\/2023\/12\/20231207-acoes-de-ater_fotos_ana-paula-rocha-1.jpg 960w, http:\/\/www.emater.ro.gov.br\/ematerro\/wp-content\/uploads\/2023\/12\/20231207-acoes-de-ater_fotos_ana-paula-rocha-1-300x188.jpg 300w, http:\/\/www.emater.ro.gov.br\/ematerro\/wp-content\/uploads\/2023\/12\/20231207-acoes-de-ater_fotos_ana-paula-rocha-1-768x480.jpg 768w\" sizes=\"(max-width: 960px) 100vw, 960px\" \/><figcaption class=\"wp-element-caption\"><em><sup>Os servi\u00e7os de assist\u00eancia t\u00e9cnica e extens\u00e3o rural tem sido fundamental para o desenvolvimento da agricultura de Rond\u00f4nia.<\/sup><\/em><\/figcaption><\/figure><\/div>\n\n\n<p>O ano de 2023 foi um ano de grandes conquistas para o estado de Rond\u00f4nia no cen\u00e1rio nacional e grande parte delas se deve \u00e0s a\u00e7\u00f5es de assist\u00eancia t\u00e9cnica e extens\u00e3o rural. As atividades voltadas para a produ\u00e7\u00e3o com excel\u00eancia e qualidade levaram produtores a conquistarem grandes t\u00edtulos, concorrendo em produ\u00e7\u00e3o e produtividade com os melhores produtores do pa\u00eds. Hoje, Rond\u00f4nia e nacionalmente reconhecida pela potencialidade agroecon\u00f4mica e desponta no cen\u00e1rio internacional com pr\u00eamios que comprovam a qualidade e excel\u00eancia de seus produtos.<\/p>\n\n\n\n<p>Os servi\u00e7os de assist\u00eancia t\u00e9cnica e extens\u00e3o rural (Ater), que este ano completa 75 anos de atividade no Brasil, tem sido fundamental para o desenvolvimento da agricultura brasileira que vem registrando um grande crescimento nas \u00faltimas d\u00e9cadas, com reflexo positivo na agricultura familiar rondoniense. Prova disso \u00e9 o forte investimento que o governo estadual vem fazendo nesse segmento por meio de a\u00e7\u00f5es que passam pelo pelo fomento da Secretaria de Estado da Agricultura, e pela assist\u00eancia t\u00e9cnica direta \u00e0 fam\u00edlia rural, prestada pela Entidade Aut\u00e1rquica de Assist\u00eancia T\u00e9cnica e Extens\u00e3o Rural (Emater-RO).<\/p>\n\n\n\n<p>A potencialidade de Rond\u00f4nia, com destaque para a produ\u00e7\u00e3o de caf\u00e9, cacau e peixe, vem trazendo visibilidade para o setor produtivo rondoniense. E \u00e9 atrav\u00e9s desse segmento, que busca levar inova\u00e7\u00e3o e sustentabilidade para o campo, que o estado vem ganhando reconhecimento e proje\u00e7\u00e3o nacional, e vendo seus produtores se destacarem entre os melhores do pa\u00eds.<\/p>\n\n\n\n<p><strong>CAF\u00c9 MATAS DE ROND\u00d4NIA<\/strong><\/p>\n\n\n<div class=\"wp-block-image\">\n<figure class=\"alignleft size-large is-resized\"><img decoding=\"async\" loading=\"lazy\" src=\"http:\/\/www.emater.ro.gov.br\/ematerro\/wp-content\/uploads\/2023\/08\/20230831-cafe_04abr2023_robson-paiva-1024x717.jpg\" alt=\"\" class=\"wp-image-13830\" width=\"439\" height=\"306\" srcset=\"http:\/\/www.emater.ro.gov.br\/ematerro\/wp-content\/uploads\/2023\/08\/20230831-cafe_04abr2023_robson-paiva-1024x717.jpg 1024w, http:\/\/www.emater.ro.gov.br\/ematerro\/wp-content\/uploads\/2023\/08\/20230831-cafe_04abr2023_robson-paiva-300x210.jpg 300w, http:\/\/www.emater.ro.gov.br\/ematerro\/wp-content\/uploads\/2023\/08\/20230831-cafe_04abr2023_robson-paiva-1536x1075.jpg 1536w, http:\/\/www.emater.ro.gov.br\/ematerro\/wp-content\/uploads\/2023\/08\/20230831-cafe_04abr2023_robson-paiva-2048x1434.jpg 2048w\" sizes=\"(max-width: 439px) 100vw, 439px\" \/><figcaption class=\"wp-element-caption\"><em><sup><strong>O caf\u00e9 foi o primeiro selo de indica\u00e7\u00e3o geogr\u00e1fica (IG)<\/strong><\/sup><\/em><\/figcaption><\/figure><\/div>\n\n\n<p>O Concurso de Qualidade e Produtividade do Caf\u00e9 (Concaf\u00e9) foi o primeiro passo para resgatar a lavoura cafeeira que vinha passando por uma baixa produtividade, e a falta de \u00e2nimo era grande entre os cafeicultores. O Concaf\u00e9 trouxe um est\u00edmulo que foi al\u00e9m das expectativas, levando produtores a conquistarem t\u00edtulos nacionais de melhor caf\u00e9 da esp\u00e9cie can\u00e9fora e revelando o forte potencial do estado para a cafeicultura.<\/p>\n\n\n\n<p>Com isso, Rond\u00f4nia que j\u00e1 vinha ganhando destaque no cen\u00e1rio nacional com o desenvolvimento do caf\u00e9 robusta amaz\u00f4nico, recebeu o primeiro selo de indica\u00e7\u00e3o geogr\u00e1fica (IG) concedido pelo Instituto Nacional de Pesquisa Industrial (INPI), \u00f3rg\u00e3o respons\u00e1vel pelo aperfei\u00e7oamento, dissemina\u00e7\u00e3o e gest\u00e3o do sistema brasileiro de concess\u00e3o e garantia de direitos de propriedade intelectual para a ind\u00fastria.<\/p>\n\n\n\n<p>O IG Matas de Rond\u00f4nia foi muito importante para que os cafeicultores rondonienses buscassem cada vez mais um caf\u00e9 de qualidade produzido com sustentabilidade e agregasse valor ao produto. Hoje, o caf\u00e9 de Rond\u00f4nia est\u00e1 em alta e sendo vendido para v\u00e1rias partes do pa\u00eds.<\/p>\n\n\n\n<p><strong>CACAU EM AM\u00caNDOAS<\/strong><\/p>\n\n\n<div class=\"wp-block-image\">\n<figure class=\"alignright size-full is-resized\"><img decoding=\"async\" loading=\"lazy\" src=\"http:\/\/www.emater.ro.gov.br\/ematerro\/wp-content\/uploads\/2023\/12\/20231207-seagri-concacau-fotos-jessica-ocampo-1.jpg\" alt=\"\" class=\"wp-image-14505\" width=\"446\" height=\"278\" srcset=\"http:\/\/www.emater.ro.gov.br\/ematerro\/wp-content\/uploads\/2023\/12\/20231207-seagri-concacau-fotos-jessica-ocampo-1.jpg 882w, http:\/\/www.emater.ro.gov.br\/ematerro\/wp-content\/uploads\/2023\/12\/20231207-seagri-concacau-fotos-jessica-ocampo-1-300x187.jpg 300w, http:\/\/www.emater.ro.gov.br\/ematerro\/wp-content\/uploads\/2023\/12\/20231207-seagri-concacau-fotos-jessica-ocampo-1-768x480.jpg 768w\" sizes=\"(max-width: 446px) 100vw, 446px\" \/><figcaption class=\"wp-element-caption\"><em><sup><strong>O cacau rondoniense est\u00e1 entre os quatro principais produtores do pa\u00eds<\/strong><\/sup><\/em><\/figcaption><\/figure><\/div>\n\n\n<p>A cacauicultura \u00e9 outra produ\u00e7\u00e3o que vem recebendo assist\u00eancia t\u00e9cnica da Emater-RO e se revelou de grande destaque no ano de 2023. S\u00f3 neste ano, o cacau de Rond\u00f4nia foi premiado nacionalmente em duas categorias: varietal e mistura.<\/p>\n\n\n\n<p>Assim como o caf\u00e9, o cacau recebeu incentivo do governo do Estado por meio do programa \u201cPlante Mais\u201d de distribui\u00e7\u00e3o de mudas de qualidade e resgatou a cultura que estava adormecida. Em pouco tempo, o cacau rondoniense retomou seu lugar ficando entre os quatro principais produtores do pa\u00eds que s\u00e3o: Par\u00e1, Bahia, Rond\u00f4nia e Esp\u00edrito Santo.<\/p>\n\n\n\n<p>Em novembro deste ano de 2023, o cacau de Rond\u00f4nia alcan\u00e7ou mais uma conquista ao receber a certifica\u00e7\u00e3o de indica\u00e7\u00e3o geogr\u00e1ficas conferido aos produtores caracter\u00edsticos do seu local de origem, com um detalhe: o registro abrange os 52 munic\u00edpios de Rond\u00f4nia elevando o estado a refer\u00eancia na cultura do cacau em am\u00eandoas.<\/p>\n\n\n\n<p><strong>TAMBAQUI VALE DO JAMARI<\/strong><\/p>\n\n\n<div class=\"wp-block-image\">\n<figure class=\"alignleft size-large is-resized\"><img decoding=\"async\" loading=\"lazy\" src=\"http:\/\/www.emater.ro.gov.br\/ematerro\/wp-content\/uploads\/2023\/03\/20230330-04abr2020-21-tambaqui-irene-mendes-1-1024x640.jpg\" alt=\"\" class=\"wp-image-12875\" width=\"448\" height=\"280\" srcset=\"http:\/\/www.emater.ro.gov.br\/ematerro\/wp-content\/uploads\/2023\/03\/20230330-04abr2020-21-tambaqui-irene-mendes-1-1024x640.jpg 1024w, http:\/\/www.emater.ro.gov.br\/ematerro\/wp-content\/uploads\/2023\/03\/20230330-04abr2020-21-tambaqui-irene-mendes-1-300x188.jpg 300w, http:\/\/www.emater.ro.gov.br\/ematerro\/wp-content\/uploads\/2023\/03\/20230330-04abr2020-21-tambaqui-irene-mendes-1-768x480.jpg 768w\" sizes=\"(max-width: 448px) 100vw, 448px\" \/><figcaption class=\"wp-element-caption\"><em><strong><sup>Rond\u00f4nia \u00e9 um dos maiores produtores de peixes nativos do Brasil<\/sup><\/strong><\/em><\/figcaption><\/figure><\/div>\n\n\n<p>A piscicultura no estado de Rond\u00f4nia ganhou for\u00e7a com a implanta\u00e7\u00e3o do programa \u201cPeixe Saud\u00e1vel\u201d, que levou incentivo \u00e0 produ\u00e7\u00e3o com atendimento particularizado ao piscicultor da agricultura familiar. A proje\u00e7\u00e3o nacional veio com o festival do tambaqui da Amaz\u00f4nia realizado em v\u00e1rias cidades brasileiras que, al\u00e9m de abrir o mercado para o peixe rondoniense, apresentou \u00e0 iguaria ao mercado internacional, inclusive levando a costelinha de tambaqui \u00e0 ser reconhecida como o melhor novo produto de <em>foodservice,<\/em> nos Estados Unidos.<\/p>\n\n\n\n<p>Rond\u00f4nia \u00e9 um dos maiores produtores de peixes nativos do Brasil que vem se expandindo nas \u00faltimas d\u00e9cadas. Criado em tanques escavados ou constru\u00eddos em c\u00f3rregos e igarap\u00e9s, o tambaqui do Vale do Jamari possui atributos similares aos existentes em ambiente natural. Com isso, em 2023 o estado se consagrou com o reconhecimento da Indica\u00e7\u00e3o Geogr\u00e1fica na categoria indica\u00e7\u00e3o de proced\u00eancia para a produ\u00e7\u00e3o de tambaqui na regi\u00e3o do Vale do Jamari.<\/p>\n\n\n\n<p><strong>ASSIST\u00caNCIA T\u00c9CNICA E EXTENS\u00c3O RURAL<\/strong><br>Al\u00e9m dessa conquistas, a Emater-RO tem voltado suas a\u00e7\u00f5es para o desenvolvimento da agricultura familiar. As a\u00e7\u00f5es de Ater prestadas a essas fam\u00edlias tem proporcionado uma evolu\u00e7\u00e3o tecnol\u00f3gica, com ferramentas mais eficientes e elevando os servi\u00e7os a um novo patamar de solu\u00e7\u00f5es digitais. \u201cToda essa estrutura\u00e7\u00e3o e apoio que o governo estadual vem dando \u00e0 Emater tem fortalecido nossas a\u00e7\u00f5es junto \u00e0s fam\u00edlias rurais e a expectativa \u00e9 que em 2024 possamos usufruir ainda mais essas conquistas estendendo-as a novas fam\u00edlias\u201d, diz o diretor presidente da Emater-RO, Luciano Brand\u00e3o.<\/p>\n\n\n\n<p>Para o governador Marcos Rocha, Rond\u00f4nia vem apresentando uma evolu\u00e7\u00e3o gradativa na produ\u00e7\u00e3o de alimentos e isso tem representado um grande avan\u00e7o tanto para a economia do estado como para a melhoria da renda familiar. \u201cEstar no cen\u00e1rio nacional mostra que Rond\u00f4nia est\u00e1 indo pelo caminho certo, e essa proje\u00e7\u00e3o tem sido um grande incentivo para os agricultores familiares e tamb\u00e9m para n\u00f3s, que acreditamos na for\u00e7a do nosso estado\u201d, disse o governador.<\/p>\n\n\n\n<p>Para 2024, a expectativa \u00e9 que os servi\u00e7os de assist\u00eancia t\u00e9cnica e extens\u00e3o rural possam levar mais tecnologia para o campo, consolidando o desenvolvimento sustent\u00e1vel da agricultura que \u00e9 o setor que mais cresce no pa\u00eds.<\/p>\n\n\n\n<p class=\"has-text-align-right\"><sup><em>Texto: Wania Ressutti<br>Jornalista \u2013 MTE-1744\/RO<br>Fotos: Ana Paula Rocha, J\u00e9ssica Ocampo, Robson Paiva, Irene Mendes<br>Rep\u00f3rter fotogr\u00e1fica \u2013 MTE-368\/RO<br>EMATER-RO<\/em><\/sup><\/p>\n","protected":false},"excerpt":{"rendered":"<p>O ano de 2023 foi um ano de grandes conquistas para o estado de Rond\u00f4nia no cen\u00e1rio nacional e grande parte delas se deve \u00e0s a\u00e7\u00f5es de assist\u00eancia t\u00e9cnica e [&hellip;]<\/p>\n","protected":false},"author":9,"featured_media":14507,"comment_status":"closed","ping_status":"closed","sticky":false,"template":"","format":"standard","meta":[],"categories":[10,9,12],"tags":[135,188,774,45,656],"_links":{"self":[{"href":"http:\/\/www.emater.ro.gov.br\/ematerro\/wp-json\/wp\/v2\/posts\/14500"}],"collection":[{"href":"http:\/\/www.emater.ro.gov.br\/ematerro\/wp-json\/wp\/v2\/posts"}],"about":[{"href":"http:\/\/www.emater.ro.gov.br\/ematerro\/wp-json\/wp\/v2\/types\/post"}],"author":[{"embeddable":true,"href":"http:\/\/www.emater.ro.gov.br\/ematerro\/wp-json\/wp\/v2\/users\/9"}],"replies":[{"embeddable":true,"href":"http:\/\/www.emater.ro.gov.br\/ematerro\/wp-json\/wp\/v2\/comments?post=14500"}],"version-history":[{"count":7,"href":"http:\/\/www.emater.ro.gov.br\/ematerro\/wp-json\/wp\/v2\/posts\/14500\/revisions"}],"predecessor-version":[{"id":14568,"href":"http:\/\/www.emater.ro.gov.br\/ematerro\/wp-json\/wp\/v2\/posts\/14500\/revisions\/14568"}],"wp:featuredmedia":[{"embeddable":true,"href":"http:\/\/www.emater.ro.gov.br\/ematerro\/wp-json\/wp\/v2\/media\/14507"}],"wp:attachment":[{"href":"http:\/\/www.emater.ro.gov.br\/ematerro\/wp-json\/wp\/v2\/media?parent=14500"}],"wp:term":[{"taxonomy":"category","embeddable":true,"href":"http:\/\/www.emater.ro.gov.br\/ematerro\/wp-json\/wp\/v2\/categories?post=14500"},{"taxonomy":"post_tag","embeddable":true,"href":"http:\/\/www.emater.ro.gov.br\/ematerro\/wp-json\/wp\/v2\/tags?post=14500"}],"curies":[{"name":"wp","href":"https:\/\/api.w.org\/{rel}","templated":true}]}}