{"id":14410,"date":"2023-11-27T12:13:29","date_gmt":"2023-11-27T16:13:29","guid":{"rendered":"http:\/\/www.emater.ro.gov.br\/ematerro\/?p=14410"},"modified":"2023-11-27T12:13:29","modified_gmt":"2023-11-27T16:13:29","slug":"livro-conta-a-historia-dos-75-anos-de-extensao-rural-no-brasil","status":"publish","type":"post","link":"http:\/\/www.emater.ro.gov.br\/ematerro\/2023\/11\/27\/livro-conta-a-historia-dos-75-anos-de-extensao-rural-no-brasil\/","title":{"rendered":"Livro conta a hist\u00f3ria dos 75 anos de extens\u00e3o rural no Brasil"},"content":{"rendered":"\n<figure class=\"wp-block-image size-large\"><img decoding=\"async\" loading=\"lazy\" width=\"1024\" height=\"666\" src=\"http:\/\/www.emater.ro.gov.br\/ematerro\/wp-content\/uploads\/2023\/11\/20231127-11nov2023-27-lancamento-livro-75-anos-robson-paiva-23-1024x666.jpg\" alt=\"\" class=\"wp-image-14411\" srcset=\"http:\/\/www.emater.ro.gov.br\/ematerro\/wp-content\/uploads\/2023\/11\/20231127-11nov2023-27-lancamento-livro-75-anos-robson-paiva-23-1024x666.jpg 1024w, http:\/\/www.emater.ro.gov.br\/ematerro\/wp-content\/uploads\/2023\/11\/20231127-11nov2023-27-lancamento-livro-75-anos-robson-paiva-23-300x195.jpg 300w, http:\/\/www.emater.ro.gov.br\/ematerro\/wp-content\/uploads\/2023\/11\/20231127-11nov2023-27-lancamento-livro-75-anos-robson-paiva-23-768x499.jpg 768w, http:\/\/www.emater.ro.gov.br\/ematerro\/wp-content\/uploads\/2023\/11\/20231127-11nov2023-27-lancamento-livro-75-anos-robson-paiva-23-1536x998.jpg 1536w, http:\/\/www.emater.ro.gov.br\/ematerro\/wp-content\/uploads\/2023\/11\/20231127-11nov2023-27-lancamento-livro-75-anos-robson-paiva-23.jpg 1600w\" sizes=\"(max-width: 1024px) 100vw, 1024px\" \/><figcaption class=\"wp-element-caption\"><em><strong><sup>A obra \u00e9 essencial para se compreender a grandeza da extens\u00e3o rural para o desenvolvimento do pa\u00eds.<\/sup><\/strong><\/em><\/figcaption><\/figure>\n\n\n\n<p>Lan\u00e7ado na sede da Entidade Aut\u00e1rquica de Assist\u00eancia T\u00e9cnica e Extens\u00e3o Rural (Emater-RO), em Porto Velho, nesta segunda-feira (27), o livro \u201cExtens\u00e3o Rural no Brasil \u2013 1948-2023: um olhar na hist\u00f3ria\u201d, organizado pelo extensionista militante Marcos In\u00e1cio Fernandes, traz a trajet\u00f3ria de 75 anos dos servi\u00e7os de extens\u00e3o rural em solo brasileiro. O livro foi produzido pela Academia Brasileira de Extens\u00e3o Rural (Aber) com apoio da Associa\u00e7\u00e3o Brasileira das Entidade de Assist\u00eancia T\u00e9cnica e Extens\u00e3o Rural, Pesquisa Agropecu\u00e1ria e Regulariza\u00e7\u00e3o Fundi\u00e1ria (Asbraer) no intuito de fortalecer e preservar os princ\u00edpios e valores da extens\u00e3o rural, por meio de reflex\u00f5es dos extensionistas brasileiros que contribu\u00edram para a implanta\u00e7\u00e3o do servi\u00e7o no pa\u00eds.<\/p>\n\n\n\n<p>A Academia Brasileira de Extens\u00e3o Rural foi fundada em 2006, pela Asbraer, com o objetivo de construir e socializar a hist\u00f3ria da extens\u00e3o, preservando as experi\u00eancias j\u00e1 vividas, resgatando a mem\u00f3ria e criando um acervo de prospec\u00e7\u00e3o de futuro. \u201cO objetivo \u00e9 promover a import\u00e2ncia da extens\u00e3o rural no pa\u00eds\u201d, explica o extensionista rural Jos\u00e9 Tarc\u00edsio Batista Mendes, que j\u00e1 foi secret\u00e1rio executivo da Emater-RO, secret\u00e1rio de Estado da Agricultura de Rond\u00f4nia e hoje \u00e9 um acad\u00eamico da Aber.<\/p>\n\n\n\n<p>O organizador do livro, professor Marcos In\u00e1cio Fernandes, trabalhou por 28 anos nos servi\u00e7os de assist\u00eancia t\u00e9cnica e extens\u00e3o rural, tendo iniciado sua trajet\u00f3ria no estado do Acre, onde ocupou o cargo de Secret\u00e1rio de Estado da Extens\u00e3o Agroflorestal, acumulando a presid\u00eancia da Emater-AC. Para ele, o livro traz uma experi\u00eancia rica, capaz de contribuir para uma nova vis\u00e3o na extens\u00e3o rural e, parafraseando Jos\u00e9 Ortega y Gasset, diz que, \u201co passado n\u00e3o nos dir\u00e1 o que devemos fazer, mas o que devemos evitar.\u201d.<\/p>\n\n\n<div class=\"wp-block-image\">\n<figure class=\"alignleft size-large is-resized\"><img decoding=\"async\" loading=\"lazy\" src=\"http:\/\/www.emater.ro.gov.br\/ematerro\/wp-content\/uploads\/2023\/11\/20231127-11nov2023-27-lancamento-livro-75-anos-robson-paiva-50-1024x666.jpg\" alt=\"\" class=\"wp-image-14412\" width=\"418\" height=\"271\" srcset=\"http:\/\/www.emater.ro.gov.br\/ematerro\/wp-content\/uploads\/2023\/11\/20231127-11nov2023-27-lancamento-livro-75-anos-robson-paiva-50-1024x666.jpg 1024w, http:\/\/www.emater.ro.gov.br\/ematerro\/wp-content\/uploads\/2023\/11\/20231127-11nov2023-27-lancamento-livro-75-anos-robson-paiva-50-300x195.jpg 300w, http:\/\/www.emater.ro.gov.br\/ematerro\/wp-content\/uploads\/2023\/11\/20231127-11nov2023-27-lancamento-livro-75-anos-robson-paiva-50-768x499.jpg 768w, http:\/\/www.emater.ro.gov.br\/ematerro\/wp-content\/uploads\/2023\/11\/20231127-11nov2023-27-lancamento-livro-75-anos-robson-paiva-50-1536x998.jpg 1536w, http:\/\/www.emater.ro.gov.br\/ematerro\/wp-content\/uploads\/2023\/11\/20231127-11nov2023-27-lancamento-livro-75-anos-robson-paiva-50.jpg 1600w\" sizes=\"(max-width: 418px) 100vw, 418px\" \/><figcaption class=\"wp-element-caption\"><em><strong><sup>O livro reuniu personagens que marcaram hist\u00f3ria da extens\u00e3o rural no Brasil.<\/sup><\/strong><\/em><\/figcaption><\/figure><\/div>\n\n\n<p>O livro \u201cExtens\u00e3o rural no Brasil: um olhar na hist\u00f3ria\u201d reuniu personagens que, ao longo desses 75 anos, marcaram hist\u00f3ria na constru\u00e7\u00e3o e no desenvolvimento do pa\u00eds. \u201cS\u00e3o reflex\u00f5es que remetem \u00e0 uma trajet\u00f3ria repleta de desafios, conquistas e transforma\u00e7\u00f5es escritas por especialistas e estudiosos dedicados, todos com larga experi\u00eancia\u201d, ressalta o ex-presidente da Asbraer, Argileu Martins da Silva, no pref\u00e1cio que escreveu para o livro.<\/p>\n\n\n\n<p>O atual vice-presidente nacional de assist\u00eancia t\u00e9cnica, extens\u00e3o rural e regulariza\u00e7\u00e3o fundi\u00e1ria da Asbraer, Luciano Brand\u00e3o, que tamb\u00e9m \u00e9 diretor-presidente da Emater em Rond\u00f4nia, diz que a obra \u00e9 essencial para que novos extensionistas, estudiosos e profissionais possam compreender a grandeza do que foi e ainda \u00e9 a extens\u00e3o rural para o desenvolvimento da agricultura no pa\u00eds. \u201cA extens\u00e3o rural completa 75 anos no Brasil e n\u00f3s, em Rond\u00f4nia, j\u00e1 temos uma trajet\u00f3ria marcada por 52 anos de servi\u00e7os no estado, temos muita hist\u00f3ria que tamb\u00e9m merece ser contada\u201d, diz Brand\u00e3o.<\/p>\n\n\n\n<p>Para o governador Marcos Rocha, os servi\u00e7os de extens\u00e3o rural no estado t\u00eam sido muito import\u00e2ncia para o fortalecimento da agricultura familiar. \u201cA hist\u00f3ria da Emater em Rond\u00f4nia traz o reflexo da experi\u00eancia dos servi\u00e7os de extens\u00e3o rural que fizeram a agricultura crescer no pa\u00eds e com certeza, a experi\u00eancia narrada servir\u00e1 de fonte de inspira\u00e7\u00e3o e conhecimento para as novas gera\u00e7\u00f5es\u201d, disse o governador.<\/p>\n\n\n\n<p class=\"has-text-align-right\"><em>Texto: Wania Ressutti<br>Jornalista \u2013 MTE-1744\/RO<br>Fotos: Robson Paiva<br>Rep\u00f3rter fotogr\u00e1fico \u2013 MTE-1337\/RO<br>EMATER-RO<\/em><\/p>\n","protected":false},"excerpt":{"rendered":"<p>Lan\u00e7ado na sede da Entidade Aut\u00e1rquica de Assist\u00eancia T\u00e9cnica e Extens\u00e3o Rural (Emater-RO), em Porto Velho, nesta segunda-feira (27), o livro \u201cExtens\u00e3o Rural no Brasil \u2013 1948-2023: um olhar na [&hellip;]<\/p>\n","protected":false},"author":9,"featured_media":14414,"comment_status":"closed","ping_status":"closed","sticky":false,"template":"","format":"standard","meta":[],"categories":[10,9,12],"tags":[28,135,192,45],"_links":{"self":[{"href":"http:\/\/www.emater.ro.gov.br\/ematerro\/wp-json\/wp\/v2\/posts\/14410"}],"collection":[{"href":"http:\/\/www.emater.ro.gov.br\/ematerro\/wp-json\/wp\/v2\/posts"}],"about":[{"href":"http:\/\/www.emater.ro.gov.br\/ematerro\/wp-json\/wp\/v2\/types\/post"}],"author":[{"embeddable":true,"href":"http:\/\/www.emater.ro.gov.br\/ematerro\/wp-json\/wp\/v2\/users\/9"}],"replies":[{"embeddable":true,"href":"http:\/\/www.emater.ro.gov.br\/ematerro\/wp-json\/wp\/v2\/comments?post=14410"}],"version-history":[{"count":1,"href":"http:\/\/www.emater.ro.gov.br\/ematerro\/wp-json\/wp\/v2\/posts\/14410\/revisions"}],"predecessor-version":[{"id":14413,"href":"http:\/\/www.emater.ro.gov.br\/ematerro\/wp-json\/wp\/v2\/posts\/14410\/revisions\/14413"}],"wp:featuredmedia":[{"embeddable":true,"href":"http:\/\/www.emater.ro.gov.br\/ematerro\/wp-json\/wp\/v2\/media\/14414"}],"wp:attachment":[{"href":"http:\/\/www.emater.ro.gov.br\/ematerro\/wp-json\/wp\/v2\/media?parent=14410"}],"wp:term":[{"taxonomy":"category","embeddable":true,"href":"http:\/\/www.emater.ro.gov.br\/ematerro\/wp-json\/wp\/v2\/categories?post=14410"},{"taxonomy":"post_tag","embeddable":true,"href":"http:\/\/www.emater.ro.gov.br\/ematerro\/wp-json\/wp\/v2\/tags?post=14410"}],"curies":[{"name":"wp","href":"https:\/\/api.w.org\/{rel}","templated":true}]}}